{"id":19747,"date":"2025-09-05T10:19:17","date_gmt":"2025-09-05T14:19:17","guid":{"rendered":"https:\/\/agromt.news\/?p=19747"},"modified":"2025-09-05T10:19:17","modified_gmt":"2025-09-05T14:19:17","slug":"uniao-europeia-reconhece-o-brasil-como-pais-livre-da-gripe-aviaria","status":"publish","type":"post","link":"https:\/\/agromt.news\/?p=19747","title":{"rendered":"Uni\u00e3o Europeia reconhece o Brasil como pa\u00eds livre da gripe avi\u00e1ria"},"content":{"rendered":"<p> <br \/>\n<br \/><img decoding=\"async\" src=\"https:\/\/agromt.news\/wp-content\/uploads\/2025\/09\/Uniao-Europeia-reconhece-o-Brasil-como-pais-livre-da-gripe.jpg\" \/><\/p>\n<div>\n<p>A Uni\u00e3o Europeia ( UE) reconheceu o<a href=\"https:\/\/www.canalrural.com.br\/aves-e-suinos\/brasil-se-declara-livre-de-gripe-aviaria-e-espera-acelerar-retomada-das-exportacoes\/\"> Brasil como pa\u00eds livre da gripe avi\u00e1ria<\/a>. Durante reuni\u00e3o entre o ministro da Agricultura e Pecu\u00e1ria, Carlos F\u00e1varo, o ministro da Pesca e Aquicultura, Andr\u00e9 de Paula e o comiss\u00e1rio de Sa\u00fade e Bem-Estar Animal da Uni\u00e3o Europeia (UE), Oliv\u00e9r V\u00e1rhelyi, por videoconfer\u00eancia, foi comunicado oficialmente a decis\u00e3o do bloco europeu Esse reconhecimento viabiliza a retomada das exporta\u00e7\u00f5es de carne de frango aos pa\u00edses membros da UE.<\/p>\n<p>F\u00e1varo lembrou que, em julho, j\u00e1 havia se reunido com V\u00e1rhelyi para tratar da suspens\u00e3o das restri\u00e7\u00f5es impostas ap\u00f3s a confirma\u00e7\u00e3o de um foco de Influenza Avi\u00e1ria de Alta Patogenicidade (IAAP) em uma granja comercial brasileira em maio. <\/p>\n<p>\u201cFaz aproximadamente 60 dias que estivemos reunidos para discutir o reconhecimento pela Uni\u00e3o Europeia do status do Brasil como livre de gripe avi\u00e1ria. \u00c9 importante destacar que, em abril de 2024, uma auditoria da Dire\u00e7\u00e3o-Geral de Sa\u00fade e Seguran\u00e7a Alimentar da UE concluiu que o sistema sanit\u00e1rio brasileiro \u00e9 robusto e transparente\u201d, ressaltou.<\/p>\n<p>O comiss\u00e1rio europeu explicou que, com base nas informa\u00e7\u00f5es adicionais enviadas pelo Minist\u00e9rio da Agricultura e Pecu\u00e1ria (Mapa) ap\u00f3s o encontro de julho, foi poss\u00edvel confirmar a seguran\u00e7a sanit\u00e1ria do pa\u00eds. <\/p>\n<\/div>\n<div>\n<p>\u201cMinistro F\u00e1varo, tenho boas not\u00edcias: nossa avalia\u00e7\u00e3o \u00e9 de que os dados fornecidos pelo seu minist\u00e9rio s\u00e3o suficientes para reconhecer que o Brasil est\u00e1 livre da influenza avi\u00e1ria. Na pr\u00e1tica, isso significa que avan\u00e7aremos junto aos Estados-membros para propor o levantamento gradual das proibi\u00e7\u00f5es e restri\u00e7\u00f5es \u00e0s exporta\u00e7\u00f5es brasileiras, restabelecendo progressivamente todas as \u00e1reas previamente habilitadas\u201d, afirmou V\u00e1rhelyi.<\/p>\n<p>Ap\u00f3s o an\u00fancio, F\u00e1varo refor\u00e7ou a necessidade de avan\u00e7ar em novas etapas para ampliar o com\u00e9rcio. Ele solicitou a retomada do pre-listing, mecanismo que dispensa auditorias adicionais para que empresas brasileiras possam exportar \u00e0 UE, e tamb\u00e9m o fim do controle refor\u00e7ado, regime europeu que imp\u00f5e inspe\u00e7\u00f5es e verifica\u00e7\u00f5es sanit\u00e1rias mais rigorosas a produtos agropecu\u00e1rios importados. <\/p>\n<p>\u201cAgora que o status sanit\u00e1rio foi reconhecido, o pr\u00f3ximo passo \u00e9 a retomada do pre-listing e a retirada do controle refor\u00e7ado aplicado pela Uni\u00e3o Europeia aos produtos brasileiros. Essas medidas tornar\u00e3o o com\u00e9rcio mais \u00e1gil e eficiente\u201d, afirmou.<\/p>\n<p>O comiss\u00e1rio europeu garantiu que a quest\u00e3o ser\u00e1 tratada com prioridade. \u201cDo nosso lado, vamos agir o mais r\u00e1pido poss\u00edvel. Espero que, dentro de algumas semanas, possamos apresentar o resultado da vota\u00e7\u00e3o. Confio que os Estados-membros sejam favor\u00e1veis, j\u00e1 que o Brasil cumpriu todas as exig\u00eancias\u201d, disse.<\/p>\n<p>Na pauta da reuni\u00e3o, o ministro da Pesca e Aquicultura, Andr\u00e9 de Paula, tamb\u00e9m solicitou ao comiss\u00e1rio o envio de uma auditoria da Uni\u00e3o Europeia para vistoriar plantas frigor\u00edficas de pescado no Brasil, com o objetivo de viabilizar a retomada das exporta\u00e7\u00f5es do setor ao mercado europeu.<\/p>\n<\/p><\/div>\n<p><br \/>\n<br \/><a href=\"https:\/\/www.canalrural.com.br\/aves-e-suinos\/uniao-europeia-reconheceu-o-brasil-como-pais-livre-da-gripe-aviaria\/\">Source link <\/a><\/p>\n","protected":false},"excerpt":{"rendered":"<p>A Uni\u00e3o Europeia ( UE) reconheceu o Brasil como pa\u00eds livre da gripe avi\u00e1ria. Durante reuni\u00e3o entre o ministro da<\/p>\n","protected":false},"author":1,"featured_media":19748,"comment_status":"open","ping_status":"open","sticky":false,"template":"","format":"standard","meta":{"_monsterinsights_skip_tracking":false,"_monsterinsights_sitenote_active":false,"_monsterinsights_sitenote_note":"","_monsterinsights_sitenote_category":0,"_uf_show_specific_survey":0,"_uf_disable_surveys":false,"footnotes":""},"categories":[1],"tags":[],"class_list":["post-19747","post","type-post","status-publish","format-standard","has-post-thumbnail","hentry","category-news"],"_links":{"self":[{"href":"https:\/\/agromt.news\/index.php?rest_route=\/wp\/v2\/posts\/19747"}],"collection":[{"href":"https:\/\/agromt.news\/index.php?rest_route=\/wp\/v2\/posts"}],"about":[{"href":"https:\/\/agromt.news\/index.php?rest_route=\/wp\/v2\/types\/post"}],"author":[{"embeddable":true,"href":"https:\/\/agromt.news\/index.php?rest_route=\/wp\/v2\/users\/1"}],"replies":[{"embeddable":true,"href":"https:\/\/agromt.news\/index.php?rest_route=%2Fwp%2Fv2%2Fcomments&post=19747"}],"version-history":[{"count":0,"href":"https:\/\/agromt.news\/index.php?rest_route=\/wp\/v2\/posts\/19747\/revisions"}],"wp:featuredmedia":[{"embeddable":true,"href":"https:\/\/agromt.news\/index.php?rest_route=\/wp\/v2\/media\/19748"}],"wp:attachment":[{"href":"https:\/\/agromt.news\/index.php?rest_route=%2Fwp%2Fv2%2Fmedia&parent=19747"}],"wp:term":[{"taxonomy":"category","embeddable":true,"href":"https:\/\/agromt.news\/index.php?rest_route=%2Fwp%2Fv2%2Fcategories&post=19747"},{"taxonomy":"post_tag","embeddable":true,"href":"https:\/\/agromt.news\/index.php?rest_route=%2Fwp%2Fv2%2Ftags&post=19747"}],"curies":[{"name":"wp","href":"https:\/\/api.w.org\/{rel}","templated":true}]}}