{"id":19745,"date":"2025-09-05T10:05:35","date_gmt":"2025-09-05T14:05:35","guid":{"rendered":"https:\/\/agromt.news\/?p=19745"},"modified":"2025-09-05T10:05:35","modified_gmt":"2025-09-05T14:05:35","slug":"banho-de-leite-competicao-leiteira-da-expointer-registra-recorde","status":"publish","type":"post","link":"https:\/\/agromt.news\/?p=19745","title":{"rendered":"Banho de leite: competi\u00e7\u00e3o leiteira da Expointer registra recorde"},"content":{"rendered":"<p> <br \/>\n<br \/><img decoding=\"async\" src=\"https:\/\/agromt.news\/wp-content\/uploads\/2025\/09\/Banho-de-leite-competicao-leiteira-da-Expointer-registra-recorde.jpg\" \/><\/p>\n<div>\n<p>A <strong>competi\u00e7\u00e3o leiteira da Expointer<\/strong> \u00e9 um dos pontos altos da feira em Esteio, reunindo criadores e valorizando a produ\u00e7\u00e3o da ra\u00e7a Holandesa. Nesta ter\u00e7a-feira (2\/9), o tradicional banho de leite surpreendeu o p\u00fablico ao revelar um novo recorde na pecu\u00e1ria leiteira ga\u00facha.<\/p>\n<p>A vaca <strong>Cotrib\u00e1 Griebeler 143 Imperial<\/strong>, de <strong>Gediel Griebeler<\/strong>, da Fazenda Griebeler, em Montenegro (RS), alcan\u00e7ou <strong>96,46 quilos de leite<\/strong> e conquistou o t\u00edtulo na categoria jovem. O feito supera a marca da vaca Festleite Ferraboli, registrada na Fenasul 2023, que havia produzido 87 quilos.<\/p>\n<p>\u201c\u00c9 resultado de muito trabalho. A felicidade \u00e9 enorme e nos incentiva a seguir na atividade\u201d, disse o criador.<\/p>\n<h2 class=\"wp-block-heading\" id=\"h-forca-tambem-entre-as-adultas\"><strong>For\u00e7a tamb\u00e9m entre as adultas<\/strong><\/h2>\n<p>Na categoria adulta, a vit\u00f3ria foi de <strong>STA Clara FF Mior Cileidi 1022 DOC TE<\/strong>, de <strong>Felipe Mior<\/strong>, da Fazenda Mior, em Serafina Corr\u00eaa (RS), que produziu <strong>94,79 quilos de leite<\/strong>. O nutricionista <strong>Fernando Mocellin<\/strong> destacou que gen\u00e9tica e manejo s\u00e3o diferenciais para alcan\u00e7ar esse desempenho.<\/p>\n<\/div>\n<div>\n<p>Para o presidente da Gadolando, <strong>Marcos Tang<\/strong>, a competi\u00e7\u00e3o vai al\u00e9m da produtividade. \u201cAs vacas s\u00e3o ordenhadas diante de grande p\u00fablico, o que exige temperamento d\u00f3cil. Esse resultado \u00e9 fruto de anos de trabalho e dedica\u00e7\u00e3o de criadores e associa\u00e7\u00f5es\u201d, afirma ele.<\/p>\n<h2 class=\"wp-block-heading\" id=\"h-solidariedade-e-futuro-da-pecuaria-leiteira\"><strong>Solidariedade e futuro da pecu\u00e1ria leiteira<\/strong><\/h2>\n<p>Ao todo, participaram <strong>12 vacas adultas e 9 jovens<\/strong>, em cinco ordenhas consecutivas realizadas em um \u00fanico dia.<\/p>\n<p>Al\u00e9m de celebrar a produtividade, o evento teve car\u00e1ter solid\u00e1rio: <strong>mil litros de leite foram doados<\/strong> a entidades assistenciais de Esteio. No encerramento, foi anunciada oficialmente a <strong>Fenasul Expoleite 2026<\/strong>, j\u00e1 confirmada no calend\u00e1rio da pecu\u00e1ria leiteira.<\/p>\n<\/p><\/div>\n<p><br \/>\n<br \/><a href=\"https:\/\/www.canalrural.com.br\/pecuaria\/banho-de-leite-competicao-leiteira-da-expointer-registra-recorde\/\">Source link <\/a><\/p>\n","protected":false},"excerpt":{"rendered":"<p>A competi\u00e7\u00e3o leiteira da Expointer \u00e9 um dos pontos altos da feira em Esteio, reunindo criadores e valorizando a produ\u00e7\u00e3o<\/p>\n","protected":false},"author":1,"featured_media":19746,"comment_status":"open","ping_status":"open","sticky":false,"template":"","format":"standard","meta":{"_monsterinsights_skip_tracking":false,"_monsterinsights_sitenote_active":false,"_monsterinsights_sitenote_note":"","_monsterinsights_sitenote_category":0,"_uf_show_specific_survey":0,"_uf_disable_surveys":false,"footnotes":""},"categories":[1],"tags":[],"class_list":["post-19745","post","type-post","status-publish","format-standard","has-post-thumbnail","hentry","category-news"],"_links":{"self":[{"href":"https:\/\/agromt.news\/index.php?rest_route=\/wp\/v2\/posts\/19745"}],"collection":[{"href":"https:\/\/agromt.news\/index.php?rest_route=\/wp\/v2\/posts"}],"about":[{"href":"https:\/\/agromt.news\/index.php?rest_route=\/wp\/v2\/types\/post"}],"author":[{"embeddable":true,"href":"https:\/\/agromt.news\/index.php?rest_route=\/wp\/v2\/users\/1"}],"replies":[{"embeddable":true,"href":"https:\/\/agromt.news\/index.php?rest_route=%2Fwp%2Fv2%2Fcomments&post=19745"}],"version-history":[{"count":0,"href":"https:\/\/agromt.news\/index.php?rest_route=\/wp\/v2\/posts\/19745\/revisions"}],"wp:featuredmedia":[{"embeddable":true,"href":"https:\/\/agromt.news\/index.php?rest_route=\/wp\/v2\/media\/19746"}],"wp:attachment":[{"href":"https:\/\/agromt.news\/index.php?rest_route=%2Fwp%2Fv2%2Fmedia&parent=19745"}],"wp:term":[{"taxonomy":"category","embeddable":true,"href":"https:\/\/agromt.news\/index.php?rest_route=%2Fwp%2Fv2%2Fcategories&post=19745"},{"taxonomy":"post_tag","embeddable":true,"href":"https:\/\/agromt.news\/index.php?rest_route=%2Fwp%2Fv2%2Ftags&post=19745"}],"curies":[{"name":"wp","href":"https:\/\/api.w.org\/{rel}","templated":true}]}}