{"id":19744,"date":"2025-09-05T09:36:37","date_gmt":"2025-09-05T13:36:37","guid":{"rendered":"https:\/\/agromt.news\/?p=19744"},"modified":"2025-09-05T09:36:37","modified_gmt":"2025-09-05T13:36:37","slug":"superavit-de-us-61-bi-na-balanca-comercial-mostra-forca-do-agro","status":"publish","type":"post","link":"https:\/\/agromt.news\/?p=19744","title":{"rendered":"Super\u00e1vit de US$ 6,1 bi na balan\u00e7a comercial mostra for\u00e7a do agro"},"content":{"rendered":"<p> <br \/>\n<\/p>\n<div>\n<p>O Brasil encerrou agosto com um super\u00e1vit comercial de\u00a0US$ 6,133 bilh\u00f5es, avan\u00e7o de\u00a035,8% em rela\u00e7\u00e3o ao mesmo m\u00eas de 2024. O resultado foi impulsionado pelo agroneg\u00f3cio e pela ind\u00fastria extrativa, que compensaram a forte queda nas vendas para os Estados Unidos, agora submetidas ao tarifa\u00e7o de 50% imposto pelo governo Donald Trump.<\/p>\n<p>As exporta\u00e7\u00f5es totais somaram\u00a0US$ 29,8 bilh\u00f5es, com alta de 3,9% frente a agosto do ano passado. A agropecu\u00e1ria contribuiu com\u00a0US$ 6,6 bilh\u00f5es\u00a0(+8,3%), enquanto a ind\u00fastria extrativa alcan\u00e7ou\u00a0US$ 7,2 bilh\u00f5es\u00a0(+11,3%). J\u00e1 a ind\u00fastria de transforma\u00e7\u00e3o mostrou leve retra\u00e7\u00e3o de 0,9%. As importa\u00e7\u00f5es, por sua vez, ca\u00edram 2%, para\u00a0US$ 23,7 bilh\u00f5es, aliviando a balan\u00e7a.<\/p>\n<p>O dado que chama mais aten\u00e7\u00e3o, por\u00e9m, \u00e9 a queda de\u00a018,5% nas exporta\u00e7\u00f5es para os EUA, que somaram apenas\u00a0US$ 2,76 bilh\u00f5es, gerando um d\u00e9ficit bilateral de\u00a0US$ 1,23 bilh\u00e3o\u00a0no m\u00eas. Entre os produtos mais afetados est\u00e3o min\u00e9rio de ferro, a\u00e7\u00facar (-88%) e aeronaves (-84,9%).<\/p>\n<p>Se por um lado a perda de mercado nos EUA preocupa, por outro, a China se consolidou como principal destino dos embarques brasileiros. Em agosto, as vendas para o pa\u00eds asi\u00e1tico avan\u00e7aram quase 30%, com destaque para soja, milho, carnes e ouro, garantindo super\u00e1vit de\u00a0US$ 4,06 bilh\u00f5es. A Argentina tamb\u00e9m apresentou recupera\u00e7\u00e3o, com aumento de 40,4% nas exporta\u00e7\u00f5es brasileiras.<\/p>\n<p>No acumulado de janeiro a agosto, o Brasil registra super\u00e1vit de\u00a0US$ 42,8 bilh\u00f5es, com corrente de com\u00e9rcio de\u00a0US$ 412,3 bilh\u00f5es. O desempenho refor\u00e7a a resili\u00eancia do com\u00e9rcio exterior brasileiro, mas deixa claro que a depend\u00eancia de poucos mercados \u2014 e a fragilidade da rela\u00e7\u00e3o com os EUA \u2014 pode se tornar um ponto cr\u00edtico em meio \u00e0 instabilidade pol\u00edtica e econ\u00f4mica global.<\/p>\n<\/div>\n<div>\n<p>O resultado de agosto mostra, mais uma vez, a for\u00e7a do agroneg\u00f3cio e da ind\u00fastria extrativa como pilares da economia brasileira. No entanto, tamb\u00e9m evidencia nossa vulnerabilidade diante de decis\u00f5es pol\u00edticas externas, como o tarifa\u00e7o imposto pelos Estados Unidos.<\/p>\n<p>Na minha vis\u00e3o, esse epis\u00f3dio precisa ser entendido como um\u00a0alerta estrat\u00e9gico. O Brasil n\u00e3o pode depender da boa vontade de Washington, nem aceitar passivamente que sua competitividade seja atacada por medidas arbitr\u00e1rias. A rea\u00e7\u00e3o deve vir em duas frentes:<\/p>\n<ol class=\"wp-block-list\">\n<li><strong>Diversifica\u00e7\u00e3o de mercados<\/strong>, aprofundando la\u00e7os com a \u00c1sia, Am\u00e9rica Latina e Uni\u00e3o Europeia.<\/li>\n<li><strong>Agrega\u00e7\u00e3o de valor \u00e0s exporta\u00e7\u00f5es<\/strong>, reduzindo a depend\u00eancia da venda de commodities brutas e ampliando a inser\u00e7\u00e3o internacional com produtos processados, de maior valor agregado.<\/li>\n<\/ol>\n<p>O super\u00e1vit de US$ 6,1 bilh\u00f5es em agosto \u00e9, sem d\u00favida, uma vit\u00f3ria conjuntural. Mas se n\u00e3o transformarmos esse resultado em\u00a0estrat\u00e9gia estrutural, continuaremos sujeitos a choques externos. O agro mostrou sua resili\u00eancia, mas o futuro exige mais do que resist\u00eancia: exige\u00a0vis\u00e3o de longo prazo, coragem pol\u00edtica e protagonismo nas negocia\u00e7\u00f5es internacionais.<\/p>\n<div class=\"wp-block-media-text is-stacked-on-mobile\">\n<figure class=\"wp-block-media-text__media\"><img fetchpriority=\"high\" decoding=\"async\" width=\"683\" height=\"1024\" alt=\"Miguel Daoud\" class=\"wp-image-4095706 size-full\"  data-lazy- src=\"https:\/\/agromt.news\/wp-content\/uploads\/2025\/04\/Como-guerras-e-crises-moldaram-o-preco-das-commodities-nos.jpg\"\/><img decoding=\"async\" width=\"683\" height=\"1024\" src=\"https:\/\/agromt.news\/wp-content\/uploads\/2025\/04\/Como-guerras-e-crises-moldaram-o-preco-das-commodities-nos.jpg\" alt=\"Miguel Daoud\" class=\"wp-image-4095706 size-full\"  \/><\/figure>\n<div class=\"wp-block-media-text__content\">\n<p class=\"has-text-align-center\">*<em><strong>Miguel Daoud<\/strong>\u00a0\u00e9 comentarista de Economia e Pol\u00edtica\u00a0do Canal Rural<\/em><\/p>\n<\/div>\n<\/div>\n<hr class=\"wp-block-separator has-alpha-channel-opacity\"\/>\n<p><em>O\u00a0<strong>Canal Rural<\/strong>\u00a0n\u00e3o se responsabiliza pelas opini\u00f5es e conceitos emitidos nos textos desta sess\u00e3o, sendo os conte\u00fados de inteira responsabilidade de seus autores. A empresa se reserva o direito de fazer ajustes no texto para adequa\u00e7\u00e3o \u00e0s normas de publica\u00e7\u00e3o.<\/em><\/p>\n<\/p><\/div>\n<p><br \/>\n<br \/><a href=\"https:\/\/www.canalrural.com.br\/opiniao-noticias\/superavit-de-us-61-bi-na-balanca-comercial-mostra-forca-do-agro\/\">Source link <\/a><\/p>\n","protected":false},"excerpt":{"rendered":"<p>O Brasil encerrou agosto com um super\u00e1vit comercial de\u00a0US$ 6,133 bilh\u00f5es, avan\u00e7o de\u00a035,8% em rela\u00e7\u00e3o ao mesmo m\u00eas de 2024.<\/p>\n","protected":false},"author":1,"featured_media":17153,"comment_status":"open","ping_status":"open","sticky":false,"template":"","format":"standard","meta":{"_monsterinsights_skip_tracking":false,"_monsterinsights_sitenote_active":false,"_monsterinsights_sitenote_note":"","_monsterinsights_sitenote_category":0,"_uf_show_specific_survey":0,"_uf_disable_surveys":false,"footnotes":""},"categories":[1],"tags":[],"class_list":["post-19744","post","type-post","status-publish","format-standard","has-post-thumbnail","hentry","category-news"],"_links":{"self":[{"href":"https:\/\/agromt.news\/index.php?rest_route=\/wp\/v2\/posts\/19744"}],"collection":[{"href":"https:\/\/agromt.news\/index.php?rest_route=\/wp\/v2\/posts"}],"about":[{"href":"https:\/\/agromt.news\/index.php?rest_route=\/wp\/v2\/types\/post"}],"author":[{"embeddable":true,"href":"https:\/\/agromt.news\/index.php?rest_route=\/wp\/v2\/users\/1"}],"replies":[{"embeddable":true,"href":"https:\/\/agromt.news\/index.php?rest_route=%2Fwp%2Fv2%2Fcomments&post=19744"}],"version-history":[{"count":0,"href":"https:\/\/agromt.news\/index.php?rest_route=\/wp\/v2\/posts\/19744\/revisions"}],"wp:featuredmedia":[{"embeddable":true,"href":"https:\/\/agromt.news\/index.php?rest_route=\/wp\/v2\/media\/17153"}],"wp:attachment":[{"href":"https:\/\/agromt.news\/index.php?rest_route=%2Fwp%2Fv2%2Fmedia&parent=19744"}],"wp:term":[{"taxonomy":"category","embeddable":true,"href":"https:\/\/agromt.news\/index.php?rest_route=%2Fwp%2Fv2%2Fcategories&post=19744"},{"taxonomy":"post_tag","embeddable":true,"href":"https:\/\/agromt.news\/index.php?rest_route=%2Fwp%2Fv2%2Ftags&post=19744"}],"curies":[{"name":"wp","href":"https:\/\/api.w.org\/{rel}","templated":true}]}}