{"id":19743,"date":"2025-09-05T09:22:58","date_gmt":"2025-09-05T13:22:58","guid":{"rendered":"https:\/\/agromt.news\/?p=19743"},"modified":"2025-09-05T09:22:58","modified_gmt":"2025-09-05T13:22:58","slug":"pode-faltar-cafe-ate-a-proxima-colheita-avalia-especialista","status":"publish","type":"post","link":"https:\/\/agromt.news\/?p=19743","title":{"rendered":"&#8216;Pode faltar caf\u00e9 at\u00e9 a pr\u00f3xima colheita&#8217;, avalia especialista"},"content":{"rendered":"<p> <br \/>\n<br \/><img decoding=\"async\" src=\"https:\/\/agromt.news\/wp-content\/uploads\/2025\/06\/Anvisa-proibe-a-venda-de-tres-marcas-de-cafe.jpg\" \/><\/p>\n<div>\n\t\t<iframe title=\"Tarifa\u00e7o dos Estados Unidos pressiona pre\u00e7os do caf\u00e9 em Nova York\" width=\"800\" height=\"450\" src=\"https:\/\/www.youtube.com\/embed\/hUkQm0mnYrA?feature=oembed\" frameborder=\"0\" allow=\"accelerometer; autoplay; clipboard-write; encrypted-media; gyroscope; picture-in-picture; web-share\" referrerpolicy=\"strict-origin-when-cross-origin\" allowfullscreen><\/iframe><noscript><iframe title=\"Tarifa\u00e7o dos Estados Unidos pressiona pre\u00e7os do caf\u00e9 em Nova York\" width=\"800\" height=\"450\" src=\"https:\/\/www.youtube.com\/embed\/hUkQm0mnYrA?feature=oembed\" frameborder=\"0\" allow=\"accelerometer; autoplay; clipboard-write; encrypted-media; gyroscope; picture-in-picture; web-share\" referrerpolicy=\"strict-origin-when-cross-origin\" allowfullscreen><\/iframe><\/noscript><\/p>\n<p>A sobretaxa imposta pelo governo de Donald Trump \u00e0s exporta\u00e7\u00f5es brasileiras tem pressionado o mercado de caf\u00e9, que reage com forte volatilidade nos pre\u00e7os. Nos \u00faltimos dias, por\u00e9m, esse cen\u00e1rio come\u00e7ou a mudar, especialmente nos contratos futuros. Em uma semana, as perdas acumuladas j\u00e1 somam quase 3%.<\/p>\n<p>Para Haroldo Bonf\u00e1, diretor da Faros Consultoria, as oscila\u00e7\u00f5es fazem parte da din\u00e2mica das bolsas internacionais, em Londres e Nova York, influenciadas por fatos e rumores. Ele destaca que, entre 1\u00ba e 25 de agosto, as exporta\u00e7\u00f5es brasileiras de caf\u00e9 para os Estados Unidos ca\u00edram 47%.<\/p>\n<p><em>Veja em primeira m\u00e3o tudo sobre agricultura, pecu\u00e1ria, economia e previs\u00e3o do tempo:<\/em><a href=\"https:\/\/news.google.com\/publications\/CAAqBwgKMPKZlQswq_mqAw?hl=pt-BR&amp;gl=BR&amp;ceid=BR%3Apt-419\" target=\"_blank\" rel=\"noreferrer noopener\"><em>\u00a0siga o Canal Rural no Google News!<\/em><\/a><\/p>\n<p>\u201cO tarifa\u00e7o americano impacta fortemente a precifica\u00e7\u00e3o do caf\u00e9. Estamos falando de 7 a 8 milh\u00f5es de sacas por ano que, teoricamente, seriam destinadas aos EUA e que agora precisam de novos destinos. O mercado busca alternativas, como triangula\u00e7\u00f5es via Canad\u00e1 ou M\u00e9xico, que j\u00e1 t\u00eam hist\u00f3rico comercial com o Brasil e poderiam, inclusive, receber o caf\u00e9 processado antes de chegar ao consumidor americano\u201d, explica Bonf\u00e1.<\/p>\n<\/div>\n<div>\n<p>Segundo ele, o aumento de cerca de 50% no pre\u00e7o da mat\u00e9ria-prima tende a refletir nos valores ao consumidor final nos EUA, pressionando a infla\u00e7\u00e3o local. No entanto, o consumo em si deve se manter est\u00e1vel. \u201cO caf\u00e9 \u00e9 considerado um produto inel\u00e1stico: mesmo com varia\u00e7\u00f5es de pre\u00e7o, a demanda n\u00e3o cai, porque a bebida oferece benef\u00edcios tanto \u00e0 sa\u00fade quanto ao bem-estar emocional, o que sustenta o consumo\u201d, acrescenta.<\/p>\n<p>Bonf\u00e1 orienta os produtores a manterem cautela na comercializa\u00e7\u00e3o. \u201c\u00c9 fundamental ter consci\u00eancia do volume colhido e lembrar que ele deve durar at\u00e9 a pr\u00f3xima safra. Muitos produtores est\u00e3o capitalizados, o que reduz a necessidade de vendas imediatas. O ideal \u00e9 usar bom senso: se surgir uma boa oportunidade de pre\u00e7o, realize parte das vendas e garanta rentabilidade. Mas \u00e9 importante dosar, porque os c\u00e1lculos indicam que pode faltar caf\u00e9 at\u00e9 a pr\u00f3xima colheita.\u201d<\/p>\n<p>Mesmo com a entrada de novas safras do Vietn\u00e3, a partir de novembro, e da Col\u00f4mbia, em dezembro, o especialista acredita que n\u00e3o ser\u00e1 suficiente para compensar as perdas brasileiras, especialmente no ar\u00e1bica. \u201cA expectativa da maioria dos analistas \u00e9 de pre\u00e7os elevados at\u00e9 a pr\u00f3xima safra no Brasil\u201d, conclui Bonf\u00e1.<\/p>\n<\/p><\/div>\n<p><br \/>\n<br \/><a href=\"https:\/\/www.canalrural.com.br\/agricultura\/cafe\/pode-faltar-cafe-ate-a-proxima-colheita-avalia-especialista\/\">Source link <\/a><\/p>\n","protected":false},"excerpt":{"rendered":"<p>A sobretaxa imposta pelo governo de Donald Trump \u00e0s exporta\u00e7\u00f5es brasileiras tem pressionado o mercado de caf\u00e9, que reage com<\/p>\n","protected":false},"author":1,"featured_media":14514,"comment_status":"open","ping_status":"open","sticky":false,"template":"","format":"standard","meta":{"_monsterinsights_skip_tracking":false,"_monsterinsights_sitenote_active":false,"_monsterinsights_sitenote_note":"","_monsterinsights_sitenote_category":0,"_uf_show_specific_survey":0,"_uf_disable_surveys":false,"footnotes":""},"categories":[1],"tags":[],"class_list":["post-19743","post","type-post","status-publish","format-standard","has-post-thumbnail","hentry","category-news"],"_links":{"self":[{"href":"https:\/\/agromt.news\/index.php?rest_route=\/wp\/v2\/posts\/19743"}],"collection":[{"href":"https:\/\/agromt.news\/index.php?rest_route=\/wp\/v2\/posts"}],"about":[{"href":"https:\/\/agromt.news\/index.php?rest_route=\/wp\/v2\/types\/post"}],"author":[{"embeddable":true,"href":"https:\/\/agromt.news\/index.php?rest_route=\/wp\/v2\/users\/1"}],"replies":[{"embeddable":true,"href":"https:\/\/agromt.news\/index.php?rest_route=%2Fwp%2Fv2%2Fcomments&post=19743"}],"version-history":[{"count":0,"href":"https:\/\/agromt.news\/index.php?rest_route=\/wp\/v2\/posts\/19743\/revisions"}],"wp:featuredmedia":[{"embeddable":true,"href":"https:\/\/agromt.news\/index.php?rest_route=\/wp\/v2\/media\/14514"}],"wp:attachment":[{"href":"https:\/\/agromt.news\/index.php?rest_route=%2Fwp%2Fv2%2Fmedia&parent=19743"}],"wp:term":[{"taxonomy":"category","embeddable":true,"href":"https:\/\/agromt.news\/index.php?rest_route=%2Fwp%2Fv2%2Fcategories&post=19743"},{"taxonomy":"post_tag","embeddable":true,"href":"https:\/\/agromt.news\/index.php?rest_route=%2Fwp%2Fv2%2Ftags&post=19743"}],"curies":[{"name":"wp","href":"https:\/\/api.w.org\/{rel}","templated":true}]}}