{"id":19741,"date":"2025-09-05T08:54:18","date_gmt":"2025-09-05T12:54:18","guid":{"rendered":"https:\/\/agromt.news\/?p=19741"},"modified":"2025-09-05T08:54:18","modified_gmt":"2025-09-05T12:54:18","slug":"produtores-de-beiju-do-es-crescem-com-selo-de-indicacao-geografica","status":"publish","type":"post","link":"https:\/\/agromt.news\/?p=19741","title":{"rendered":"Produtores de beiju do ES crescem com selo de Indica\u00e7\u00e3o Geogr\u00e1fica"},"content":{"rendered":"<p> <br \/>\n<\/p>\n<div>\n<p>A conquista da Indica\u00e7\u00e3o Geogr\u00e1fica (IG) para o<a href=\"https:\/\/keepo.io\/beijusape\/\"> <strong>Beiju do Sap\u00e9 do Norte<\/strong><\/a>, vem transformando a realidade de 33 comunidades<strong> <a href=\"https:\/\/www.canalrural.com.br\/empreendedorismo\/grupo-de-quilombolas-transforma-fibra-da-banana-em-arte-e-garante-renda-extra\/\">quilombolas<\/a> <\/strong>no Esp\u00edrito Santo (ES).<\/p>\n<p>\u201cA produ\u00e7\u00e3o de beiju \u00e9 simplesmente artesanal, n\u00f3s fazemos todo o processo, plantamos a mandioca, ralamos quando ela est\u00e1 madura, tiramos a goma, fazemos a f\u00e9cula e a\u00ed vamos produzir o beiju\u201d, conta Andr\u00e9ia Costa da Silva Carvalho, produtora rural, ressaltando que h\u00e1 v\u00e1rios sabores como <strong>coco e amendoim.<\/strong><\/p>\n<p>De acordo com Carvalho, a IG deu visibilidade e fortaleceu a comercializa\u00e7\u00e3o. Antes restritos \u00e0s feiras locais, os beijus hoje chegam a emp\u00f3rios e mercearias de outras regi\u00f5es. Esse avan\u00e7o, al\u00e9m de gerar renda, fortalece a resist\u00eancia cultural quilombola.<\/p>\n<p>\u201cN\u00f3s conseguimos o<a href=\"https:\/\/www.gov.br\/inpi\/pt-br\/central-de-conteudo\/noticias\/inpi-reconhece-ig-para-o-beiju-de-sape-do-norte-es\"> selo da IG <\/a>no ano passado. Estamos a\u00ed trazendo o nosso produto, mostrando a nossa resist\u00eancia quanto quilombola, porque no nosso pa\u00eds, no geral, \u00e9 muito dif\u00edcil ser negro e principalmente ser <a href=\"https:\/\/www.canalrural.com.br\/empreendedorismo\/horta-escolar-fortalece-educacao-empreendedora-em-escola-quilombola-em-mg\/\">quilombola<\/a>, e n\u00f3s estamos com o nosso produto que \u00e9 uma subsist\u00eancia, mas tamb\u00e9m \u00e9 um produto de resist\u00eancia\u201d, afirma a produtora rural.<\/p>\n<p>Outro impacto relevante \u00e9 a perman\u00eancia dos jovens no territ\u00f3rio. Muitos deixavam o campo em busca de estudo e renda, mas agora, com a valoriza\u00e7\u00e3o do produto, h\u00e1 um movimento de retorno.<\/p>\n<p>\u201cConseguimos trazer de volta alguns jovens para a produ\u00e7\u00e3o e isso nos d\u00e1 esperan\u00e7a de manter viva a nossa cultura\u201d, relata Carvalho, com orgulho.<\/p>\n<\/div>\n<div>\n<ul class=\"wp-block-list\">\n<li>Participe do Porteira Aberta Empreender: envie perguntas, sugest\u00f5es e conte a sua hist\u00f3ria de empreendedorismo pelo<a href=\"https:\/\/api.whatsapp.com\/send?phone=5511932796720&amp;PorteiraAbertaEmpreender=SuaMensagem\"> WhatsApp<\/a><\/li>\n<\/ul>\n<figure class=\"wp-block-image size-large is-resized\"><img fetchpriority=\"high\" decoding=\"async\" width=\"1024\" height=\"608\" src=\"https:\/\/agromt.news\/wp-content\/uploads\/2025\/09\/Produtores-de-beiju-do-ES-crescem-com-selo-de-Indicacao.png\" alt=\"V\u00e1rios pacotes de beiju em uma mesa\" class=\"wp-image-4120347\" style=\"width:469px;height:auto\"  \/><figcaption class=\"wp-element-caption\">Beiju do Sap\u00e9 do Norte (ES). Foto: Fabiana Bertinelli<\/figcaption><\/figure>\n<h2 class=\"wp-block-heading\" id=\"h-sebrae-como-parceiro-estrategico\"><strong>Sebrae como parceiro estrat\u00e9gico<\/strong><\/h2>\n<p>O <strong><a href=\"https:\/\/sebrae.com.br\/sites\/PortalSebrae\/ufs\/es?codUf=8\">Sebrae\/ES<\/a><\/strong> teve papel fundamental no processo de conquista da IG. Segundo a produtora, foi a institui\u00e7\u00e3o que orientou, mostrou caminhos e ainda segue apoiando os quilombolas. \u201cFoi o principal carro-chefe e continua sendo nosso parceiro\u201d, afirma Carvalho.<\/p>\n<p>Com o apoio do Sebrae\/ES, a Beiju do Sap\u00e9 do Norte participou da RuralturES 2025, uma das maiores feiras de agroturismo do Esp\u00edrito Santo. A 6\u00aa edi\u00e7\u00e3o do evento j\u00e1 tem data marcada: ser\u00e1 realizada entre os dias <a href=\"https:\/\/ruraltures.com.br\/\">13 e 16 de agosto,<\/a> no Distrito Tur\u00edstico de Pindobas. E, apesar das conquistas, os desafios continuam.<\/p>\n<p>\u201cProduzir beiju \u00e9 trabalhoso, pois exige dedica\u00e7\u00e3o artesanal e poucas pessoas est\u00e3o dispostas a atuar nesse processo. Ent\u00e3o, \u00e0s vezes, empreender n\u00e3o \u00e9 t\u00e3o dif\u00edcil quanto a produzir.\u201d<\/p>\n<p>Ainda assim, <strong>os quilombolas demonstram coragem e determina\u00e7\u00e3o, <\/strong>mantendo a tradi\u00e7\u00e3o viva e encontrando no <strong>mercado uma oportunidade de crescimento coletivo.<\/strong><\/p>\n<h2 class=\"wp-block-heading\" id=\"h-porteira-aberta-empreender\"><strong>Porteira Aberta Empreender<\/strong><\/h2>\n<p>Quer saber mais? Assista ao programa <a href=\"https:\/\/www.canalrural.com.br\/empreendedorismo\/transforme-sua-propriedade-em-um-destino-turistico\/\"><strong>Porteira Aberta Empreender<\/strong>,<\/a> uma parceria entre o Sebrae e o Canal Rural, que traz dicas, orienta\u00e7\u00f5es e mostra hist\u00f3rias reais de micro e pequenos produtores de todo o pa\u00eds.<\/p>\n<figure class=\"wp-block-image size-full is-resized\"><img decoding=\"async\" width=\"1013\" height=\"1017\" src=\"https:\/\/agromt.news\/wp-content\/uploads\/2025\/08\/tradicao-dos-queijos-artesanais-e-turismo-rural-em-Goias.png\" alt=\"\" class=\"wp-image-4116505\" style=\"width:445px;height:auto\"  \/><figcaption class=\"wp-element-caption\">\u00c0s quintas-feiras, \u00e0s 17h45, no Canal Rural. | Foto: Arte Divulga\u00e7\u00e3o<\/figcaption><\/figure>\n<\/p><\/div>\n<p><br \/>\n<br \/><a href=\"https:\/\/www.canalrural.com.br\/empreendedorismo\/produtores-de-beiju-do-es-crescem-com-selo-de-indicacao-geografica\/\">Source link <\/a><\/p>\n","protected":false},"excerpt":{"rendered":"<p>A conquista da Indica\u00e7\u00e3o Geogr\u00e1fica (IG) para o Beiju do Sap\u00e9 do Norte, vem transformando a realidade de 33 comunidades<\/p>\n","protected":false},"author":1,"featured_media":19742,"comment_status":"open","ping_status":"open","sticky":false,"template":"","format":"standard","meta":{"_monsterinsights_skip_tracking":false,"_monsterinsights_sitenote_active":false,"_monsterinsights_sitenote_note":"","_monsterinsights_sitenote_category":0,"_uf_show_specific_survey":0,"_uf_disable_surveys":false,"footnotes":""},"categories":[1],"tags":[],"class_list":["post-19741","post","type-post","status-publish","format-standard","has-post-thumbnail","hentry","category-news"],"_links":{"self":[{"href":"https:\/\/agromt.news\/index.php?rest_route=\/wp\/v2\/posts\/19741"}],"collection":[{"href":"https:\/\/agromt.news\/index.php?rest_route=\/wp\/v2\/posts"}],"about":[{"href":"https:\/\/agromt.news\/index.php?rest_route=\/wp\/v2\/types\/post"}],"author":[{"embeddable":true,"href":"https:\/\/agromt.news\/index.php?rest_route=\/wp\/v2\/users\/1"}],"replies":[{"embeddable":true,"href":"https:\/\/agromt.news\/index.php?rest_route=%2Fwp%2Fv2%2Fcomments&post=19741"}],"version-history":[{"count":0,"href":"https:\/\/agromt.news\/index.php?rest_route=\/wp\/v2\/posts\/19741\/revisions"}],"wp:featuredmedia":[{"embeddable":true,"href":"https:\/\/agromt.news\/index.php?rest_route=\/wp\/v2\/media\/19742"}],"wp:attachment":[{"href":"https:\/\/agromt.news\/index.php?rest_route=%2Fwp%2Fv2%2Fmedia&parent=19741"}],"wp:term":[{"taxonomy":"category","embeddable":true,"href":"https:\/\/agromt.news\/index.php?rest_route=%2Fwp%2Fv2%2Fcategories&post=19741"},{"taxonomy":"post_tag","embeddable":true,"href":"https:\/\/agromt.news\/index.php?rest_route=%2Fwp%2Fv2%2Ftags&post=19741"}],"curies":[{"name":"wp","href":"https:\/\/api.w.org\/{rel}","templated":true}]}}