{"id":19740,"date":"2025-09-05T08:43:26","date_gmt":"2025-09-05T12:43:26","guid":{"rendered":"https:\/\/agromt.news\/?p=19740"},"modified":"2025-09-05T08:43:26","modified_gmt":"2025-09-05T12:43:26","slug":"como-usar-a-balanca-comercial-a-seu-favor","status":"publish","type":"post","link":"https:\/\/agromt.news\/?p=19740","title":{"rendered":"Como usar a balan\u00e7a comercial a seu favor?"},"content":{"rendered":"<p> <br \/>\n<\/p>\n<div>\n<div class=\"row\">\n<div class=\"col-lg col-infos mt-0 mt-lg-0\">\n<div class=\"section-sub-title\">\n<p itemprop=\"description\">&#13;<br \/>\n                                \u201cO que vimos em junho foi um reflexo claro da volatilidade global&#8221;&#13;\n                            <\/p>\n<\/p><\/div>\n<div class=\"container\">\n<div class=\"row\">\n<div class=\"col-lg p-0\">\n<div>\n<div class=\"block-news-main-infos mt-3 text-start\">\n<p>                                            <strong class=\"fn\" itemprop=\"author\" style=\"color: rgb(112, 112, 112); \">&#13;<br \/>\n                                                <a href=\"https:\/\/www.agrolink.com.br\/noticias\/javascript:;\" class=\"text-uppercase\" target=\"_blank\" style=\"color: rgb(112, 112, 112); \" rel=\"noopener\">Agrolink<\/a>&#13;<br \/>\n&#13;<br \/>\n                                                    &#8211; Leonardo Gottems&#13;<br \/>\n&#13;<br \/>\n                                            <\/strong><br \/>\n                                        <\/p>\n<p>                                            <abbr><time datetime=\"2025-09-05T09:24\" itemprop=\"datePublished dateModified\">Publicado em 05\/09\/2025 \u00e0s 09:24h.<\/time><\/abbr><br \/>\n                                            <\/p><\/div>\n<\/p><\/div>\n<\/p><\/div>\n<div class=\"col-lg p-0 text-lg-end\">\n<div>\n<div id=\"mdEnviarPagina\" class=\"modal fade\" role=\"dialog\">\n<div class=\"modal-dialog\">\n<div class=\"modal-content\">\n<div class=\"modal-body\">\n<p><strong>Estimado usu\u00e1rio.<\/strong><br \/>Preencha o formul\u00e1rio abaixo para remeter a p\u00e1gina.<\/p>\n<\/p><\/div>\n<\/p><\/div>\n<\/p><\/div>\n<\/div><\/div>\n<\/p><\/div>\n<\/p><\/div>\n<\/p><\/div>\n<\/p><\/div>\n<\/p><\/div>\n<div class=\"row justify-content-md-center mt-3\">\n<div class=\"col-lg-auto col-image block-news-main-image\">\n<p>                                <img decoding=\"async\" src=\"https:\/\/www.agrolink.com.br\/upload\/imagens-resizes\/9e3c72699fdd44248ab9776e41745856_858x483.jpg\" class=\"lazyload img-fluid\" alt=\"\u201cO que vimos em junho foi um reflexo claro da volatilidade global&quot;\"\/><br \/>\n                                                <span class=\"d-block mt-1\">\u201cO que vimos em junho foi um reflexo claro da volatilidade global&#8221; &#8211; Foto: Pixabay<\/span><\/p><\/div>\n<\/p><\/div>\n<div class=\"section-description section-description-noticias mt-3\">\n<p>A balan\u00e7a comercial de junho fechou com super\u00e1vit de US$ 6,7 bilh\u00f5es, mas mostrou contrastes relevantes: <a href=\"https:\/\/www.agrolink.com.br\/culturas\/soja?utm_source=agrolink-detalhe-noticia&amp;utm_medium=detalhe-noticia&amp;utm_campaign=links-internos\" target=\"_blank\" rel=\"noopener\">soja<\/a> e a\u00e7\u00facar sustentaram os resultados, enquanto siderurgia, manufaturados e carnes processadas recuaram diante da desacelera\u00e7\u00e3o global e das tarifas impostas pelos Estados Unidos. O desempenho menor que em 2024 evidencia a necessidade de reorienta\u00e7\u00e3o estrat\u00e9gica das exporta\u00e7\u00f5es brasileiras.&#13;\n<\/p>\n<p>Entre as recomenda\u00e7\u00f5es para os exportadores, cinco pontos ganham destaque. O primeiro \u00e9 mapear tend\u00eancias setoriais, identificando os produtos mais resilientes e aqueles em retra\u00e7\u00e3o. O segundo \u00e9 acompanhar o c\u00e2mbio em tempo real, utilizando ferramentas de prote\u00e7\u00e3o para preservar margens. Tamb\u00e9m se destaca o uso de regimes especiais, como o Drawback, que pode reduzir significativamente os custos de exporta\u00e7\u00e3o. Outra medida \u00e9 diversificar mercados, buscando alternativas na \u00c1sia, Europa e Canad\u00e1. Por fim, antecipar gargalos log\u00edsticos com uso de dados e revis\u00e3o de contratos torna-se fundamental.<\/p>\n<p>\u201cO que vimos em junho foi um reflexo claro da volatilidade global. As empresas dependentes de um \u00fanico mercado est\u00e3o mais vulner\u00e1veis \u00e0s oscila\u00e7\u00f5es tarif\u00e1rias e cambiais. Diversifica\u00e7\u00e3o e prote\u00e7\u00e3o s\u00e3o hoje obrigat\u00f3rias para manter a competitividade\u201d, afirma Thiago Oliveira, CEO da Saygo.&#13;\n<\/p>\n<p>Segundo dados do MDIC, a soja foi o principal sustent\u00e1culo do saldo positivo em junho, enquanto autope\u00e7as e a\u00e7o perderam competitividade com tarifas de at\u00e9 25% nos EUA. A retomada de pol\u00edticas protecionistas em mercados estrat\u00e9gicos aumenta a incerteza e pressiona setores dependentes de um \u00fanico destino de exporta\u00e7\u00e3o.<\/p>\n<p>Nesse cen\u00e1rio, empresas que adotarem pol\u00edticas robustas de gest\u00e3o cambial, ampliarem presen\u00e7a em mercados alternativos e anteciparem riscos log\u00edsticos estar\u00e3o mais bem preparadas para enfrentar a instabilidade e manter a competitividade internacional. \u201cOs mercados mais promissores tamb\u00e9m s\u00e3o os mais exigentes. \u00c9 preciso estar pronto para atender aos padr\u00f5es internacionais. S\u00f3 sair\u00e3o fortalecidas as empresas que aliarem efici\u00eancia, dados e estrat\u00e9gia cambial. A previsibilidade deixou de ser regra, \u00e9 preciso operar com m\u00e9todo e agilidade\u201d, finaliza o CEO da Saygo.<br \/>&#13;<br \/>\n\u00a0&#13;\n<\/p>\n<\/p><\/div>\n<\/p><\/div>\n<p><script data-cfasync=\"false\">\n    !function (f, b, e, v, n, t, s) {\n        if (f.fbq) return; n = f.fbq = function () {\n            n.callMethod ?\n                n.callMethod.apply(n, arguments) : n.queue.push(arguments)\n        };\n        if (!f._fbq) f._fbq = n; n.push = n; n.loaded = !0; n.version = '2.0';\n        n.queue = []; t = b.createElement(e); t.async = !0;\n        t.src = v; s = b.getElementsByTagName(e)[0];\n        s.parentNode.insertBefore(t, s)\n    }(window, document, 'script',\n        'https:\/\/connect.facebook.net\/en_US\/fbevents.js');\n    fbq('init', '522546078623747');\n    fbq('track', 'PageView');\n<\/script><br \/>\n<br \/><br \/>\n<br \/><a href=\"https:\/\/www.agrolink.com.br\/noticias\/como-usar-a-balanca-comercial-a-seu-favor-_505683.html\">Source link <\/a><\/p>\n","protected":false},"excerpt":{"rendered":"<p>&#13; \u201cO que vimos em junho foi um reflexo claro da volatilidade global&#8221;&#13; &#13; Agrolink&#13; &#13; &#8211; Leonardo Gottems&#13; &#13;<\/p>\n","protected":false},"author":1,"featured_media":1082,"comment_status":"open","ping_status":"open","sticky":false,"template":"","format":"standard","meta":{"_monsterinsights_skip_tracking":false,"_monsterinsights_sitenote_active":false,"_monsterinsights_sitenote_note":"","_monsterinsights_sitenote_category":0,"_uf_show_specific_survey":0,"_uf_disable_surveys":false,"footnotes":""},"categories":[8,1,14],"tags":[],"class_list":["post-19740","post","type-post","status-publish","format-standard","has-post-thumbnail","hentry","category-agro","category-news","category-politica-agro"],"_links":{"self":[{"href":"https:\/\/agromt.news\/index.php?rest_route=\/wp\/v2\/posts\/19740"}],"collection":[{"href":"https:\/\/agromt.news\/index.php?rest_route=\/wp\/v2\/posts"}],"about":[{"href":"https:\/\/agromt.news\/index.php?rest_route=\/wp\/v2\/types\/post"}],"author":[{"embeddable":true,"href":"https:\/\/agromt.news\/index.php?rest_route=\/wp\/v2\/users\/1"}],"replies":[{"embeddable":true,"href":"https:\/\/agromt.news\/index.php?rest_route=%2Fwp%2Fv2%2Fcomments&post=19740"}],"version-history":[{"count":0,"href":"https:\/\/agromt.news\/index.php?rest_route=\/wp\/v2\/posts\/19740\/revisions"}],"wp:featuredmedia":[{"embeddable":true,"href":"https:\/\/agromt.news\/index.php?rest_route=\/wp\/v2\/media\/1082"}],"wp:attachment":[{"href":"https:\/\/agromt.news\/index.php?rest_route=%2Fwp%2Fv2%2Fmedia&parent=19740"}],"wp:term":[{"taxonomy":"category","embeddable":true,"href":"https:\/\/agromt.news\/index.php?rest_route=%2Fwp%2Fv2%2Fcategories&post=19740"},{"taxonomy":"post_tag","embeddable":true,"href":"https:\/\/agromt.news\/index.php?rest_route=%2Fwp%2Fv2%2Ftags&post=19740"}],"curies":[{"name":"wp","href":"https:\/\/api.w.org\/{rel}","templated":true}]}}