{"id":19739,"date":"2025-09-05T08:36:38","date_gmt":"2025-09-05T12:36:38","guid":{"rendered":"https:\/\/agromt.news\/?p=19739"},"modified":"2025-09-05T08:36:38","modified_gmt":"2025-09-05T12:36:38","slug":"deslocamento-da-frente-fria-provoca-chuva-forte-em-alguns-estados-veja-a-previsao-do-tempo","status":"publish","type":"post","link":"https:\/\/agromt.news\/?p=19739","title":{"rendered":"Deslocamento da frente fria provoca chuva forte em alguns estados; veja a previs\u00e3o do tempo"},"content":{"rendered":"<p> <br \/>\n<br \/><img decoding=\"async\" src=\"https:\/\/agromt.news\/wp-content\/uploads\/2025\/05\/Estado-recebe-alerta-de-perigo-para-chuva-de-100-mm.jpg\" \/><\/p>\n<div>\n<p>A presen\u00e7a de algumas perturba\u00e7\u00f5es e umidade na atmosfera \u2013 ainda associadas ao deslocamento da frente fria \u2013 deve seguir favorecendo a forma\u00e7\u00e3o de instabilidades sobre parte do Rio Grande do Sul nesta sexta-feira (5). Ao longo do dia, ainda podemos ter a ocorr\u00eancia de pancadas de chuva isoladas com moderada \u2013 a pontual forte \u2013 intensidade entre o norte e nordeste ga\u00facho. Em \u00e1reas pr\u00f3ximas \u00e0 divisa com Santa Catarina, n\u00e3o est\u00e3o descartados eventuais temporais ainda pela manh\u00e3. No restante do estado, o tempo j\u00e1 deve seguir mais est\u00e1vel, devido a atua\u00e7\u00e3o da massa de ar polar que avan\u00e7ou na retaguarda da frente fria.<\/p>\n<div data-icp-cta=\"1\" id=\"icp-cta-unique\">Voc\u00ea quer entender como usar o clima a seu favor?<b> <\/b><a href=\"https:\/\/climacampo.canalrural.com.br\/climacampo_-01\">Preparamos um e-book exclusivo<\/a> para ajudar produtores rurais a se antecipar \u00e0s mudan\u00e7as do tempo e planejar melhor suas a\u00e7\u00f5es. Com base em previs\u00f5es meteorol\u00f3gicas confi\u00e1veis, ele oferece orienta\u00e7\u00f5es pr\u00e1ticas para proteger sua lavoura e otimizar seus resultados.<\/div>\n<p>Em algumas \u00e1reas da campanha e em pontos mais elevados do sul, haver\u00e1 condi\u00e7\u00f5es para forma\u00e7\u00e3o de geada ainda nas primeiras horas da manh\u00e3. J\u00e1 entre Santa Catarina e o Paran\u00e1, o deslocamento da frente fria sobre a costa dever\u00e1 espalhar as instabilidades ao longo do dia. Ainda pela manh\u00e3, j\u00e1 s\u00e3o esperadas fortes pancadas de chuva, seguidas por raios e rajadas de vento, sobretudo entre o sudoeste e sul paranaense e o oeste catarinense \u2013 onde h\u00e1 risco tamb\u00e9m para a ocorr\u00eancia de temporais.<\/p>\n<p><em>Veja em primeira m\u00e3o tudo sobre agricultura, pecu\u00e1ria, economia e previs\u00e3o do tempo:<\/em><a href=\"https:\/\/news.google.com\/publications\/CAAqBwgKMPKZlQswq_mqAw?hl=pt-BR&amp;gl=BR&amp;ceid=BR%3Apt-419\" target=\"_blank\" rel=\"noreferrer noopener\"><em>\u00a0siga o Canal Rural no Google News!<\/em><\/a><\/p>\n<p>No decorrer da tarde, as nuvens carregadas avan\u00e7am sobre o interior catarinense e regi\u00e3o central paranaense. Em Florian\u00f3polis e em Curitiba , h\u00e1 risco de chuva forte a partir do per\u00edodo da tarde. No litoral paranaense, a entrada de ventos mar\u00edtimos deve promover a ocorr\u00eancia de pancadas de chuva fraca durante o dia. No per\u00edodo da noite, as pancadas de chuva ganham for\u00e7a e podem vir com raios.<\/p>\n<p>No Sudeste, a condi\u00e7\u00e3o de tempo firme segue predominando no decorrer do dia, com sol e calor marcando presen\u00e7a em praticamente toda a regi\u00e3o. A circula\u00e7\u00e3o de ventos quentes de origem continental deve favorecer o aumento dos term\u00f4metros e o calor segue intenso entre o interior paulista e mineiro. Na parte da tarde, a umidade relativa do ar despenca e entra em n\u00edveis de aten\u00e7\u00e3o e at\u00e9 mesmo de alerta em algumas \u00e1reas. Na Grande SP, a semana termina marcada pela virada dos ventos, que ocorre ao longo do dia. \u00c0 noite, pode garoar em alguns pontos da regi\u00e3o.<\/p>\n<\/div>\n<div>\n<p>No litoral paulista, haver\u00e1 condi\u00e7\u00f5es para pancadas de chuva fraca ao longo do dia. Os ventos continuam soprando sobre boa parte dos estados, e o destaque segue sobre a regi\u00e3o da baixada fluminense, no Rio de Janeiro, onde as rajadas podem ultrapassar os 50 km\/h. Ainda no estado fluminense, o ar seco ganha for\u00e7a \u00e0 tarde e estimula o alerta para baixa umidade do ar, incluindo na regi\u00e3o metropolitana do RJ.<\/p>\n<p>Enquanto no Centro-Oeste, o predom\u00ednio tamb\u00e9m dever\u00e1 continuar sendo de tempo aberto, com sol aparecendo entre poucas nuvens durante o dia e ar seco sendo destaque em boa parte dos estados. Apesar disso, n\u00e3o est\u00e3o descartadas algumas pancadas de chuva isoladas sobre o extremo norte e noroeste de Mato Grosso, ainda por influ\u00eancia das instabilidades que atuam sobre o norte do pa\u00eds \u2013 e que podem avan\u00e7ar sobre a regi\u00e3o.<\/p>\n<p>No oeste e sul de Mato Grosso do Sul, as instabilidades associadas ao deslocamento da frente fria e algumas perturba\u00e7\u00f5es em n\u00edveis mais elevados da atmosfera podem favorecer a ocorr\u00eancia de chuva forte ainda pela manh\u00e3. A circula\u00e7\u00e3o de ventos mais frescos associados \u00e0 massa de ar polar centralizada no sul do continente deve impedir com que os term\u00f4metros disparem de maneira semelhante aos \u00faltimos dias entre o oeste de Mato Grosso do Sul e sul de Mato Grosso. Ainda continua quente, mas as m\u00e1ximas n\u00e3o apresentam o mesmo grau de eleva\u00e7\u00e3o. No estado de Goi\u00e1s e no Distrito Federal, o tempo segue firme, calor e baixa umidade do ar marcam presen\u00e7a no fim desta semana.<\/p>\n<p>J\u00e1 no Nordeste, a circula\u00e7\u00e3o de ventos \u00famidos vindos do oceano deve seguir promovendo a forma\u00e7\u00e3o de nuvens carregadas em praticamente toda a costa leste da regi\u00e3o. Haver\u00e1 condi\u00e7\u00f5es para pancadas de chuva isoladas \u2013 mas que ainda podem incidir com forte intensidade, entre Aracaju e a Para\u00edba. Aten\u00e7\u00e3o maior para as capitais Macei\u00f3 e Recife, que podem contar com chuva mais forte e volumes expressivos. Na Bahia, as instabilidades perdem for\u00e7a e o tempo abre mais no litoral. Nas demais regi\u00f5es interioranas, o tempo j\u00e1 volta a abrir mais, com destaque para o sol e o calor intenso, que ganha for\u00e7a durante o dia.<\/p>\n<p>E no Norte, as instabilidades permanecem concentradas entre Amazonas, Acre, Rond\u00f4nia e Roraima, com condi\u00e7\u00f5es para pancadas de chuva com moderada a forte intensidade, n\u00e3o sendo descartada tamb\u00e9m a ocorr\u00eancia de temporais isolados. No Amap\u00e1, chuva com fraca a moderada intensidade em algumas \u00e1reas da metade sul do estado. Entre Par\u00e1 e Tocantins, o predom\u00ednio deve continuar sendo de tempo firme, calor intenso e alerta para baixa umidade do ar.<\/p>\n<\/p><\/div>\n<p><br \/>\n<br \/><a href=\"https:\/\/www.canalrural.com.br\/tempo\/deslocamento-da-frente-fria-provoca-chuva-forte-em-alguns-estados-veja-a-previsao-do-tempo\/\">Source link <\/a><\/p>\n","protected":false},"excerpt":{"rendered":"<p>A presen\u00e7a de algumas perturba\u00e7\u00f5es e umidade na atmosfera \u2013 ainda associadas ao deslocamento da frente fria \u2013 deve seguir<\/p>\n","protected":false},"author":1,"featured_media":13933,"comment_status":"open","ping_status":"open","sticky":false,"template":"","format":"standard","meta":{"_monsterinsights_skip_tracking":false,"_monsterinsights_sitenote_active":false,"_monsterinsights_sitenote_note":"","_monsterinsights_sitenote_category":0,"_uf_show_specific_survey":0,"_uf_disable_surveys":false,"footnotes":""},"categories":[1],"tags":[],"class_list":["post-19739","post","type-post","status-publish","format-standard","has-post-thumbnail","hentry","category-news"],"_links":{"self":[{"href":"https:\/\/agromt.news\/index.php?rest_route=\/wp\/v2\/posts\/19739"}],"collection":[{"href":"https:\/\/agromt.news\/index.php?rest_route=\/wp\/v2\/posts"}],"about":[{"href":"https:\/\/agromt.news\/index.php?rest_route=\/wp\/v2\/types\/post"}],"author":[{"embeddable":true,"href":"https:\/\/agromt.news\/index.php?rest_route=\/wp\/v2\/users\/1"}],"replies":[{"embeddable":true,"href":"https:\/\/agromt.news\/index.php?rest_route=%2Fwp%2Fv2%2Fcomments&post=19739"}],"version-history":[{"count":0,"href":"https:\/\/agromt.news\/index.php?rest_route=\/wp\/v2\/posts\/19739\/revisions"}],"wp:featuredmedia":[{"embeddable":true,"href":"https:\/\/agromt.news\/index.php?rest_route=\/wp\/v2\/media\/13933"}],"wp:attachment":[{"href":"https:\/\/agromt.news\/index.php?rest_route=%2Fwp%2Fv2%2Fmedia&parent=19739"}],"wp:term":[{"taxonomy":"category","embeddable":true,"href":"https:\/\/agromt.news\/index.php?rest_route=%2Fwp%2Fv2%2Fcategories&post=19739"},{"taxonomy":"post_tag","embeddable":true,"href":"https:\/\/agromt.news\/index.php?rest_route=%2Fwp%2Fv2%2Ftags&post=19739"}],"curies":[{"name":"wp","href":"https:\/\/api.w.org\/{rel}","templated":true}]}}