{"id":19725,"date":"2025-09-04T19:04:30","date_gmt":"2025-09-04T23:04:30","guid":{"rendered":"https:\/\/agromt.news\/?p=19725"},"modified":"2025-09-04T19:04:30","modified_gmt":"2025-09-04T23:04:30","slug":"tratores-ls-destacam-tecnologia-e-forca-na-48a-expointer","status":"publish","type":"post","link":"https:\/\/agromt.news\/?p=19725","title":{"rendered":"Tratores LS destacam tecnologia e for\u00e7a na 48\u00aa Expointer"},"content":{"rendered":"<p> <br \/>\n<\/p>\n<div>\n<p style=\"text-align:justify\">A efici\u00eancia no campo passa, necessariamente, pela escolha dos equipamentos certos. No manejo da pecu\u00e1ria, onde as tarefas s\u00e3o intensas e di\u00e1rias, contar com tratores vers\u00e1teis, robustos e eficientes, \u00e9 um diferencial que garante produtividade, seguran\u00e7a e redu\u00e7\u00e3o de custos operacionais. \u00c9 com esse foco que a LS Tractor, fabricante sul-coreana com cora\u00e7\u00e3o brasileiro, marca presen\u00e7a na 48\u00aa edi\u00e7\u00e3o da Expointer, que acontece de 30 de agosto a 7 de setembro de 2025, no Parque Estadual de Exposi\u00e7\u00f5es Assis Brasil, em Esteio\/RS.<\/p>\n<p style=\"text-align:justify\">Entre os destaques apresentados pela marca estar\u00e1 a S\u00e9rie Plus, projetada para atender \u00e0s mais diversas demandas da pecu\u00e1ria moderna. Com modelos de 80 cv, 90 cv e 105 cv, dispon\u00edveis nas vers\u00f5es ROPS e cabinada, os tratores da s\u00e9rie s\u00e3o equipados com motores Perkins de 4 cilindros, reconhecidos pelo alto torque, economia de combust\u00edvel e baixa emiss\u00e3o de poluentes. Caracter\u00edsticas essenciais para quem precisa de for\u00e7a, desempenho e efici\u00eancia no campo.<\/p>\n<p>De acordo Astor Kilpp, consultor de marketing da LS Tractor, essa \u00e9 uma linha que atende muito bem \u00e0 pecu\u00e1ria atual, principalmente pela sua capacidade operacional na produ\u00e7\u00e3o de alimentos para o gado como silagem, al\u00e9m de ser vers\u00e1til na limpeza de currais e cochos, manejo de confinamento, distribui\u00e7\u00e3o de ra\u00e7\u00e3o, entre outras atividades. \u201cNa pecu\u00e1ria, o trator trabalha o tempo todo, pois as tarefas s\u00e3o di\u00e1rias e cont\u00ednuas. Por isso, o equipamento precisa ser robusto e estar pronto para o trabalho pesado\u201d, refor\u00e7a.<\/p>\n<p style=\"text-align:justify\"><strong>Diferenciais t\u00e9cnicos da S\u00e9rie Plus:<\/strong><\/p>\n<p style=\"text-align:justify\">Motor Perkins 4 cilindros diesel projetado para o trabalho agr\u00edcola, \u00e9 o cora\u00e7\u00e3o destes modelos. Desempenho em m\u00e9dia 26% superior aos concorrentes, o torque dispon\u00edvel para as opera\u00e7\u00f5es e a reserva de torque s\u00e3o elementos cruciais para o melhor desempenho operacional e o sistema eletr\u00f4nico de gerenciamento e prote\u00e7\u00e3o de motor minimiza as falhas otimizando o desempenho da m\u00e1quina al\u00e9m de garantir a vida \u00fatil do motor. &#8220;Torque e Reserva de Torque s\u00e3o fatores determinantes para um bom desempenho de campo<\/p>\n<p style=\"text-align:justify\">Transmiss\u00e3o LS: Synchro Shuttle com 20 op\u00e7\u00f5es de velocidades \u00e0 frente e 20 \u00e0 r\u00e9, al\u00e9m de ser mais eficiente no trabalho \u00e9 muito f\u00e1cil de operar, com uma transmiss\u00e3o totalmente sincronizada, inclusive o reversor. O sistema de super redu\u00e7\u00e3o \u2013 Creeper permite realizar tarefas que exigem velocidades reduzidas.<\/p>\n<p style=\"text-align:justify\">Tomada de for\u00e7a (TDP): com uma disponibilidade de pot\u00eancia 15% superior aos concorrentes diretos e 5 op\u00e7\u00f5es de rota\u00e7\u00e3o (540 \/ 540E, 540SE, 750, 1.000 rpm, traz muita flexibilidade para este trator operar uma ampla gama de implementos. O acionamento Eletro-Hidr\u00e1ulico proporciona maior conforto, precis\u00e3o e facilidade para a condu\u00e7\u00e3o dos implementos e a ergonomia traz muita facilidade de opera\u00e7\u00e3o ao sistema da TDP, com um forte impacto na produtividade e a seguran\u00e7a operacional.<\/p>\n<p style=\"text-align:justify\">Sistema Hidr\u00e1ulico com 36% a mais de rendimento e efici\u00eancia operacional, em fun\u00e7\u00e3o da capacidade de levante e o fluxo hidr\u00e1ulico com mais vaz\u00e3o e agilidade dos comandos a maior disponibilidade de componentes de controle remoto com 3 conjuntos de VCR, \u201cSuperioridade t\u00e9cnica que define a efici\u00eancia e versatilidade destes tratores.<\/p>\n<p style=\"text-align:justify\"><strong>Modelos para demandas especiais;<\/strong><\/p>\n<p style=\"text-align:justify\">A LS Tractor tamb\u00e9m vai expor na 48\u00ba Expointer seus modelos para atender aquelas demandas de campo que exigem tratores especiais. Entre os destaques, est\u00e3o os dois recentes lan\u00e7amentos. O modelo MT4.70 apresentado ao mercado brasileiro em maio deste ano, se destaca por ser o SUV dos tratores, um verdadeiro utilit\u00e1rio e fabrica\u00e7\u00e3o nacional. Projetado para atender aos mais variados desafios do campo em pequenas, m\u00e9dias e grandes propriedades, o modelo combina, tecnologia e efici\u00eancia operacional, com o menor consumo combust\u00edvel da categoria. Equipado com motor LS Diesel de 4 cilindros e pot\u00eancia de 62 cv, apresenta um excelente torque e 11% a mais de reserva de torque em rela\u00e7\u00e3o \u00e0 m\u00e9dia dos principais concorrentes.<\/p>\n<p style=\"text-align:justify\">Dispon\u00edvel nas vers\u00f5es com cabine original de f\u00e1brica ou plataformado (Rops), o modelo est\u00e1 equipado com a transmiss\u00e3o LS de 32 marchas \u00e0 frente e 16 \u00e0 r\u00e9, reversor sincronizado e super redutor integrado. Sistema hidr\u00e1ulico com v\u00e1lvula de vaz\u00e3o vari\u00e1vel com ajuste de 0 \u00e0 35 litros\/minuto. \u201cEssa \u00e9 uma excelente oportunidade para o produtor modernizar sua frota com um equipamento moderno, que oferece a maior efici\u00eancia operacional do mercado, 50% superior aos seus concorrentes, redu\u00e7\u00e3o de custos e muito mais conforto para o operador\u201d, destaca Astor Kilpp, consultor de produto da LS Tractor.<\/p>\n<p style=\"text-align:justify\">Outra novidade \u00e9 o MT2.27E, voltado para a agricultura familiar, um trator de pequeno porte, por\u00e9m robusto e ideal para mecanizar propriedades que ainda n\u00e3o contam com solu\u00e7\u00f5es mais eficientes.<\/p>\n<p style=\"text-align:justify\">O novo modelo equipado com motor LS Diesel de tr\u00eas cilindros e 25 cv, transmiss\u00e3o LS de 12 marchas \u00e0 frente e 12 \u00e0 r\u00e9, com reversor sincronizado. \u201cEssa nova tecnologia garante \u00f3timo desempenho, um trator de pequeno porte projetado para o uso intensivo, excelente conforto operacional e um baixo \u00edndice de consumo de combust\u00edvel\u201d, afirma Kilpp.<\/p>\n<p style=\"text-align:justify\">\u00a0\u201cOs visitantes poder\u00e3o ver de perto a funcionalidade desses equipamentos, que certamente trar\u00e3o ainda mais efici\u00eancia aos manejos da fazenda\u201d, completa o especialista.<\/p>\n<p><strong>48\u00ba Expointer 2025: o grande palco do agro brasileiro<\/strong><\/p>\n<p style=\"text-align:justify\">Reconhecida como a maior feira agropecu\u00e1ria a c\u00e9u aberto da Am\u00e9rica Latina, a Expointer 2025 traz este ano o tema: \u201cNosso futuro tem ra\u00edzes fortes\u201d e promete uma das edi\u00e7\u00f5es mais completas da hist\u00f3ria.<\/p>\n<p style=\"text-align:justify\">Entre os n\u00fameros previstos para a edi\u00e7\u00e3o deste ano, destacam-se a exposi\u00e7\u00e3o de cinco mil animais, a participa\u00e7\u00e3o de mais de 2,5 mil expositores, incluindo 456 agroind\u00fastrias familiares (um recorde para o segmento). Tamb\u00e9m s\u00e3o esperados mais de 120 expositores do setor de m\u00e1quinas e implementos agr\u00edcolas, al\u00e9m de uma programa\u00e7\u00e3o intensa com 500 atividades e eventos distribu\u00eddos ao longo dos nove dias de feira.<\/p>\n<p style=\"text-align:justify\">Segundo Kilpp, a Expointer chega nesta edi\u00e7\u00e3o mais fortalecida e mant\u00e9m sua ess\u00eancia como vitrine da gen\u00e9tica animal, recebendo visitantes e produtores de todas as regi\u00f5es do Brasil, em especial do Norte, Nordeste e Centro-Oeste. \u201c\u00c9 um evento estrat\u00e9gico, onde recebemos p\u00fablicos com as diferentes necessidades. Por isso, estaremos com nossa equipe completa e preparada durante todos os dias da feira para apresentar nossos produtos e tirar d\u00favidas dos produtores\u201d, finaliza.<\/p>\n<p style=\"text-align:justify\"><strong>Sobre a LS Tractor<\/strong><\/p>\n<p style=\"text-align:justify\">A LS Tractor \u00e9 a marca de tratores da sul-coreana LS Mtron, integrante do LS Group \u2013 o 13\u00ba maior grupo empresarial da Coreia do Sul, com presen\u00e7a global, mais de 21 mil colaboradores e vendas anuais acima de 30 bilh\u00f5es de d\u00f3lares. Presente no Brasil desde 2013, com f\u00e1brica em Garuva (SC), a empresa atua no setor de m\u00e1quinas agr\u00edcolas com uma linha de tratores voltada a diferentes perfis de produtores. Com mais de 70 concession\u00e1rias em territ\u00f3rio nacional, a LS Tractor tem ampliado sua presen\u00e7a no mercado brasileiro por meio de estrat\u00e9gias baseadas nos dados de mercado, expans\u00e3o da rede com foco na proximidade com os clientes e desenvolvimento de novas tecnologias em transmiss\u00e3o para atender as demandas do campo.<\/p>\n<p style=\"text-align:justify\">&#13;<br \/>\n\u00a0<\/p>\n<\/p><\/div>\n<p><script data-cfasync=\"false\">\n    !function (f, b, e, v, n, t, s) {\n        if (f.fbq) return; n = f.fbq = function () {\n            n.callMethod ?\n                n.callMethod.apply(n, arguments) : n.queue.push(arguments)\n        };\n        if (!f._fbq) f._fbq = n; n.push = n; n.loaded = !0; n.version = '2.0';\n        n.queue = []; t = b.createElement(e); t.async = !0;\n        t.src = v; s = b.getElementsByTagName(e)[0];\n        s.parentNode.insertBefore(t, s)\n    }(window, document, 'script',\n        'https:\/\/connect.facebook.net\/en_US\/fbevents.js');\n    fbq('init', '522546078623747');\n    fbq('track', 'PageView');\n<\/script><br \/>\n<br \/><br \/>\n<br \/><a href=\"https:\/\/www.agrolink.com.br\/noticias\/tratores-ls-destacam-tecnologia-e-forca-na-48--expointer_505612.html\">Source link <\/a><\/p>\n","protected":false},"excerpt":{"rendered":"<p>A efici\u00eancia no campo passa, necessariamente, pela escolha dos equipamentos certos. No manejo da pecu\u00e1ria, onde as tarefas s\u00e3o intensas<\/p>\n","protected":false},"author":1,"featured_media":19726,"comment_status":"open","ping_status":"open","sticky":false,"template":"","format":"standard","meta":{"_monsterinsights_skip_tracking":false,"_monsterinsights_sitenote_active":false,"_monsterinsights_sitenote_note":"","_monsterinsights_sitenote_category":0,"_uf_show_specific_survey":0,"_uf_disable_surveys":false,"footnotes":""},"categories":[8,1,14],"tags":[],"class_list":["post-19725","post","type-post","status-publish","format-standard","has-post-thumbnail","hentry","category-agro","category-news","category-politica-agro"],"_links":{"self":[{"href":"https:\/\/agromt.news\/index.php?rest_route=\/wp\/v2\/posts\/19725"}],"collection":[{"href":"https:\/\/agromt.news\/index.php?rest_route=\/wp\/v2\/posts"}],"about":[{"href":"https:\/\/agromt.news\/index.php?rest_route=\/wp\/v2\/types\/post"}],"author":[{"embeddable":true,"href":"https:\/\/agromt.news\/index.php?rest_route=\/wp\/v2\/users\/1"}],"replies":[{"embeddable":true,"href":"https:\/\/agromt.news\/index.php?rest_route=%2Fwp%2Fv2%2Fcomments&post=19725"}],"version-history":[{"count":0,"href":"https:\/\/agromt.news\/index.php?rest_route=\/wp\/v2\/posts\/19725\/revisions"}],"wp:featuredmedia":[{"embeddable":true,"href":"https:\/\/agromt.news\/index.php?rest_route=\/wp\/v2\/media\/19726"}],"wp:attachment":[{"href":"https:\/\/agromt.news\/index.php?rest_route=%2Fwp%2Fv2%2Fmedia&parent=19725"}],"wp:term":[{"taxonomy":"category","embeddable":true,"href":"https:\/\/agromt.news\/index.php?rest_route=%2Fwp%2Fv2%2Fcategories&post=19725"},{"taxonomy":"post_tag","embeddable":true,"href":"https:\/\/agromt.news\/index.php?rest_route=%2Fwp%2Fv2%2Ftags&post=19725"}],"curies":[{"name":"wp","href":"https:\/\/api.w.org\/{rel}","templated":true}]}}