{"id":19719,"date":"2025-09-04T17:27:38","date_gmt":"2025-09-04T21:27:38","guid":{"rendered":"https:\/\/agromt.news\/?p=19719"},"modified":"2025-09-04T17:27:38","modified_gmt":"2025-09-04T21:27:38","slug":"brasil-intensifica-negociacoes-para-voltar-a-exportar-pescados-a-europa","status":"publish","type":"post","link":"https:\/\/agromt.news\/?p=19719","title":{"rendered":"Brasil intensifica negocia\u00e7\u00f5es para voltar a exportar pescados \u00e0 Europa"},"content":{"rendered":"<p> <br \/>\n<br \/><img decoding=\"async\" src=\"https:\/\/agromt.news\/wp-content\/uploads\/2025\/09\/Brasil-intensifica-negociacoes-para-voltar-a-exportar-pescados-a-Europa.jpg\" \/><\/p>\n<div>\n<p>O ministro da Pesca e Aquicultura, Andr\u00e9 de Paula, se reuniu nesta quinta-feira (4) com o comiss\u00e1rio da DG\u2019Sant\u00e9, Oliv\u00e9r V\u00e1rhelyi, a autoridade sanit\u00e1ria da Uni\u00e3o Europeia. <\/p>\n<p>O objetivo do encontro foi discutir a reabertura do mercado europeu para o pescado brasileiro, uma prioridade assumida pelo governo brasileiro desde a recria\u00e7\u00e3o do Minist\u00e9rio da Pesca e Aquicultura (<a href=\"https:\/\/www.canalrural.com.br\/tag\/mpa\/\">MPA<\/a>), em 2023.\u00a0<\/p>\n<p>A conversa aconteceu na sede do Minist\u00e9rio da Agricultura, Pecu\u00e1ria e Abastecimento (<a href=\"https:\/\/www.canalrural.com.br\/tag\/mapa\/\">Mapa<\/a>) e contou com a intermedia\u00e7\u00e3o do ministro Carlos F\u00e1varo. <\/p>\n<p>O bloco deixou de comprar pescados do Brasil em maio de 2018, quando suspendeu a importa\u00e7\u00e3o ap\u00f3s uma avalia\u00e7\u00e3o sanit\u00e1ria que identificou falhas na ind\u00fastria de processamento do produto.<\/p>\n<p>Durante a reuni\u00e3o, de Paula solicitou a revis\u00e3o das restri\u00e7\u00f5es ao com\u00e9rcio do pescado nos pa\u00edses do bloco. \u201cQueremos acelerar nosso pedido para que possamos voltar a comercializar nosso pescado nos pa\u00edses europeus. Estamos abertos a atender \u00e0s auditorias da autoridade sanit\u00e1ria ainda em 2025\u201d, afirmou.\u00a0<\/p>\n<\/div>\n<div>\n<p>O ministro tamb\u00e9m destacou a relev\u00e2ncia hist\u00f3rica das rela\u00e7\u00f5es comerciais entre o Brasil e a Uni\u00e3o Europeia. \u201cRefor\u00e7o a import\u00e2ncia de restaurar nossos la\u00e7os comerciais, que sempre foram baseados na transpar\u00eancia\u201d, declarou.\u00a0<\/p>\n<p>O comiss\u00e1rio V\u00e1rhelyi detalhou que o pedido ser\u00e1 analisado pela autoridade sanit\u00e1ria, que planeja realizar as auditorias em breve. Caso esse procedimento aconte\u00e7a de forma favor\u00e1vel, a reabertura ainda depende da aprova\u00e7\u00e3o dos membros da Uni\u00e3o Europeia.\u00a0<\/p>\n<h2 class=\"wp-block-heading\" id=\"h-historico-das-negociacoes-dos-pescados\"><strong>Hist\u00f3rico das negocia\u00e7\u00f5es<\/strong> dos pescados<\/h2>\n<p>Desde a recria\u00e7\u00e3o do minist\u00e9rio a reabertura do mercado europeu \u00e9 uma prioridade. Em 2023 a pasta come\u00e7ou a atuar junto ao Mapa no di\u00e1logo com a autoridade sanit\u00e1ria da Uni\u00e3o Europeia. A partir de ent\u00e3o, o MPA adotou medidas para atender os crit\u00e9rios higi\u00eanico-sanit\u00e1rios de embarca\u00e7\u00f5es pesqueiras que desejam exportar para a UE e o Reino Unido.\u00a0<\/p>\n<p>Em 2024, o MPA e o Mapa receberam uma auditoria da autoridade sanit\u00e1ria do Reino Unido, que trabalha com crit\u00e9rios equivalentes ao dos pa\u00edses do bloco europeu. <\/p>\n<p>J\u00e1\u00a0em fevereiro de 2025, representantes dos dois minist\u00e9rios\u00a0participaram de uma reuni\u00e3o em Bruxelas, na B\u00e9lgica, para discutir o Mecanismo SPS, um sistema de regras e procedimentos para garantir a seguran\u00e7a dos produtos alimentares, vegetais e animais, incluindo as medidas relacionadas com a sa\u00fade p\u00fablica e o bem-estar animal, que regem o com\u00e9rcio de alimentos e outros produtos agr\u00edcolas.\u00a0<\/p>\n<p>Al\u00e9m disso, o MPA tem um Acordo de Coopera\u00e7\u00e3o T\u00e9cnica (ACT) com a ApexBrasil para promo\u00e7\u00e3o do pescado brasileiro no mercado internacional. <\/p>\n<\/p><\/div>\n<p><br \/>\n<br \/><a href=\"https:\/\/www.canalrural.com.br\/economia\/brasil-intensifica-negociacoes-para-voltar-a-exportar-pescados-a-europa\/\">Source link <\/a><\/p>\n","protected":false},"excerpt":{"rendered":"<p>O ministro da Pesca e Aquicultura, Andr\u00e9 de Paula, se reuniu nesta quinta-feira (4) com o comiss\u00e1rio da DG\u2019Sant\u00e9, Oliv\u00e9r<\/p>\n","protected":false},"author":1,"featured_media":19720,"comment_status":"open","ping_status":"open","sticky":false,"template":"","format":"standard","meta":{"_monsterinsights_skip_tracking":false,"_monsterinsights_sitenote_active":false,"_monsterinsights_sitenote_note":"","_monsterinsights_sitenote_category":0,"_uf_show_specific_survey":0,"_uf_disable_surveys":false,"footnotes":""},"categories":[1],"tags":[],"class_list":["post-19719","post","type-post","status-publish","format-standard","has-post-thumbnail","hentry","category-news"],"_links":{"self":[{"href":"https:\/\/agromt.news\/index.php?rest_route=\/wp\/v2\/posts\/19719"}],"collection":[{"href":"https:\/\/agromt.news\/index.php?rest_route=\/wp\/v2\/posts"}],"about":[{"href":"https:\/\/agromt.news\/index.php?rest_route=\/wp\/v2\/types\/post"}],"author":[{"embeddable":true,"href":"https:\/\/agromt.news\/index.php?rest_route=\/wp\/v2\/users\/1"}],"replies":[{"embeddable":true,"href":"https:\/\/agromt.news\/index.php?rest_route=%2Fwp%2Fv2%2Fcomments&post=19719"}],"version-history":[{"count":0,"href":"https:\/\/agromt.news\/index.php?rest_route=\/wp\/v2\/posts\/19719\/revisions"}],"wp:featuredmedia":[{"embeddable":true,"href":"https:\/\/agromt.news\/index.php?rest_route=\/wp\/v2\/media\/19720"}],"wp:attachment":[{"href":"https:\/\/agromt.news\/index.php?rest_route=%2Fwp%2Fv2%2Fmedia&parent=19719"}],"wp:term":[{"taxonomy":"category","embeddable":true,"href":"https:\/\/agromt.news\/index.php?rest_route=%2Fwp%2Fv2%2Fcategories&post=19719"},{"taxonomy":"post_tag","embeddable":true,"href":"https:\/\/agromt.news\/index.php?rest_route=%2Fwp%2Fv2%2Ftags&post=19719"}],"curies":[{"name":"wp","href":"https:\/\/api.w.org\/{rel}","templated":true}]}}