{"id":19715,"date":"2025-09-04T16:57:14","date_gmt":"2025-09-04T20:57:14","guid":{"rendered":"https:\/\/agromt.news\/?p=19715"},"modified":"2025-09-04T16:57:14","modified_gmt":"2025-09-04T20:57:14","slug":"farelo-de-soja-atinge-minima-em-10-anos-e-oleo-sustenta-margens-da-industria-em-2025","status":"publish","type":"post","link":"https:\/\/agromt.news\/?p=19715","title":{"rendered":"Farelo de soja atinge m\u00ednima em 10 anos e \u00f3leo sustenta margens da ind\u00fastria em 2025"},"content":{"rendered":"<p> <br \/>\n<\/p>\n<div>\n<p>O mercado de farelo e \u00f3leo de soja em 2025 foi marcado por forte volatilidade, tanto na Bolsa de Chicago (CBOT) quanto no mercado dom\u00e9stico brasileiro. <\/p>\n<p>Como o complexo soja conta com uma precifica\u00e7\u00e3o que vem de fora para dentro, n\u00e3o podemos deixar de lado um dos principais acontecimentos que impactaram os contratos de farelo e \u00f3leo de soja na CBOT.<\/p>\n<p>No cen\u00e1rio internacional, os pre\u00e7os oscilaram intensamente diante das incertezas sobre a pol\u00edtica de biocombust\u00edveis dos Estados Unidos. O an\u00fancio do novo mandato de biodiesel para 2026, com aumento de 3,3 para 5,6 bilh\u00f5es de gal\u00f5es, inicialmente impulsionou os contratos em Chicago. <\/p>\n<p>No entanto, d\u00favidas quanto \u00e0 viabilidade da medida, \u00e0s regras da <em>Environmental Protection Agency<\/em> (EPA) sobre isen\u00e7\u00f5es para pequenas refinarias e ao uso de mat\u00e9rias-primas importadas trouxeram instabilidade ao mercado. <\/p>\n<p>Al\u00e9m disso, discuss\u00f5es sobre tarifas de importa\u00e7\u00e3o e poss\u00edveis ajustes regulat\u00f3rios refor\u00e7aram os movimentos de corre\u00e7\u00e3o e especula\u00e7\u00e3o.<\/p>\n<\/div>\n<div>\n<p>No Brasil, o cen\u00e1rio n\u00e3o foi muito diferente. A suspens\u00e3o do B15 em mar\u00e7o deste ano trouxe muitas incertezas ao mercado, j\u00e1 que o governo n\u00e3o havia anunciado nenhuma previs\u00e3o ou confirma\u00e7\u00e3o de que o B15 ainda seria efetivado neste ano de 2025. Por\u00e9m, o an\u00fancio veio pr\u00f3ximo do in\u00edcio de julho, com a efetiva\u00e7\u00e3o da mistura obrigat\u00f3ria de B15 iniciada em primeiro de agosto.<\/p>\n<p>A alta fortaleceu a demanda dom\u00e9stica, sustentando os pre\u00e7os mesmo em momentos de queda em Chicago. Vale lembrar que mais de 60% de todo \u00f3leo de soja produzido no pa\u00eds \u00e9 destinado ao setor de biodiesel, representando mais de 75% da mat\u00e9ria-prima utilizada para produ\u00e7\u00e3o do biocombust\u00edvel. Essa rela\u00e7\u00e3o direta tornou o B15 o principal fundamento de suporte ao \u00f3leo de soja nesta temporada.<\/p>\n<h2 class=\"wp-block-heading\" id=\"h-custo-de-esmagamento-de-soja\">Custo de esmagamento de soja<\/h2>\n<p>Mesmo com uma safra de soja que deve ser consolidada em cerca de 170 milh\u00f5es de toneladas nesta temporada, o custo de esmagamento da soja segue alto nas ind\u00fastrias do pa\u00eds. Portanto, esta demanda maior ao derivado pelo setor de biodiesel torna o \u00f3leo de soja o principal pagador da margem de esmagamento e mant\u00e9m a tend\u00eancia de firmeza aos pre\u00e7os internos de \u00f3leo mesmo em casos de recuos na CBOT.\u00a0<\/p>\n<p>Estes movimentos impactaram diretamente nos pre\u00e7os do farelo de soja, que acaba por ficar mais ofertado no mercado internacional e no mercado dom\u00e9stico. Na CBOT os contratos atingiram os menores patamares em 10 anos, empurrando, assim, a paridade de exporta\u00e7\u00e3o para baixo nos portos brasileiros e, como ocorre nos Estados Unidos, o avan\u00e7o da demanda por \u00f3leo no Brasil acontece sem uma contrapartida na demanda do farelo. <\/p>\n<p>Tal cen\u00e1rio pressiona os pr\u00eamios e pre\u00e7os do derivado tamb\u00e9m no mercado brasileiro. Com isso, mant\u00e9m-se uma tend\u00eancia de pre\u00e7os enfraquecidos pelo restante da temporada 2025, apesar das recentes recupera\u00e7\u00f5es no m\u00eas de agosto.<\/p>\n<div class=\"wp-block-media-text is-stacked-on-mobile\">\n<figure class=\"wp-block-media-text__media\"><img fetchpriority=\"high\" decoding=\"async\" width=\"470\" height=\"470\" alt=\"\" class=\"wp-image-4121001 size-full\"  data-lazy- src=\"https:\/\/agromt.news\/wp-content\/uploads\/2025\/09\/Farelo-de-soja-atinge-minima-em-10-anos-e-oleo.png\"\/><img decoding=\"async\" width=\"470\" height=\"470\" src=\"https:\/\/agromt.news\/wp-content\/uploads\/2025\/09\/Farelo-de-soja-atinge-minima-em-10-anos-e-oleo.png\" alt=\"\" class=\"wp-image-4121001 size-full\"  \/><\/figure>\n<div class=\"wp-block-media-text__content\">\n<p class=\"has-text-align-center\">*<em><strong><strong>Gabriel Castagnino Viana<\/strong><\/strong>\u00a0\u00e9 economista com mais de 10 anos de experi\u00eancia no mercado de soja, especialista em derivados, farelo e \u00f3leo. Tem participado de estudos e an\u00e1lises que impactam diretamente a ind\u00fastria.<\/em><\/p>\n<\/div>\n<\/div>\n<hr class=\"wp-block-separator has-alpha-channel-opacity\"\/>\n<p><em>O\u00a0<strong>Canal Rural<\/strong>\u00a0n\u00e3o se responsabiliza pelas opini\u00f5es e conceitos emitidos nos textos desta sess\u00e3o, sendo os conte\u00fados de inteira responsabilidade de seus autores. A empresa se reserva o direito de fazer ajustes no texto para adequa\u00e7\u00e3o \u00e0s normas de publica\u00e7\u00e3o.<\/em><\/p>\n<\/p><\/div>\n<p><br \/>\n<br \/><a href=\"https:\/\/www.canalrural.com.br\/opiniao-noticias\/farelo-de-soja-atinge-minima-em-10-anos-e-oleo-sustenta-margens-da-industria-em-2025\/\">Source link <\/a><\/p>\n","protected":false},"excerpt":{"rendered":"<p>O mercado de farelo e \u00f3leo de soja em 2025 foi marcado por forte volatilidade, tanto na Bolsa de Chicago<\/p>\n","protected":false},"author":1,"featured_media":3815,"comment_status":"open","ping_status":"open","sticky":false,"template":"","format":"standard","meta":{"_monsterinsights_skip_tracking":false,"_monsterinsights_sitenote_active":false,"_monsterinsights_sitenote_note":"","_monsterinsights_sitenote_category":0,"_uf_show_specific_survey":0,"_uf_disable_surveys":false,"footnotes":""},"categories":[1],"tags":[],"class_list":["post-19715","post","type-post","status-publish","format-standard","has-post-thumbnail","hentry","category-news"],"_links":{"self":[{"href":"https:\/\/agromt.news\/index.php?rest_route=\/wp\/v2\/posts\/19715"}],"collection":[{"href":"https:\/\/agromt.news\/index.php?rest_route=\/wp\/v2\/posts"}],"about":[{"href":"https:\/\/agromt.news\/index.php?rest_route=\/wp\/v2\/types\/post"}],"author":[{"embeddable":true,"href":"https:\/\/agromt.news\/index.php?rest_route=\/wp\/v2\/users\/1"}],"replies":[{"embeddable":true,"href":"https:\/\/agromt.news\/index.php?rest_route=%2Fwp%2Fv2%2Fcomments&post=19715"}],"version-history":[{"count":0,"href":"https:\/\/agromt.news\/index.php?rest_route=\/wp\/v2\/posts\/19715\/revisions"}],"wp:featuredmedia":[{"embeddable":true,"href":"https:\/\/agromt.news\/index.php?rest_route=\/wp\/v2\/media\/3815"}],"wp:attachment":[{"href":"https:\/\/agromt.news\/index.php?rest_route=%2Fwp%2Fv2%2Fmedia&parent=19715"}],"wp:term":[{"taxonomy":"category","embeddable":true,"href":"https:\/\/agromt.news\/index.php?rest_route=%2Fwp%2Fv2%2Fcategories&post=19715"},{"taxonomy":"post_tag","embeddable":true,"href":"https:\/\/agromt.news\/index.php?rest_route=%2Fwp%2Fv2%2Ftags&post=19715"}],"curies":[{"name":"wp","href":"https:\/\/api.w.org\/{rel}","templated":true}]}}