{"id":19713,"date":"2025-09-04T16:42:39","date_gmt":"2025-09-04T20:42:39","guid":{"rendered":"https:\/\/agromt.news\/?p=19713"},"modified":"2025-09-04T16:42:39","modified_gmt":"2025-09-04T20:42:39","slug":"expo-rio-preto-2025-maior-edicao-da-historia-se-prepara-para-receber-3-mil-animais","status":"publish","type":"post","link":"https:\/\/agromt.news\/?p=19713","title":{"rendered":"Expo Rio Preto 2025: maior edi\u00e7\u00e3o da hist\u00f3ria se prepara para receber 3 mil animais"},"content":{"rendered":"<p> <br \/>\n<\/p>\n<div>\n<p>Pecuaristas, preparem-se para um dos eventos mais importantes do agroneg\u00f3cio paulista. A <strong>62\u00aa Expo Rio Preto<\/strong> promete ser a maior de sua hist\u00f3ria, com um investimento de <strong>R$ 2 milh\u00f5es<\/strong> e uma programa\u00e7\u00e3o dividida em duas fases: a \u201c<strong>Etapa Leite<\/strong>\u201d e a \u201c<strong>Etapa Corte<\/strong>\u201d. Assista ao v\u00eddeo abaixo e confira a programa\u00e7\u00e3o.<\/p>\n<figure class=\"wp-block-embed is-type-video is-provider-youtube wp-block-embed-youtube wp-embed-aspect-16-9 wp-has-aspect-ratio\">\n<p>\n<iframe title=\"EXPO RIO PRETO: PREPARE-SE PARA A MAIOR EXPOSI\u00c7\u00c3O DA HIST\u00d3RIA DE S\u00c3O JOS\u00c9 DO RIO PRETO\" width=\"800\" height=\"450\" src=\"https:\/\/www.youtube.com\/embed\/7CAq-oK7RS0?feature=oembed\" frameborder=\"0\" allow=\"accelerometer; autoplay; clipboard-write; encrypted-media; gyroscope; picture-in-picture; web-share\" referrerpolicy=\"strict-origin-when-cross-origin\" allowfullscreen><\/iframe><noscript><iframe title=\"EXPO RIO PRETO: PREPARE-SE PARA A MAIOR EXPOSI\u00c7\u00c3O DA HIST\u00d3RIA DE S\u00c3O JOS\u00c9 DO RIO PRETO\" width=\"800\" height=\"450\" src=\"https:\/\/www.youtube.com\/embed\/7CAq-oK7RS0?feature=oembed\" frameborder=\"0\" allow=\"accelerometer; autoplay; clipboard-write; encrypted-media; gyroscope; picture-in-picture; web-share\" referrerpolicy=\"strict-origin-when-cross-origin\" allowfullscreen><\/iframe><\/noscript>\n<\/p>\n<\/figure>\n<p>A feira, que acontecer\u00e1 no Recinto de Exposi\u00e7\u00f5es Alberto Bertelli Lucatto, em S\u00e3o Jos\u00e9 do Rio Preto, no <strong>estado de S\u00e3o Paulo<\/strong>, ter\u00e1 entrada e estacionamento gratuitos para toda a popula\u00e7\u00e3o.<\/p>\n<p><a href=\"https:\/\/girodoboi.canalrural.com.br\/pecuaria\/tecnologia-e-inovacao\/expo-rio-preto-prepare-se-para-a-maior-exposicao-da-historia-de-sao-jose-do-rio-preto\/\">O programa <strong>Giro do Boi<\/strong> entrevistou <strong>Carina Ayres<\/strong><\/a>, produtora rural, embaixadora do Congresso Nacional das Mulheres do Agro e secret\u00e1ria de Agricultura e Abastecimento do munic\u00edpio.<\/p>\n<p>Ela destacou a miss\u00e3o da feira de dar suporte a pequenos e m\u00e9dios produtores e promover a capacita\u00e7\u00e3o t\u00e9cnica, a sustentabilidade e a inova\u00e7\u00e3o.<\/p>\n<figure class=\"wp-block-image size-large\"><img fetchpriority=\"high\" decoding=\"async\" width=\"1024\" height=\"576\" alt=\"Organizadores da Expo Rio Preto. Foto: Divulga\u00e7\u00e3o\" class=\"wp-image-4120915\"  data-lazy- src=\"https:\/\/agromt.news\/wp-content\/uploads\/2025\/09\/Expo-Rio-Preto-2025-maior-edicao-da-historia-se-prepara.jpg\"\/><img decoding=\"async\" width=\"1024\" height=\"576\" src=\"https:\/\/agromt.news\/wp-content\/uploads\/2025\/09\/Expo-Rio-Preto-2025-maior-edicao-da-historia-se-prepara.jpg\" alt=\"Organizadores da Expo Rio Preto. Foto: Divulga\u00e7\u00e3o\" class=\"wp-image-4120915\"  \/><figcaption class=\"wp-element-caption\">Organizadores da Expo Rio Preto. Foto: Divulga\u00e7\u00e3o<\/figcaption><\/figure>\n<p>A <strong>62\u00aa Expo Rio Preto<\/strong>, sob o slogan \u201c<em>Bom de neg\u00f3cio. Bom para a fam\u00edlia<\/em>\u201d, foi planejada para atender a todos os elos da cadeia produtiva do agro. O evento se divide em duas etapas estrat\u00e9gicas:<\/p>\n<\/div>\n<div>\n<ul class=\"wp-block-list\">\n<li><strong>Etapa Leite:<\/strong> De 13 a 21 de setembro.<\/li>\n<li><strong>Etapa Corte:<\/strong> De 28 de setembro a 5 de outubro.<\/li>\n<\/ul>\n<p>A entrada e o estacionamento gratuitos s\u00e3o um dos grandes diferenciais da feira, que busca levar entretenimento e cultura para a popula\u00e7\u00e3o. A programa\u00e7\u00e3o inclui a \u201c<strong>Fazendinha<\/strong>\u201d, com exposi\u00e7\u00e3o de mini animais e esp\u00e9cies ex\u00f3ticas, para as crian\u00e7as da rede municipal de Educa\u00e7\u00e3o.<\/p>\n<h2 class=\"wp-block-heading\" id=\"h-programacao-diversificada-e-foco-em-negocios\">Programa\u00e7\u00e3o diversificada e foco em neg\u00f3cios<\/h2>\n<figure class=\"wp-block-image size-large\"><img decoding=\"async\" width=\"1024\" height=\"576\" alt=\"\" class=\"wp-image-4120917\"  data-lazy- src=\"https:\/\/agromt.news\/wp-content\/uploads\/2025\/09\/1757018559_199_Expo-Rio-Preto-2025-maior-edicao-da-historia-se-prepara.jpg\"\/><img loading=\"lazy\" decoding=\"async\" width=\"1024\" height=\"576\" src=\"https:\/\/agromt.news\/wp-content\/uploads\/2025\/09\/1757018559_199_Expo-Rio-Preto-2025-maior-edicao-da-historia-se-prepara.jpg\" alt=\"\" class=\"wp-image-4120917\"  \/><figcaption class=\"wp-element-caption\">Foto: Divulga\u00e7\u00e3o<\/figcaption><\/figure>\n<p>A Expo Rio Preto, que \u00e9 reconhecida como a maior feira agropecu\u00e1ria do Noroeste Paulista e a terceira maior do estado em n\u00famero de animais, ter\u00e1 uma programa\u00e7\u00e3o diversificada e completa, com foco em neg\u00f3cios e conhecimento.<\/p>\n<ul class=\"wp-block-list\">\n<li><strong>Exposi\u00e7\u00e3o de animais:<\/strong> Ser\u00e3o cerca de <strong>3 mil animais<\/strong>, entre bovinos, equinos e ovinos, de diversas ra\u00e7as (<strong>nelore<\/strong>, <strong>gir<\/strong>, <strong>girolando<\/strong>, <strong>mangalarga<\/strong>, <strong>quarto de milha<\/strong>, entre outras).<\/li>\n<li><strong>Julgamentos e leil\u00f5es:<\/strong> Haver\u00e1 julgamento de ra\u00e7as, <strong>sete leil\u00f5es<\/strong> (incluindo leil\u00e3o de gen\u00e9tica de touros e leil\u00e3o beneficente de ovinos, com verba revertida para a APAE).<\/li>\n<li><strong>Provas esportivas:<\/strong> Na nova arena multiuso, o p\u00fablico poder\u00e1 acompanhar a <strong>Prova do Tambor<\/strong> e o <strong>Ranch Sorting<\/strong>.<\/li>\n<li><strong>Exposi\u00e7\u00e3o de m\u00e1quinas:<\/strong> A feira ter\u00e1 exposi\u00e7\u00e3o de m\u00e1quinas e implementos agr\u00edcolas, mostrando as novidades em tecnologia de ponta.<\/li>\n<li><strong>Debates e capacita\u00e7\u00e3o:<\/strong> A Intertech Agro promover\u00e1 encontros e pain\u00e9is com foco em inova\u00e7\u00e3o, sustentabilidade e agricultura familiar. A programa\u00e7\u00e3o inclui o <strong>Encontro de Jovens do Agro<\/strong> e o <strong>Encontro de Mulheres Embaixadoras do Agro<\/strong>.<\/li>\n<\/ul>\n<p>A reativa\u00e7\u00e3o do projeto <strong>CATI Leite<\/strong>, que promete fortalecer a cadeia produtiva do leite, tamb\u00e9m ser\u00e1 um dos destaques do evento, que busca o desenvolvimento e a capacita\u00e7\u00e3o de todos os produtores, especialmente os pequenos e m\u00e9dios.<\/p>\n<\/p><\/div>\n<p><br \/>\n<br \/><a href=\"https:\/\/www.canalrural.com.br\/pecuaria\/expo-rio-preto-2025-maior-edicao-da-historia-se-prepara-para-receber-3-mil-animais\/\">Source link <\/a><\/p>\n","protected":false},"excerpt":{"rendered":"<p>Pecuaristas, preparem-se para um dos eventos mais importantes do agroneg\u00f3cio paulista. A 62\u00aa Expo Rio Preto promete ser a maior<\/p>\n","protected":false},"author":1,"featured_media":19714,"comment_status":"open","ping_status":"open","sticky":false,"template":"","format":"standard","meta":{"_monsterinsights_skip_tracking":false,"_monsterinsights_sitenote_active":false,"_monsterinsights_sitenote_note":"","_monsterinsights_sitenote_category":0,"_uf_show_specific_survey":0,"_uf_disable_surveys":false,"footnotes":""},"categories":[1],"tags":[],"class_list":["post-19713","post","type-post","status-publish","format-standard","has-post-thumbnail","hentry","category-news"],"_links":{"self":[{"href":"https:\/\/agromt.news\/index.php?rest_route=\/wp\/v2\/posts\/19713"}],"collection":[{"href":"https:\/\/agromt.news\/index.php?rest_route=\/wp\/v2\/posts"}],"about":[{"href":"https:\/\/agromt.news\/index.php?rest_route=\/wp\/v2\/types\/post"}],"author":[{"embeddable":true,"href":"https:\/\/agromt.news\/index.php?rest_route=\/wp\/v2\/users\/1"}],"replies":[{"embeddable":true,"href":"https:\/\/agromt.news\/index.php?rest_route=%2Fwp%2Fv2%2Fcomments&post=19713"}],"version-history":[{"count":0,"href":"https:\/\/agromt.news\/index.php?rest_route=\/wp\/v2\/posts\/19713\/revisions"}],"wp:featuredmedia":[{"embeddable":true,"href":"https:\/\/agromt.news\/index.php?rest_route=\/wp\/v2\/media\/19714"}],"wp:attachment":[{"href":"https:\/\/agromt.news\/index.php?rest_route=%2Fwp%2Fv2%2Fmedia&parent=19713"}],"wp:term":[{"taxonomy":"category","embeddable":true,"href":"https:\/\/agromt.news\/index.php?rest_route=%2Fwp%2Fv2%2Fcategories&post=19713"},{"taxonomy":"post_tag","embeddable":true,"href":"https:\/\/agromt.news\/index.php?rest_route=%2Fwp%2Fv2%2Ftags&post=19713"}],"curies":[{"name":"wp","href":"https:\/\/api.w.org\/{rel}","templated":true}]}}