{"id":19702,"date":"2025-09-04T13:39:18","date_gmt":"2025-09-04T17:39:18","guid":{"rendered":"https:\/\/agromt.news\/?p=19702"},"modified":"2025-09-04T13:39:18","modified_gmt":"2025-09-04T17:39:18","slug":"exportacoes-de-soja-dos-eua-registraram-alta-em-julho","status":"publish","type":"post","link":"https:\/\/agromt.news\/?p=19702","title":{"rendered":"Exporta\u00e7\u00f5es de soja dos EUA registraram alta em julho"},"content":{"rendered":"<p> <br \/>\n<br \/><img decoding=\"async\" src=\"https:\/\/agromt.news\/wp-content\/uploads\/2024\/10\/Eleicoes-americanas-e-crise-no-Oriente-Medio-o-que-esperar.jpg\" \/><\/p>\n<div>\n<p>As exporta\u00e7\u00f5es de soja dos <a href=\"https:\/\/www.canalrural.com.br\/?s=soja+dos+eua\">Estados Unidos <\/a>somaram 1,751 milh\u00e3o de toneladas em julho, um aumento em rela\u00e7\u00e3o ao n\u00famero de 1,500 milh\u00e3o de toneladas registradas em junho e 1,495 milh\u00e3o de toneladas do mesmo per\u00edodo de 2024. Os dados s\u00e3o do<a href=\"https:\/\/www.usa.gov\/agencies\/u-s-department-of-commerce\"> Departamento de Com\u00e9rcio dos EUA<\/a>.<\/p>\n<ul class=\"wp-block-list\">\n<li><strong><em>Fique por dentro das novidades e not\u00edcias recentes sobre a soja! Participe da nossa comunidade atrav\u00e9s do\u00a0<a href=\"https:\/\/chat.whatsapp.com\/BmMRwA0TZ2DHGyhzoaVEWu\">link<\/a>! \ud83c\udf31<\/em><\/strong><\/li>\n<\/ul>\n<h3 class=\"wp-block-heading\" id=\"h-derivados-de-soja\">Derivados de soja <\/h3>\n<p>No segmento de derivados, as exporta\u00e7\u00f5es de farelo de soja tamb\u00e9m cresceram, alcan\u00e7ando 1,010 milh\u00e3o de toneladas em julho, ante 1,000 milh\u00e3o de toneladas no m\u00eas anterior e 768,430 mil toneladas em julho do ano passado. <\/p>\n<\/div>\n<div>\n<p>J\u00e1 o \u00f3leo de soja apresentou queda, com 28,651 mil toneladas embarcadas, abaixo das 42,540 mil toneladas de junho e das 44,168 mil toneladas de julho de 2024.<\/p>\n<p>As informa\u00e7\u00f5es s\u00e3o da consultoria <a href=\"https:\/\/safras.com.br\/\">Safras &amp; Mercado<\/a>. <\/p>\n<\/p><\/div>\n<p><br \/>\n<br \/><a href=\"https:\/\/www.canalrural.com.br\/agricultura\/projeto-soja-brasil\/exportacoes-de-soja-dos-eua-registraram-alta-em-julho\/\">Source link <\/a><\/p>\n","protected":false},"excerpt":{"rendered":"<p>As exporta\u00e7\u00f5es de soja dos Estados Unidos somaram 1,751 milh\u00e3o de toneladas em julho, um aumento em rela\u00e7\u00e3o ao n\u00famero<\/p>\n","protected":false},"author":1,"featured_media":3641,"comment_status":"open","ping_status":"open","sticky":false,"template":"","format":"standard","meta":{"_monsterinsights_skip_tracking":false,"_monsterinsights_sitenote_active":false,"_monsterinsights_sitenote_note":"","_monsterinsights_sitenote_category":0,"_uf_show_specific_survey":0,"_uf_disable_surveys":false,"footnotes":""},"categories":[1],"tags":[],"class_list":["post-19702","post","type-post","status-publish","format-standard","has-post-thumbnail","hentry","category-news"],"_links":{"self":[{"href":"https:\/\/agromt.news\/index.php?rest_route=\/wp\/v2\/posts\/19702"}],"collection":[{"href":"https:\/\/agromt.news\/index.php?rest_route=\/wp\/v2\/posts"}],"about":[{"href":"https:\/\/agromt.news\/index.php?rest_route=\/wp\/v2\/types\/post"}],"author":[{"embeddable":true,"href":"https:\/\/agromt.news\/index.php?rest_route=\/wp\/v2\/users\/1"}],"replies":[{"embeddable":true,"href":"https:\/\/agromt.news\/index.php?rest_route=%2Fwp%2Fv2%2Fcomments&post=19702"}],"version-history":[{"count":0,"href":"https:\/\/agromt.news\/index.php?rest_route=\/wp\/v2\/posts\/19702\/revisions"}],"wp:featuredmedia":[{"embeddable":true,"href":"https:\/\/agromt.news\/index.php?rest_route=\/wp\/v2\/media\/3641"}],"wp:attachment":[{"href":"https:\/\/agromt.news\/index.php?rest_route=%2Fwp%2Fv2%2Fmedia&parent=19702"}],"wp:term":[{"taxonomy":"category","embeddable":true,"href":"https:\/\/agromt.news\/index.php?rest_route=%2Fwp%2Fv2%2Fcategories&post=19702"},{"taxonomy":"post_tag","embeddable":true,"href":"https:\/\/agromt.news\/index.php?rest_route=%2Fwp%2Fv2%2Ftags&post=19702"}],"curies":[{"name":"wp","href":"https:\/\/api.w.org\/{rel}","templated":true}]}}