{"id":19700,"date":"2025-09-04T13:12:12","date_gmt":"2025-09-04T17:12:12","guid":{"rendered":"https:\/\/agromt.news\/?p=19700"},"modified":"2025-09-04T13:12:12","modified_gmt":"2025-09-04T17:12:12","slug":"arena-do-turismo-rural-e-novidade-na-expointer-2025","status":"publish","type":"post","link":"https:\/\/agromt.news\/?p=19700","title":{"rendered":"Arena do Turismo Rural \u00e9 novidade na Expointer 2025"},"content":{"rendered":"<p> <br \/>\n<\/p>\n<div>\n<div class=\"row\">\n<div class=\"col-lg col-infos mt-0 mt-lg-0\">\n<div class=\"section-sub-title\">\n<p itemprop=\"description\">&#13;<br \/>\n                                Espa\u00e7o de 400m\u00b2 aposta em valoriza\u00e7\u00e3o do setor rural e das tradi\u00e7\u00f5es ga\u00fachas&#13;\n                            <\/p>\n<\/p><\/div>\n<div class=\"container\">\n<div class=\"row\">\n<div class=\"col-lg p-0 text-lg-end\">\n<div>\n<div id=\"mdEnviarPagina\" class=\"modal fade\" role=\"dialog\">\n<div class=\"modal-dialog\">\n<div class=\"modal-content\">\n<div class=\"modal-body\">\n<p><strong>Estimado usu\u00e1rio.<\/strong><br \/>Preencha o formul\u00e1rio abaixo para remeter a p\u00e1gina.<\/p>\n<\/p><\/div>\n<\/p><\/div>\n<\/p><\/div>\n<\/div><\/div>\n<\/p><\/div>\n<\/p><\/div>\n<\/p><\/div>\n<\/p><\/div>\n<\/p><\/div>\n<div class=\"row justify-content-md-center mt-3\">\n<div class=\"col-lg-auto col-image block-news-main-image\">\n<p>                                <img decoding=\"async\" src=\"https:\/\/www.agrolink.com.br\/upload\/imagens-resizes\/158ff5cfbbc340c7bc965f42468fea53_858x483.jpg\" class=\"lazyload img-fluid\"\/><br \/>\n                                                <span class=\"publicity-photo d-block mt-1\">Foto: Divulga\u00e7\u00e3o<\/span><\/p><\/div>\n<\/p><\/div>\n<div class=\"section-description section-description-noticias mt-3\">\n<p style=\"text-align:justify\">Quem caminha perto das tradicionais esferas do Parque Assis Brasil, em Esteio, logo percebe uma nova \u00e1rea na 48\u00aa Expointer. \u00c9 l\u00e1 que est\u00e1 localizada a Arena do Turismo Rural, um espa\u00e7o de 400m\u00b2 que contempla duas estruturas cobertas, conectadas por um pergolado para a circula\u00e7\u00e3o dos visitantes. O ambiente promove os destinos tur\u00edsticos ga\u00fachos atrav\u00e9s da valoriza\u00e7\u00e3o das manifesta\u00e7\u00f5es culturais e das experi\u00eancias locais. \u00a0\u00a0&#13;\n<\/p>\n<p style=\"text-align:justify\">A a\u00e7\u00e3o in\u00e9dita \u00e9 fruto de uma parceria entre a Secretaria de Turismo do Rio Grande do Sul (Setur\/RS) e a Associa\u00e7\u00e3o Brasileira das Ag\u00eancias de Viagens do Rio Grande do Sul (ABAV\/RS). \u00a0<\/p>\n<p style=\"text-align:justify\">Posicionada em local estrat\u00e9gico, a Arena se divide em dois ambientes: o pavilh\u00e3o principal \u00e9 inteiramente voltado ao turismo rural, com ag\u00eancias receptivas associadas \u00e0 ABAV posicionadas em balc\u00f5es para promover pacotes e roteiros pelo Estado; em frente &#8211; e conectada atrav\u00e9s de uma passagem &#8211; est\u00e1 uma \u00e1rea de mesmo tamanho que retrata a hist\u00f3ria, origens e s\u00edmbolos do tropeirismo, com direito a historiadores da \u00e1rea contando as tradi\u00e7\u00f5es para turmas de estudantes que visitam o estande. No mesmo espa\u00e7o se encontra a \u00e1rea reservada para apresenta\u00e7\u00f5es art\u00edsticas de grupos ga\u00fachos.\u00a0&#13;\n<\/p>\n<p style=\"text-align:justify\">A \u00e1rea, de 400m\u00b2 ao todo, reconhece o segmento do turismo rural em um importante contexto: nesta quarta-feira (3\/9), o secret\u00e1rio estadual do Turismo, Ronaldo Santini, e o ministro do Turismo, Celso Sabino, promovem a assinatura da portaria de autoriza\u00e7\u00e3o do Cadastro de Produtores Rurais no sistema de cadastro de pessoas f\u00edsicas e jur\u00eddicas que atuam no setor de turismo, o Cadastur. Com a Nova Lei Geral do Turismo, sancionada em 2024, os produtores rurais podem aderir ao Cadastur como prestadores de servi\u00e7os tur\u00edsticos, permitindo a promo\u00e7\u00e3o de produtos voltados \u00e0 agricultura familiar.\u00a0&#13;\n<\/p>\n<p style=\"text-align:justify\"><strong>Programa\u00e7\u00e3o dos pr\u00f3ximos dias<\/strong><\/p>\n<p style=\"text-align:justify\">De quinta-feira (4\/9) at\u00e9 domingo (7\/9), a Arena do Turismo Rural conta com uma extensa programa\u00e7\u00e3o de ativa\u00e7\u00f5es, com exposi\u00e7\u00f5es de munic\u00edpios, de produtores ga\u00fachos, al\u00e9m de apresenta\u00e7\u00f5es culturais, musicais e de cheffs.<\/p>\n<\/p><\/div>\n<\/p><\/div>\n<p><script data-cfasync=\"false\">\n    !function (f, b, e, v, n, t, s) {\n        if (f.fbq) return; n = f.fbq = function () {\n            n.callMethod ?\n                n.callMethod.apply(n, arguments) : n.queue.push(arguments)\n        };\n        if (!f._fbq) f._fbq = n; n.push = n; n.loaded = !0; n.version = '2.0';\n        n.queue = []; t = b.createElement(e); t.async = !0;\n        t.src = v; s = b.getElementsByTagName(e)[0];\n        s.parentNode.insertBefore(t, s)\n    }(window, document, 'script',\n        'https:\/\/connect.facebook.net\/en_US\/fbevents.js');\n    fbq('init', '522546078623747');\n    fbq('track', 'PageView');\n<\/script><br \/>\n<br \/><br \/>\n<br \/><a href=\"https:\/\/www.agrolink.com.br\/noticias\/arena-do-turismo-rural-e-novidade-na-expointer-2025_505617.html\">Source link <\/a><\/p>\n","protected":false},"excerpt":{"rendered":"<p>&#13; Espa\u00e7o de 400m\u00b2 aposta em valoriza\u00e7\u00e3o do setor rural e das tradi\u00e7\u00f5es ga\u00fachas&#13; Estimado usu\u00e1rio.Preencha o formul\u00e1rio abaixo para<\/p>\n","protected":false},"author":1,"featured_media":19701,"comment_status":"open","ping_status":"open","sticky":false,"template":"","format":"standard","meta":{"_monsterinsights_skip_tracking":false,"_monsterinsights_sitenote_active":false,"_monsterinsights_sitenote_note":"","_monsterinsights_sitenote_category":0,"_uf_show_specific_survey":0,"_uf_disable_surveys":false,"footnotes":""},"categories":[8,1,14],"tags":[],"class_list":["post-19700","post","type-post","status-publish","format-standard","has-post-thumbnail","hentry","category-agro","category-news","category-politica-agro"],"_links":{"self":[{"href":"https:\/\/agromt.news\/index.php?rest_route=\/wp\/v2\/posts\/19700"}],"collection":[{"href":"https:\/\/agromt.news\/index.php?rest_route=\/wp\/v2\/posts"}],"about":[{"href":"https:\/\/agromt.news\/index.php?rest_route=\/wp\/v2\/types\/post"}],"author":[{"embeddable":true,"href":"https:\/\/agromt.news\/index.php?rest_route=\/wp\/v2\/users\/1"}],"replies":[{"embeddable":true,"href":"https:\/\/agromt.news\/index.php?rest_route=%2Fwp%2Fv2%2Fcomments&post=19700"}],"version-history":[{"count":0,"href":"https:\/\/agromt.news\/index.php?rest_route=\/wp\/v2\/posts\/19700\/revisions"}],"wp:featuredmedia":[{"embeddable":true,"href":"https:\/\/agromt.news\/index.php?rest_route=\/wp\/v2\/media\/19701"}],"wp:attachment":[{"href":"https:\/\/agromt.news\/index.php?rest_route=%2Fwp%2Fv2%2Fmedia&parent=19700"}],"wp:term":[{"taxonomy":"category","embeddable":true,"href":"https:\/\/agromt.news\/index.php?rest_route=%2Fwp%2Fv2%2Fcategories&post=19700"},{"taxonomy":"post_tag","embeddable":true,"href":"https:\/\/agromt.news\/index.php?rest_route=%2Fwp%2Fv2%2Ftags&post=19700"}],"curies":[{"name":"wp","href":"https:\/\/api.w.org\/{rel}","templated":true}]}}