{"id":19699,"date":"2025-09-04T12:09:17","date_gmt":"2025-09-04T16:09:17","guid":{"rendered":"https:\/\/agromt.news\/?p=19699"},"modified":"2025-09-04T12:09:17","modified_gmt":"2025-09-04T16:09:17","slug":"brasil-deve-colher-552-milhoes-de-sacas-de-cafe-em-2025-diz-conab","status":"publish","type":"post","link":"https:\/\/agromt.news\/?p=19699","title":{"rendered":"Brasil deve colher 55,2 milh\u00f5es de sacas de caf\u00e9 em 2025, diz Conab"},"content":{"rendered":"<p> <br \/>\n<br \/><img decoding=\"async\" src=\"https:\/\/agromt.news\/wp-content\/uploads\/2025\/08\/Preco-do-cafe-cai-pela-primeira-vez-depois-de-um.webp.webp\" \/><\/p>\n<div>\n<p>O Brasil deve colher 55,2 milh\u00f5es de sacas de caf\u00e9, estima a Companhia Nacional de Abastecimento ( Conab). Esse n\u00famero representa um crescimento de 1,8% em compara\u00e7\u00e3o com 2024.<\/p>\n<p>De acordo com levantamento divulgado nesta quinta-feira (4) pela Conab, a produ\u00e7\u00e3o estimada de caf\u00e9 em 2025 \u00e9 influenciada pela recupera\u00e7\u00e3o de 3% na produtividade das lavouras na m\u00e9dia nacional, saindo de 28,8 sacas por hectare em 2024 para 29,7 sacas por hectare neste ano. J\u00e1 a \u00e1rea em produ\u00e7\u00e3o para o atual ciclo est\u00e1 estimada em 1,86 milh\u00e3o de hectares, redu\u00e7\u00e3o de 1,2% ao se comparar com 2024, enquanto a \u00e1rea em forma\u00e7\u00e3o registra um aumento de 11,9%, podendo chegar a 395,8 mil hectares.<\/p>\n<p>Com isso, a \u00e1rea total destinada \u00e0 cafeicultura em 2025, considerando as esp\u00e9cies ar\u00e1bica e conilon tanto em produ\u00e7\u00e3o como em forma\u00e7\u00e3o, \u00e9 de 2,25 milh\u00f5es de hectares, o que representa um crescimento de 0,9% em rela\u00e7\u00e3o ao ano anterior.<\/p>\n<p><em>Veja em primeira m\u00e3o tudo sobre agricultura, pecu\u00e1ria, economia e previs\u00e3o do tempo:<\/em><a href=\"https:\/\/news.google.com\/publications\/CAAqBwgKMPKZlQswq_mqAw?hl=pt-BR&amp;gl=BR&amp;ceid=BR%3Apt-419\" target=\"_blank\" rel=\"noreferrer noopener\"><em>\u00a0siga o Canal Rural no Google News!<\/em><\/a><\/p>\n<p>A produ\u00e7\u00e3o do caf\u00e9 ar\u00e1bica est\u00e1 estimada em 35,2 milh\u00f5es de sacas beneficiadas, o que representa uma redu\u00e7\u00e3o de 11,2% em compara\u00e7\u00e3o \u00e0 safra anterior. Essa queda \u00e9 explicada, principalmente, pelo ciclo de baixa bienalidade associado \u00e0 redu\u00e7\u00e3o da \u00e1rea em produ\u00e7\u00e3o. Minas Gerais, principal estado produtor de caf\u00e9 do pa\u00eds, concentra a maior \u00e1rea com a esp\u00e9cie, totalizando 1,38 milh\u00e3o de hectares, equivalente a 75,2% da \u00e1rea nacional de ar\u00e1bica.<\/p>\n<p>No estado, a produ\u00e7\u00e3o est\u00e1 estimada em 24,7 milh\u00f5es de sacas, redu\u00e7\u00e3o de 10,8% em rela\u00e7\u00e3o ao volume total produzido na safra anterior. Al\u00e9m da bienalidade negativa, o registro de longo per\u00edodo de seca nos meses que antecederam \u00e0 flora\u00e7\u00e3o influencia na queda esperada.<\/p>\n<\/div>\n<div>\n<p>No caso do conilon, a produ\u00e7\u00e3o est\u00e1 estimada em 20,1 milh\u00f5es de sacas beneficiadas, acr\u00e9scimo de 37,2% em rela\u00e7\u00e3o \u00e0 safra anterior. Esse resultado \u00e9 atribu\u00eddo \u00e0 melhor regularidade clim\u00e1tica durante as fases cr\u00edticas das lavouras, que favoreceu parte das floradas, e \u00e0 boa forma\u00e7\u00e3o de frutos por rosetas, em especial no Esp\u00edrito Santo que representa 69% da produ\u00e7\u00e3o de conilon no pa\u00eds.<\/p>\n<p>No estado, espera-se uma colheita de 13,8 milh\u00f5es de sacas desta esp\u00e9cie, incremento de de 40,3% em rela\u00e7\u00e3o \u00e0 safra anterior. Esta alta \u00e9 justificada pelas boas precipita\u00e7\u00f5es verificadas no norte do estado, que beneficiaram as lavouras de conilon.<\/p>\n<h2 class=\"wp-block-heading\" id=\"h-exportacoes\">Exporta\u00e7\u00f5es<\/h2>\n<p>O Brasil exportou 23,7 milh\u00f5es de sacas de 60 quilos de caf\u00e9 no acumulado de janeiro a julho de 2025, o que representa uma redu\u00e7\u00e3o de 16,4% na compara\u00e7\u00e3o com igual per\u00edodo de 2024, segundo dados do Minist\u00e9rio do Desenvolvimento, Ind\u00fastria, Com\u00e9rcio e Servi\u00e7os (MDIC).<\/p>\n<p>Apesar da redu\u00e7\u00e3o no comparativo anual, a quantidade exportada nos sete primeiros meses de 2025 \u00e9 a terceira maior j\u00e1 registrada no Brasil, na compara\u00e7\u00e3o com igual per\u00edodo dos anos anteriores. Essa redu\u00e7\u00e3o no volume de caf\u00e9 exportado pelo Brasil nos primeiros meses de 2025 j\u00e1 era esperada, sendo influenciada pela restri\u00e7\u00e3o dos estoques internos ap\u00f3s o recorde de exporta\u00e7\u00e3o em 2024 e pela limita\u00e7\u00e3o da produ\u00e7\u00e3o de ar\u00e1bica na safra em andamento.<\/p>\n<p>No mesmo intervalo, a exporta\u00e7\u00e3o brasileira de caf\u00e9 nos sete primeiros meses de 2025 somou cerca de US$ 9 bilh\u00f5es, o que representa uma alta de 44,1% na compara\u00e7\u00e3o com igual per\u00edodo de 2024 e corresponde ao maior valor j\u00e1 registrado para o per\u00edodo, na compara\u00e7\u00e3o com os anos anteriores. A alta dos pre\u00e7os internacionais do caf\u00e9, especialmente no primeiro bimestre do ano, favoreceu esse aumento da exporta\u00e7\u00e3o em valor, mesmo com a queda do volume embarcado no per\u00edodo.<\/p>\n<\/p><\/div>\n<p><br \/>\n<br \/><a href=\"https:\/\/www.canalrural.com.br\/agricultura\/cafe\/brasil-deve-colher-552-milhoes-de-sacas-de-cafe-em-2025-diz-conab\/\">Source link <\/a><\/p>\n","protected":false},"excerpt":{"rendered":"<p>O Brasil deve colher 55,2 milh\u00f5es de sacas de caf\u00e9, estima a Companhia Nacional de Abastecimento ( Conab). Esse n\u00famero<\/p>\n","protected":false},"author":1,"featured_media":18457,"comment_status":"open","ping_status":"open","sticky":false,"template":"","format":"standard","meta":{"_monsterinsights_skip_tracking":false,"_monsterinsights_sitenote_active":false,"_monsterinsights_sitenote_note":"","_monsterinsights_sitenote_category":0,"_uf_show_specific_survey":0,"_uf_disable_surveys":false,"footnotes":""},"categories":[1],"tags":[],"class_list":["post-19699","post","type-post","status-publish","format-standard","has-post-thumbnail","hentry","category-news"],"_links":{"self":[{"href":"https:\/\/agromt.news\/index.php?rest_route=\/wp\/v2\/posts\/19699"}],"collection":[{"href":"https:\/\/agromt.news\/index.php?rest_route=\/wp\/v2\/posts"}],"about":[{"href":"https:\/\/agromt.news\/index.php?rest_route=\/wp\/v2\/types\/post"}],"author":[{"embeddable":true,"href":"https:\/\/agromt.news\/index.php?rest_route=\/wp\/v2\/users\/1"}],"replies":[{"embeddable":true,"href":"https:\/\/agromt.news\/index.php?rest_route=%2Fwp%2Fv2%2Fcomments&post=19699"}],"version-history":[{"count":0,"href":"https:\/\/agromt.news\/index.php?rest_route=\/wp\/v2\/posts\/19699\/revisions"}],"wp:featuredmedia":[{"embeddable":true,"href":"https:\/\/agromt.news\/index.php?rest_route=\/wp\/v2\/media\/18457"}],"wp:attachment":[{"href":"https:\/\/agromt.news\/index.php?rest_route=%2Fwp%2Fv2%2Fmedia&parent=19699"}],"wp:term":[{"taxonomy":"category","embeddable":true,"href":"https:\/\/agromt.news\/index.php?rest_route=%2Fwp%2Fv2%2Fcategories&post=19699"},{"taxonomy":"post_tag","embeddable":true,"href":"https:\/\/agromt.news\/index.php?rest_route=%2Fwp%2Fv2%2Ftags&post=19699"}],"curies":[{"name":"wp","href":"https:\/\/api.w.org\/{rel}","templated":true}]}}