{"id":19697,"date":"2025-09-04T11:53:39","date_gmt":"2025-09-04T15:53:39","guid":{"rendered":"https:\/\/agromt.news\/?p=19697"},"modified":"2025-09-04T11:53:39","modified_gmt":"2025-09-04T15:53:39","slug":"decisao-judicial-sobre-uso-de-herbicida-24-d-causa-preocupacao-entre-produtores-de-graos-do-rs","status":"publish","type":"post","link":"https:\/\/agromt.news\/?p=19697","title":{"rendered":"Decis\u00e3o judicial sobre uso de herbicida 2,4-D causa preocupa\u00e7\u00e3o entre produtores de gr\u00e3os do RS"},"content":{"rendered":"<p> <br \/>\n<br \/><img decoding=\"async\" src=\"https:\/\/agromt.news\/wp-content\/uploads\/2025\/09\/Decisao-judicial-sobre-uso-de-herbicida-24-D-causa-preocupacao-entre.jpeg\" \/><\/p>\n<div>\n<p>Em decis\u00e3o proferida na \u00faltima segunda-feira (1\u00ba), a ju\u00edza Patr\u00edcia Antunes Laydner, da Vara Regional do Meio Ambiente do Tribunal de Justi\u00e7a do Rio Grande do Sul, determinou a proibi\u00e7\u00e3o imediata do uso do herbicida \u00e0 base de 2,4-Dem toda a regi\u00e3o da Campanha Ga\u00facha. A restri\u00e7\u00e3o tamb\u00e9m vale para \u00e1reas localizadas a menos de 50 metros de planta\u00e7\u00f5es de uva e ma\u00e7\u00e3 em qualquer regi\u00e3o do estado.<\/p>\n<p><em>Veja em primeira m\u00e3o tudo sobre agricultura, pecu\u00e1ria, economia e previs\u00e3o do tempo:<\/em><a href=\"https:\/\/news.google.com\/publications\/CAAqBwgKMPKZlQswq_mqAw?hl=pt-BR&amp;gl=BR&amp;ceid=BR%3Apt-419\" target=\"_blank\" rel=\"noreferrer noopener\"><em>\u00a0siga o Canal Rural no Google News!<\/em><\/a><\/p>\n<p>A magistrada destacou que o produto tem alto potencial de deriva, quando part\u00edculas do qu\u00edmico s\u00e3o carregadas pelo vento, atingindo lavouras vizinhas e provocando danos ambientais e riscos \u00e0 sa\u00fade. Entre as culturas mais vulner\u00e1veis, foram citadas a viticultura e a fruticultura familiar.<\/p>\n<p>A liminar concede 120 dias para que o governo estadual apresente e implemente um sistema de monitoramento e fiscaliza\u00e7\u00e3o, al\u00e9m de definir zonas de exclus\u00e3o em locais de maior risco de deriva. Tamb\u00e9m prev\u00ea ampla divulga\u00e7\u00e3o da medida a agricultores, distribuidores de insumos e \u00e0 popula\u00e7\u00e3o. O descumprimento pode gerar multa di\u00e1ria de R$ 10 mil.<\/p>\n<h2 class=\"wp-block-heading\" id=\"h-impacto-na-safra-de-graos\">Impacto na safra de gr\u00e3os<\/h2>\n<p>\u00c0s v\u00e9speras do in\u00edcio da safra 2025\/26, a decis\u00e3o gera apreens\u00e3o entre produtores de gr\u00e3os, especialmente de soja e arroz.<\/p>\n<\/div>\n<div>\n<p>\u201cEssa decis\u00e3o traz pontos positivos para culturas mais sens\u00edveis, mas para os produtores de gr\u00e3os da nossa regi\u00e3o tem diversos impactos negativos. Um deles \u00e9 o <em>alto custo de tecnologias alternativas<\/em>* contra ervas daninhas resistentes, j\u00e1 que o 2,4-D \u00e9, at\u00e9 agora, uma ferramenta barata e eficaz. Al\u00e9m disso, muitos produtores j\u00e1 adquiriram sementes de soja da tecnologia Enlist, que exigem o uso desse herbicida em etapas posteriores. Isso gera complica\u00e7\u00f5es na implanta\u00e7\u00e3o e desenvolvimento da nova safra. No entanto, \u00e9 preciso buscar caminhos de coexist\u00eancia entre todas as culturas, pensando sempre no desenvolvimento regional\u201d, afirmou Gilberto Dickel da Fontoura, presidente da Cotrisul, cooperativa de produtores de gr\u00e3os de Ca\u00e7apava do Sul.<\/p>\n<h2 class=\"wp-block-heading\" id=\"h-secretaria-da-agricultura\">Secretaria da Agricultura <\/h2>\n<p>A Secretaria da Agricultura, Pecu\u00e1ria, Produ\u00e7\u00e3o Sustent\u00e1vel e Irriga\u00e7\u00e3o (Seapi)informou que est\u00e1 avaliando as medidas cab\u00edveis diante da decis\u00e3o, com o objetivo de assegurar a prote\u00e7\u00e3o das lavouras e evitar preju\u00edzos ao calend\u00e1rio agr\u00edcola.<\/p>\n<p>Durante a Expointer, a pasta assinou um protocolo de inten\u00e7\u00f5es para fortalecer a Pol\u00edtica Estadual de Conserva\u00e7\u00e3o do Solo e da \u00c1gua, em parceria com entidades como Emater, Fetag-RS e CREA-RS, refor\u00e7ando o compromisso com pr\u00e1ticas agr\u00edcolas sustent\u00e1veis.<\/p>\n<p>A Seapi lembrou ainda que, desde 2019, adota medidas espec\u00edficas para reduzir os impactos da deriva do 2,4-D, como as Instru\u00e7\u00f5es Normativas n\u00ba 05 e 06, que institu\u00edram termos de responsabilidade, cadastramento de aplicadores, registro de \u00e1reas sens\u00edveis e exig\u00eancia de declara\u00e7\u00e3o de uso.<\/p>\n<p>Segundo dados da Secretaria, essas a\u00e7\u00f5es j\u00e1 resultaram em avan\u00e7os: houve redu\u00e7\u00e3o de 40,28% nas ocorr\u00eancias de deriva entre a safra 2022\/23 e as anteriores, acumulando uma queda superior a 63% nos \u00faltimos dois anos.<\/p>\n<\/p><\/div>\n<p><br \/>\n<br \/><a href=\"https:\/\/www.canalrural.com.br\/agricultura\/decisao-judicial-sobre-uso-de-herbicida-24-d-causa-preocupacao-entre-produtores-de-graos-do-rs\/\">Source link <\/a><\/p>\n","protected":false},"excerpt":{"rendered":"<p>Em decis\u00e3o proferida na \u00faltima segunda-feira (1\u00ba), a ju\u00edza Patr\u00edcia Antunes Laydner, da Vara Regional do Meio Ambiente do Tribunal<\/p>\n","protected":false},"author":1,"featured_media":19698,"comment_status":"open","ping_status":"open","sticky":false,"template":"","format":"standard","meta":{"_monsterinsights_skip_tracking":false,"_monsterinsights_sitenote_active":false,"_monsterinsights_sitenote_note":"","_monsterinsights_sitenote_category":0,"_uf_show_specific_survey":0,"_uf_disable_surveys":false,"footnotes":""},"categories":[1],"tags":[],"class_list":["post-19697","post","type-post","status-publish","format-standard","has-post-thumbnail","hentry","category-news"],"_links":{"self":[{"href":"https:\/\/agromt.news\/index.php?rest_route=\/wp\/v2\/posts\/19697"}],"collection":[{"href":"https:\/\/agromt.news\/index.php?rest_route=\/wp\/v2\/posts"}],"about":[{"href":"https:\/\/agromt.news\/index.php?rest_route=\/wp\/v2\/types\/post"}],"author":[{"embeddable":true,"href":"https:\/\/agromt.news\/index.php?rest_route=\/wp\/v2\/users\/1"}],"replies":[{"embeddable":true,"href":"https:\/\/agromt.news\/index.php?rest_route=%2Fwp%2Fv2%2Fcomments&post=19697"}],"version-history":[{"count":0,"href":"https:\/\/agromt.news\/index.php?rest_route=\/wp\/v2\/posts\/19697\/revisions"}],"wp:featuredmedia":[{"embeddable":true,"href":"https:\/\/agromt.news\/index.php?rest_route=\/wp\/v2\/media\/19698"}],"wp:attachment":[{"href":"https:\/\/agromt.news\/index.php?rest_route=%2Fwp%2Fv2%2Fmedia&parent=19697"}],"wp:term":[{"taxonomy":"category","embeddable":true,"href":"https:\/\/agromt.news\/index.php?rest_route=%2Fwp%2Fv2%2Fcategories&post=19697"},{"taxonomy":"post_tag","embeddable":true,"href":"https:\/\/agromt.news\/index.php?rest_route=%2Fwp%2Fv2%2Ftags&post=19697"}],"curies":[{"name":"wp","href":"https:\/\/api.w.org\/{rel}","templated":true}]}}