{"id":19694,"date":"2025-09-04T11:12:30","date_gmt":"2025-09-04T15:12:30","guid":{"rendered":"https:\/\/agromt.news\/?p=19694"},"modified":"2025-09-04T11:12:30","modified_gmt":"2025-09-04T15:12:30","slug":"trump-planeja-se-reunir-com-putin-ja-na-proxima-semana-informa-new-york-times","status":"publish","type":"post","link":"https:\/\/agromt.news\/?p=19694","title":{"rendered":"Trump planeja se reunir com Putin j\u00e1 na pr\u00f3xima semana, informa New York Times"},"content":{"rendered":"<p> <br \/>\n<\/p>\n<div>\n<div class=\"materia\">\n<p><img decoding=\"async\" alt=\"Logotipo Reuters\" height=\"22\" src=\"https:\/\/cdn.noticiasagricolas.com.br\/dbimagens\/0f687b0f35da9d220b6477534ce7c667.gif\" width=\"71\"\/><\/p>\n<p>\u00a0<\/p>\n<p>WASHINGTON (Reuters) &#8211; O presidente dos Estados Unidos, Donald Trump, planeja se reunir pessoalmente com o presidente russo, Vladimir Putin, j\u00e1 na pr\u00f3xima semana, informou o New York Times nesta quarta-feira, citando duas pessoas familiarizadas com o plano.<\/p>\n<p>Trump ent\u00e3o planeja se reunir com Putin e o presidente ucraniano, Volodymyr Zelenskiy, informou o jornal, acrescentando que os planos foram divulgados em um telefonema com l\u00edderes europeus nesta quarta-feira.<\/p>\n<p>A Casa Branca n\u00e3o respondeu imediatamente sobre a reportagem, mas mais cedo Trump reconheceu que conversou com l\u00edderes europeus ap\u00f3s a reuni\u00e3o &#8220;altamente produtiva&#8221; do enviado dos EUA Steve Witkoff com Putin na R\u00fassia.<\/p>\n<p>Ao observar que houve um &#8220;grande progresso&#8221; durante a reuni\u00e3o, Trump escreveu no Truth Social: &#8220;Todos concordam que essa guerra deve chegar ao fim, e trabalharemos para isso nos pr\u00f3ximos dias e semanas&#8221;.<\/p>\n<p>Trump, que prometeu acabar com a guerra da R\u00fassia na Ucr\u00e2nia no &#8220;primeiro dia&#8221; durante sua campanha presidencial, realizou v\u00e1rias liga\u00e7\u00f5es telef\u00f4nicas com Putin e se reuniu com Zelenskiy desde que retornou \u00e0 Casa Branca em janeiro.<\/p>\n<p>No entanto, nas \u00faltimas semanas, ele tem ficado cada vez mais frustrado com Moscou devido \u00e0 falta de progresso no sentido de encerrar o conflito de tr\u00eas anos.<\/p>\n<p>(Reportagem de Jasper Ward e Andrea Shalal)<\/p>\n<\/p><\/div>\n<div class=\"grupo-whatsapp\">\n      J\u00e1 segue nosso Canal oficial no WhatsApp? <a href=\"https:\/\/bit.ly\/Canal_NA\" target=\"_blank\" rel=\"noopener\"><strong>Clique Aqui<\/strong><\/a> para receber em primeira m\u00e3o as principais not\u00edcias do agroneg\u00f3cio\n    <\/div>\n<\/p><\/div>\n<p><script async defer src=\"https:\/\/connect.facebook.net\/en_US\/sdk.js\"><\/script><script>\n  !function(f,b,e,v,n,t,s)\n  {if(f.fbq)return;n=f.fbq=function(){n.callMethod?\n    n.callMethod.apply(n,arguments):n.queue.push(arguments)};\n    if(!f._fbq)f._fbq=n;n.push=n;n.loaded=!0;n.version='2.0';\n    n.queue=[];t=b.createElement(e);t.async=!0;\n    t.src=v;s=b.getElementsByTagName(e)[0];\n    s.parentNode.insertBefore(t,s)}(window, document,'script',\n    'https:\/\/connect.facebook.net\/en_US\/fbevents.js');\n  fbq('init', '153495679422335');\n  fbq('track', 'PageView');\n<\/script><br \/>\n<br \/><br \/>\n<br \/><a href=\"https:\/\/www.noticiasagricolas.com.br\/noticias\/politica-economia\/405338-trump-planeja-se-reunir-com-putin-ja-na-proxima-semana-informa-new-york-times.html\">Source link <\/a><\/p>\n","protected":false},"excerpt":{"rendered":"<p>\u00a0 WASHINGTON (Reuters) &#8211; O presidente dos Estados Unidos, Donald Trump, planeja se reunir pessoalmente com o presidente russo, Vladimir<\/p>\n","protected":false},"author":1,"featured_media":19695,"comment_status":"open","ping_status":"open","sticky":false,"template":"","format":"standard","meta":{"_monsterinsights_skip_tracking":false,"_monsterinsights_sitenote_active":false,"_monsterinsights_sitenote_note":"","_monsterinsights_sitenote_category":0,"_uf_show_specific_survey":0,"_uf_disable_surveys":false,"footnotes":""},"categories":[8,1,14,16],"tags":[],"class_list":["post-19694","post","type-post","status-publish","format-standard","has-post-thumbnail","hentry","category-agro","category-news","category-politica-agro","category-safra"],"_links":{"self":[{"href":"https:\/\/agromt.news\/index.php?rest_route=\/wp\/v2\/posts\/19694"}],"collection":[{"href":"https:\/\/agromt.news\/index.php?rest_route=\/wp\/v2\/posts"}],"about":[{"href":"https:\/\/agromt.news\/index.php?rest_route=\/wp\/v2\/types\/post"}],"author":[{"embeddable":true,"href":"https:\/\/agromt.news\/index.php?rest_route=\/wp\/v2\/users\/1"}],"replies":[{"embeddable":true,"href":"https:\/\/agromt.news\/index.php?rest_route=%2Fwp%2Fv2%2Fcomments&post=19694"}],"version-history":[{"count":0,"href":"https:\/\/agromt.news\/index.php?rest_route=\/wp\/v2\/posts\/19694\/revisions"}],"wp:featuredmedia":[{"embeddable":true,"href":"https:\/\/agromt.news\/index.php?rest_route=\/wp\/v2\/media\/19695"}],"wp:attachment":[{"href":"https:\/\/agromt.news\/index.php?rest_route=%2Fwp%2Fv2%2Fmedia&parent=19694"}],"wp:term":[{"taxonomy":"category","embeddable":true,"href":"https:\/\/agromt.news\/index.php?rest_route=%2Fwp%2Fv2%2Fcategories&post=19694"},{"taxonomy":"post_tag","embeddable":true,"href":"https:\/\/agromt.news\/index.php?rest_route=%2Fwp%2Fv2%2Ftags&post=19694"}],"curies":[{"name":"wp","href":"https:\/\/api.w.org\/{rel}","templated":true}]}}