{"id":19692,"date":"2025-09-04T10:55:15","date_gmt":"2025-09-04T14:55:15","guid":{"rendered":"https:\/\/agromt.news\/?p=19692"},"modified":"2025-09-04T10:55:15","modified_gmt":"2025-09-04T14:55:15","slug":"estudo-sobre-mercado-de-trabalho-na-cadeia-da-soja-e-apresentado-em-congresso-internacional","status":"publish","type":"post","link":"https:\/\/agromt.news\/?p=19692","title":{"rendered":"Estudo sobre mercado de trabalho na cadeia da soja \u00e9 apresentado em congresso internacional"},"content":{"rendered":"<p> <br \/>\n<br \/><img decoding=\"async\" src=\"https:\/\/agromt.news\/wp-content\/uploads\/2025\/09\/Estudo-sobre-mercado-de-trabalho-na-cadeia-da-soja-e.jpg\" \/><\/p>\n<div>\n<p>O pesquisador do Centro de Estudos Avan\u00e7ados em Economia Aplicada (<a href=\"https:\/\/www.cepea.org.br\/br\">Cepea<\/a>), da Esalq\/USP, Rodrigo Peixoto da Silva, apresentou, na \u00faltima semana, um estudo cient\u00edfico que analisa a evolu\u00e7\u00e3o do mercado de trabalho na <a href=\"https:\/\/www.canalrural.com.br\/?s=soja\">cadeia produtiva <\/a>da soja e do <a href=\"https:\/\/www.canalrural.com.br\/?s=biodiesel\">biodiesel<\/a>. Apresentado durante o 64\u00ba Congresso da European Regional Science Association (ERSA), em Atenas, Gr\u00e9cia, o material foi desenvolvido em parceria entre o Cepea e a Associa\u00e7\u00e3o Brasileira das Ind\u00fastrias de \u00d3leos Vegetais (<a href=\"https:\/\/abiove.org.br\/\">Abiove<\/a>).<\/p>\n<ul class=\"wp-block-list\">\n<li><strong><em>Fique por dentro das novidades e not\u00edcias recentes sobre a soja! Participe da nossa comunidade atrav\u00e9s do\u00a0<a href=\"https:\/\/chat.whatsapp.com\/BmMRwA0TZ2DHGyhzoaVEWu\">link<\/a>! \ud83c\udf31<\/em><\/strong><\/li>\n<\/ul>\n<h3 class=\"wp-block-heading\" id=\"h-servicos-com-a-soja\">Servi\u00e7os com a soja<\/h3>\n<p>Entre os resultados, o estudo aponta que a popula\u00e7\u00e3o ocupada na cadeia produtiva da soja e do biodiesel duplicou entre 2012 e 2024, alcan\u00e7ando 2,26 milh\u00f5es de trabalhadores. O segmento de servi\u00e7os se manteve como o maior empregador, passando de 793 mil pessoas em 2012 para 1,6 milh\u00e3o em 2024. J\u00e1 o segmento prim\u00e1rio, ligado diretamente \u00e0 produ\u00e7\u00e3o de soja no campo, apresentou o maior avan\u00e7o proporcional, com crescimento de 118% no per\u00edodo. A ind\u00fastria tamb\u00e9m registrou expans\u00e3o, com aumento de 56% e cerca de 89 mil pessoas ocupadas em 2024.<\/p>\n<p>O perfil da popula\u00e7\u00e3o ocupada na cadeia \u00e9 predominantemente masculino, formal e mais qualificado. A participa\u00e7\u00e3o de trabalhadores com carteira assinada se manteve est\u00e1vel em torno de 77% do total, enquanto a presen\u00e7a feminina permaneceu pr\u00f3xima a 35% entre 2012 e 2024. Por outro lado, houve avan\u00e7o importante no n\u00edvel de escolaridade: a participa\u00e7\u00e3o de pessoas com ensino m\u00e9dio cresceu de 32,8% para 40,2% no per\u00edodo, enquanto a presen\u00e7a de profissionais com n\u00edvel superior subiu de 12% para 20,2%.<\/p>\n<\/div>\n<div>\n<p>Os rendimentos tamb\u00e9m tiveram crescimento expressivo. No segmento prim\u00e1rio da soja, os sal\u00e1rios reais aumentaram 37% entre 2012 e 2024, enquanto a ind\u00fastria registrou alta de 22%. Esse movimento ocorreu em paralelo ao aumento da qualifica\u00e7\u00e3o, refor\u00e7ando a tend\u00eancia de valoriza\u00e7\u00e3o da m\u00e3o de obra no setor.<\/p>\n<h3 class=\"wp-block-heading\" id=\"h-sul-do-brasil\">Sul do Brasil <\/h3>\n<p>Regionalmente, a pesquisa mostra que a regi\u00e3o Sul do Brasil \u00e9 a maior empregadora no segmento prim\u00e1rio da soja. O n\u00famero de trabalhadores cresceu de forma cont\u00ednua at\u00e9 2021, quando chegou a 293 mil pessoas ocupadas, mas recuou posteriormente, alcan\u00e7ando 245 mil em 2023. O Centro-Oeste aparece em segundo lugar, com destaque para microrregi\u00f5es como Cruz Alta, Santiago e Iju\u00ed (RS), Sudoeste de Goi\u00e1s (GO), Dourados (MS), Parecis e Alto Teles Pires (MT), al\u00e9m de Campo Mour\u00e3o e Guarapuava (PR).<\/p>\n<h3 class=\"wp-block-heading\" id=\"h-centro-oeste\">Centro-Oeste<\/h3>\n<p>No caso do Centro-Oeste, a concentra\u00e7\u00e3o da m\u00e3o de obra \u00e9 marcante. Apenas quatro microrregi\u00f5es, como Sudoeste de Goi\u00e1s, Dourados, Campo Novo do Parecis e Alto Teles Pires responderam por cerca de 40% da popula\u00e7\u00e3o ocupada na regi\u00e3o entre 2022 e 2024, evidenciando a relev\u00e2ncia na gera\u00e7\u00e3o de empregos ligados \u00e0 produ\u00e7\u00e3o de soja.<\/p>\n<h3 class=\"wp-block-heading\" id=\"h-objetivo\">Objetivo <\/h3>\n<p>O pesquisador do Cepea Rodrigo Peixoto, que apresentou o estudo no congresso, afirmou que a participa\u00e7\u00e3o foi uma oportunidade de mostrar a realidade brasileira a pesquisadores de outros pa\u00edses, identificar pontos em comum e discutir solu\u00e7\u00f5es para as desigualdades regionais, contribuindo para o debate internacional sobre o mercado de trabalho na cadeia da soja.<\/p>\n<\/p><\/div>\n<p><br \/>\n<br \/><a href=\"https:\/\/www.canalrural.com.br\/agricultura\/projeto-soja-brasil\/estudo-sobre-mercado-de-trabalho-na-cadeia-da-soja-e-apresentado-em-congresso-internacional\/\">Source link <\/a><\/p>\n","protected":false},"excerpt":{"rendered":"<p>O pesquisador do Centro de Estudos Avan\u00e7ados em Economia Aplicada (Cepea), da Esalq\/USP, Rodrigo Peixoto da Silva, apresentou, na \u00faltima<\/p>\n","protected":false},"author":1,"featured_media":19693,"comment_status":"open","ping_status":"open","sticky":false,"template":"","format":"standard","meta":{"_monsterinsights_skip_tracking":false,"_monsterinsights_sitenote_active":false,"_monsterinsights_sitenote_note":"","_monsterinsights_sitenote_category":0,"_uf_show_specific_survey":0,"_uf_disable_surveys":false,"footnotes":""},"categories":[1],"tags":[],"class_list":["post-19692","post","type-post","status-publish","format-standard","has-post-thumbnail","hentry","category-news"],"_links":{"self":[{"href":"https:\/\/agromt.news\/index.php?rest_route=\/wp\/v2\/posts\/19692"}],"collection":[{"href":"https:\/\/agromt.news\/index.php?rest_route=\/wp\/v2\/posts"}],"about":[{"href":"https:\/\/agromt.news\/index.php?rest_route=\/wp\/v2\/types\/post"}],"author":[{"embeddable":true,"href":"https:\/\/agromt.news\/index.php?rest_route=\/wp\/v2\/users\/1"}],"replies":[{"embeddable":true,"href":"https:\/\/agromt.news\/index.php?rest_route=%2Fwp%2Fv2%2Fcomments&post=19692"}],"version-history":[{"count":0,"href":"https:\/\/agromt.news\/index.php?rest_route=\/wp\/v2\/posts\/19692\/revisions"}],"wp:featuredmedia":[{"embeddable":true,"href":"https:\/\/agromt.news\/index.php?rest_route=\/wp\/v2\/media\/19693"}],"wp:attachment":[{"href":"https:\/\/agromt.news\/index.php?rest_route=%2Fwp%2Fv2%2Fmedia&parent=19692"}],"wp:term":[{"taxonomy":"category","embeddable":true,"href":"https:\/\/agromt.news\/index.php?rest_route=%2Fwp%2Fv2%2Fcategories&post=19692"},{"taxonomy":"post_tag","embeddable":true,"href":"https:\/\/agromt.news\/index.php?rest_route=%2Fwp%2Fv2%2Ftags&post=19692"}],"curies":[{"name":"wp","href":"https:\/\/api.w.org\/{rel}","templated":true}]}}