{"id":19691,"date":"2025-09-04T09:52:47","date_gmt":"2025-09-04T13:52:47","guid":{"rendered":"https:\/\/agromt.news\/?p=19691"},"modified":"2025-09-04T09:52:47","modified_gmt":"2025-09-04T13:52:47","slug":"sebrae-impulsiona-pequenos-negocios-rumo-a-sustentabilidade","status":"publish","type":"post","link":"https:\/\/agromt.news\/?p=19691","title":{"rendered":"Sebrae impulsiona pequenos neg\u00f3cios rumo \u00e0 sustentabilidade"},"content":{"rendered":"<p> <br \/>\n<br \/><img decoding=\"async\" src=\"https:\/\/agromt.news\/wp-content\/uploads\/2025\/05\/comunidades-da-Amazonia-sofrem-com-falta-de-agua-potavel-e.jpg\" \/><\/p>\n<div>\n<p>Com a COP30 se aproximando, o mundo inteiro volta os olhos para a sustentabilidade e para os caminhos poss\u00edveis em dire\u00e7\u00e3o a um futuro mais verde. Esse cen\u00e1rio representa uma oportunidade \u00fanica para empreendedores que desejam alinhar seus neg\u00f3cios \u00e0s pr\u00e1ticas sustent\u00e1veis e \u00e0s novas demandas globais. A confer\u00eancia surge como um marco capaz de transformar o ambiente de neg\u00f3cios, ao impulsionar solu\u00e7\u00f5es inovadoras e conscientes. Nesse contexto, o Sebrae se coloca como parceiro estrat\u00e9gico, apoiando e fortalecendo pequenos empreendedores que desejam gerar impacto positivo no planeta.<\/p>\n<h2 class=\"wp-block-heading has-medium-font-size\" id=\"h-setores-em-destaque-para-a-cop30\">Setores em destaque para a COP30<\/h2>\n<p>Em Bel\u00e9m, cidade-sede do evento, a mobilidade urbana \u00e9 um dos setores mais impulsionados. O Sebrae apoia neg\u00f3cios inovadores, como aplicativos de transporte e solu\u00e7\u00f5es de log\u00edstica, al\u00e9m de oferecer capacita\u00e7\u00e3o em \u00e1reas como gest\u00e3o, seguran\u00e7a e marketing digital. Ao mesmo tempo, a hospitalidade se torna pe\u00e7a-chave para receber visitantes do mundo inteiro. Hot\u00e9is, restaurantes e empresas de turismo est\u00e3o sendo preparados por meio de qualifica\u00e7\u00e3o profissional, consultorias, incentivo \u00e0 formaliza\u00e7\u00e3o e maior presen\u00e7a digital, garantindo experi\u00eancias de qualidade aos turistas.<\/p>\n<p>O setor de alimentos e bebidas tamb\u00e9m ganha protagonismo, j\u00e1 que a gastronomia regional \u00e9 um cart\u00e3o de visita do Par\u00e1. Para fortalecer essas empresas, o <a href=\"https:\/\/sebraecop30.com\/\">Sebrae\/PA<\/a> promove melhorias na gest\u00e3o e nos processos produtivos com programas como o ALI Produtividade. Al\u00e9m disso, estimula a inova\u00e7\u00e3o em produtos regionais, facilita o acesso a novos mercados por meio de feiras e rodadas de neg\u00f3cios e incentiva pr\u00e1ticas sustent\u00e1veis, como embalagens ecol\u00f3gicas e redu\u00e7\u00e3o do desperd\u00edcio.<\/p>\n<\/div>\n<div>\n<ul class=\"wp-block-list\">\n<li><em>Participe do Porteira Aberta Empreender: envie perguntas, sugest\u00f5es e conte sua hist\u00f3ria de empreendedorismo pelo <\/em><a href=\"https:\/\/api.whatsapp.com\/send?phone=5511932796720&amp;PorteiraAbertaEmpreender=SuaMensagem\"><strong>WhatsApp<\/strong><\/a><\/li>\n<\/ul>\n<p>Outro campo em ascens\u00e3o \u00e9 a economia criativa, que valoriza a cultura local e a identidade paraense. Empreendedores de \u00e1reas como artesanato, m\u00fasica, moda e design recebem apoio com cursos, oficinas, acesso a cr\u00e9dito e oportunidades de participa\u00e7\u00e3o em eventos. Com isso, ampliam sua visibilidade e fortalecem redes de colabora\u00e7\u00e3o, criando um ecossistema mais s\u00f3lido e sustent\u00e1vel.<\/p>\n<p>Assim, ao preparar diferentes setores para a <a href=\"https:\/\/www.canalrural.com.br\/empreendedorismo\/prepare-sua-empresa-para-a-cop30-com-cursos-gratuitos-do-sebrae\/\">COP30<\/a>, o Sebrae reafirma seu compromisso em impulsionar pequenos neg\u00f3cios.<\/p>\n<\/p><\/div>\n<p><br \/>\n<br \/><a href=\"https:\/\/www.canalrural.com.br\/empreendedorismo\/cop30-sebrae-impulsiona-pequenos-negocios-rumo-a-sustentabilidade\/\">Source link <\/a><\/p>\n","protected":false},"excerpt":{"rendered":"<p>Com a COP30 se aproximando, o mundo inteiro volta os olhos para a sustentabilidade e para os caminhos poss\u00edveis em<\/p>\n","protected":false},"author":1,"featured_media":13241,"comment_status":"open","ping_status":"open","sticky":false,"template":"","format":"standard","meta":{"_monsterinsights_skip_tracking":false,"_monsterinsights_sitenote_active":false,"_monsterinsights_sitenote_note":"","_monsterinsights_sitenote_category":0,"_uf_show_specific_survey":0,"_uf_disable_surveys":false,"footnotes":""},"categories":[1],"tags":[],"class_list":["post-19691","post","type-post","status-publish","format-standard","has-post-thumbnail","hentry","category-news"],"_links":{"self":[{"href":"https:\/\/agromt.news\/index.php?rest_route=\/wp\/v2\/posts\/19691"}],"collection":[{"href":"https:\/\/agromt.news\/index.php?rest_route=\/wp\/v2\/posts"}],"about":[{"href":"https:\/\/agromt.news\/index.php?rest_route=\/wp\/v2\/types\/post"}],"author":[{"embeddable":true,"href":"https:\/\/agromt.news\/index.php?rest_route=\/wp\/v2\/users\/1"}],"replies":[{"embeddable":true,"href":"https:\/\/agromt.news\/index.php?rest_route=%2Fwp%2Fv2%2Fcomments&post=19691"}],"version-history":[{"count":0,"href":"https:\/\/agromt.news\/index.php?rest_route=\/wp\/v2\/posts\/19691\/revisions"}],"wp:featuredmedia":[{"embeddable":true,"href":"https:\/\/agromt.news\/index.php?rest_route=\/wp\/v2\/media\/13241"}],"wp:attachment":[{"href":"https:\/\/agromt.news\/index.php?rest_route=%2Fwp%2Fv2%2Fmedia&parent=19691"}],"wp:term":[{"taxonomy":"category","embeddable":true,"href":"https:\/\/agromt.news\/index.php?rest_route=%2Fwp%2Fv2%2Fcategories&post=19691"},{"taxonomy":"post_tag","embeddable":true,"href":"https:\/\/agromt.news\/index.php?rest_route=%2Fwp%2Fv2%2Ftags&post=19691"}],"curies":[{"name":"wp","href":"https:\/\/api.w.org\/{rel}","templated":true}]}}