{"id":19686,"date":"2025-09-04T09:18:43","date_gmt":"2025-09-04T13:18:43","guid":{"rendered":"https:\/\/agromt.news\/?p=19686"},"modified":"2025-09-04T09:18:43","modified_gmt":"2025-09-04T13:18:43","slug":"trabalhos-das-escolas-estaduais-na-expointer-apontam-solucoes-para-os-desafios-do-campo","status":"publish","type":"post","link":"https:\/\/agromt.news\/?p=19686","title":{"rendered":"Trabalhos das escolas estaduais na Expointer apontam solu\u00e7\u00f5es para os desafios do campo"},"content":{"rendered":"<p> <br \/>\n<\/p>\n<div>\n<p style=\"text-align:justify\">O governo do Estado, por meio da Secretaria da Educa\u00e7\u00e3o (Seduc), promoveu na ter\u00e7a-feira (2), a Mostra de Trabalhos na Expointer 2025. Ao todo, foram apresentados 16 projetos de escolas agr\u00edcolas e do campo, com abordagens sobre reciclagem, sustentabilidade, qualidade do solo e dos rios, dentre outras.&#13;\n<\/p>\n<p style=\"text-align:justify\">A secret\u00e1ria-adjunta da Seduc, Stefanie Eskereski, conheceu as iniciativas e interagiu com os alunos. \u201c\u00c9 muito inspirador ver de perto o trabalho dos nossos estudantes. Cada projeto apresentado aqui mostra a for\u00e7a da educa\u00e7\u00e3o do campo e das escolas t\u00e9cnicas, que unem conhecimento, pr\u00e1tica e compromisso com o futuro do Rio Grande do Sul\u201d, afirmou.<\/p>\n<p style=\"text-align:justify\">A abertura da programa\u00e7\u00e3o foi conduzida pelo superintendente de Educa\u00e7\u00e3o Profissional da Seduc, Tom\u00e1s Collier, que ressaltou a import\u00e2ncia da participa\u00e7\u00e3o da rede de ensino no maior evento agropecu\u00e1rio da Am\u00e9rica Latina. \u201cTrazer os trabalhos das nossas escolas agr\u00edcolas e do campo para este espa\u00e7o significa fomentar inova\u00e7\u00e3o, tecnologia e pr\u00e1ticas pedag\u00f3gicas ligadas \u00e0 realidade rural. Queremos que os estudantes tenham a oportunidade de se desenvolver, trocar experi\u00eancias e mostrar a for\u00e7a da educa\u00e7\u00e3o profissional ga\u00facha\u201d, destacou.<\/p>\n<p style=\"text-align:justify\"><strong>Oportunidade para estudantes refletirem a realidade do campo<\/strong><\/p>\n<p style=\"text-align:justify\">As alunas do 9\u00ba ano do Instituto Estadual de Educa\u00e7\u00e3o Cristo Redentor, em C\u00e2ndido God\u00f3i, Gabriela Schardong e Laura Zavislak, levaram \u00e0 mostra o projeto \u201cRa\u00edzes da \u00c1gua: Fluir e Cultivar\u201d, desenvolvido como resposta \u00e0 estiagem prolongada que atinge a regi\u00e3o.&#13;\n<\/p>\n<p style=\"text-align:justify\">A iniciativa prop\u00f5e alternativas sustent\u00e1veis e de baixo custo para reduzir os impactos da crise h\u00eddrica sobre as fam\u00edlias agricultoras, que dependem diretamente da \u00e1gua para produ\u00e7\u00e3o e subsist\u00eancia. Entre as solu\u00e7\u00f5es apresentadas est\u00e3o a perfura\u00e7\u00e3o de po\u00e7os artesianos, a instala\u00e7\u00e3o de aquedutos de bambu para irriga\u00e7\u00e3o, a constru\u00e7\u00e3o de composteiras e o reflorestamento de \u00e1reas pr\u00f3ximas \u00e0s nascentes.<\/p>\n<p style=\"text-align:justify\">Para Gabriela e Laura, participar da Expointer \u00e9 uma oportunidade de mostrar como a escola pode contribuir com ideias aplic\u00e1veis \u00e0 realidade do campo. \u201cVivemos de perto os efeitos da estiagem, que atinge tanto as lavouras quanto o abastecimento das fam\u00edlias. Por isso, esse projeto \u00e9 t\u00e3o importante: al\u00e9m de garantir \u00e1gua para hoje, ajuda a preservar o meio ambiente para as pr\u00f3ximas gera\u00e7\u00f5es\u201d, destacaram.<\/p>\n<p style=\"text-align:justify\"><strong>Di\u00e1logos sobre a perman\u00eancia da juventude no campo<\/strong><\/p>\n<p style=\"text-align:justify\">O painel \u201cJuventudes que Sustentam o Campo: Educa\u00e7\u00e3o, Inova\u00e7\u00e3o e Futuro para o RS\u201d tamb\u00e9m fez parte da programa\u00e7\u00e3o e reuniu estudantes, professores e pesquisadores em um debate sobre o papel das novas gera\u00e7\u00f5es no meio rural. Durante a atividade, foram discutidos os desafios da perman\u00eancia da juventude no campo, as possibilidades de inova\u00e7\u00e3o tecnol\u00f3gica e a import\u00e2ncia da educa\u00e7\u00e3o para garantir a sucess\u00e3o familiar e o desenvolvimento sustent\u00e1vel das comunidades.&#13;\n<\/p>\n<p style=\"text-align:justify\">No turno da tarde, a programa\u00e7\u00e3o foi marcada por momentos culturais e de di\u00e1logo. O p\u00fablico acompanhou o bate-papo Giro Cultural com o grupo Freio de Ouro, conduzido pelo vice-presidente da Associa\u00e7\u00e3o Brasileira de Criadores de Cavalos Crioulos (ABCCC), Daniel Gon\u00e7alves. Encerrando o evento, a roda de conversa \u201cCOM-Vida: Convida Voc\u00ea a Ser Parte da Solu\u00e7\u00e3o\u201d, foi conduzida pelos representantes do Departamento de Educa\u00e7\u00e3o para o Desenvolvimento Sustent\u00e1vel (DECEB), K\u00e1tia Rocha e Eduardo Almeida.<\/p>\n<p style=\"text-align:justify\"><strong>Escolas participantes<\/strong><\/p>\n<p style=\"text-align:justify\">As exposi\u00e7\u00f5es reuniram projetos de diferentes regi\u00f5es do Estado, apresentados por escolas do campo e institui\u00e7\u00f5es t\u00e9cnicas.<\/p>\n<p style=\"text-align:justify\"><strong>Escolas estaduais:<\/strong><\/p>\n<p style=\"text-align:justify\">Ad\u00e3o Martini (2\u00aa CRE &#8211; S\u00e3o Leopoldo)<\/p>\n<p style=\"text-align:justify\">Adolfo M\u00e2nica (6\u00aa CRE &#8211; Santa Cruz do Sul)<\/p>\n<p style=\"text-align:justify\">Cel. L\u00facio Annes (9\u00aa CRE &#8211; Cruz Alta)<\/p>\n<p style=\"text-align:justify\">Nhu Por\u00e3 (11\u00aa CRE &#8211; Os\u00f3rio)<\/p>\n<p style=\"text-align:justify\">Rio Toldo (15\u00aa CRE &#8211; Erechim)<\/p>\n<p style=\"text-align:justify\">Instituto de Educa\u00e7\u00e3o Cristo Redentor (17\u00aa CRE &#8211; Santa Rosa)<\/p>\n<p style=\"text-align:justify\">Cel. Finzito e Carlos Becker (20\u00aa CRE &#8211; Palmeira das Miss\u00f5es)<\/p>\n<p style=\"text-align:justify\">\u00c2ngelo Manhka (21\u00aa CRE &#8211; Tr\u00eas Passos)<\/p>\n<p style=\"text-align:justify\">Dom Frei Vital de Oliveira (23\u00aa CRE &#8211; Vacaria)<\/p>\n<p style=\"text-align:justify\">Nestor Vianna de Campos (27\u00aa CRE &#8211; Canoas)<\/p>\n<p style=\"text-align:justify\">Carlos Bratz (32\u00aa CRE &#8211; S\u00e3o Luiz Gonzaga)<\/p>\n<p style=\"text-align:justify\">Jo\u00e3o Manoel Corr\u00eaa (32\u00aa CRE &#8211; S\u00e3o Luiz Gonzaga)<\/p>\n<p style=\"text-align:justify\"><strong>Escolas t\u00e9cnicas:<\/strong><\/p>\n<p style=\"text-align:justify\">Nossa Senhora da Concei\u00e7\u00e3o &#8211; (24\u00aa CRE &#8211; Cachoeira do Sul )<\/p>\n<p style=\"text-align:justify\">EET Fronteira Noroeste &#8211; (17\u00aa CRE &#8211; Santa Rosa)<\/p>\n<p style=\"text-align:justify\">Celeste Gobatto &#8211; (20\u00aa CRE &#8211; Palmeira das Miss\u00f5es)<\/p>\n<\/p><\/div>\n<p><script data-cfasync=\"false\">\n    !function (f, b, e, v, n, t, s) {\n        if (f.fbq) return; n = f.fbq = function () {\n            n.callMethod ?\n                n.callMethod.apply(n, arguments) : n.queue.push(arguments)\n        };\n        if (!f._fbq) f._fbq = n; n.push = n; n.loaded = !0; n.version = '2.0';\n        n.queue = []; t = b.createElement(e); t.async = !0;\n        t.src = v; s = b.getElementsByTagName(e)[0];\n        s.parentNode.insertBefore(t, s)\n    }(window, document, 'script',\n        'https:\/\/connect.facebook.net\/en_US\/fbevents.js');\n    fbq('init', '522546078623747');\n    fbq('track', 'PageView');\n<\/script><br \/>\n<br \/><br \/>\n<br \/><a href=\"https:\/\/www.agrolink.com.br\/noticias\/trabalhos-das-escolas-estaduais-na-expointer-apontam-solucoes-para-os-desafios-do-campo_505619.html\">Source link <\/a><\/p>\n","protected":false},"excerpt":{"rendered":"<p>O governo do Estado, por meio da Secretaria da Educa\u00e7\u00e3o (Seduc), promoveu na ter\u00e7a-feira (2), a Mostra de Trabalhos na<\/p>\n","protected":false},"author":1,"featured_media":19687,"comment_status":"open","ping_status":"open","sticky":false,"template":"","format":"standard","meta":{"_monsterinsights_skip_tracking":false,"_monsterinsights_sitenote_active":false,"_monsterinsights_sitenote_note":"","_monsterinsights_sitenote_category":0,"_uf_show_specific_survey":0,"_uf_disable_surveys":false,"footnotes":""},"categories":[8,1,14],"tags":[],"class_list":["post-19686","post","type-post","status-publish","format-standard","has-post-thumbnail","hentry","category-agro","category-news","category-politica-agro"],"_links":{"self":[{"href":"https:\/\/agromt.news\/index.php?rest_route=\/wp\/v2\/posts\/19686"}],"collection":[{"href":"https:\/\/agromt.news\/index.php?rest_route=\/wp\/v2\/posts"}],"about":[{"href":"https:\/\/agromt.news\/index.php?rest_route=\/wp\/v2\/types\/post"}],"author":[{"embeddable":true,"href":"https:\/\/agromt.news\/index.php?rest_route=\/wp\/v2\/users\/1"}],"replies":[{"embeddable":true,"href":"https:\/\/agromt.news\/index.php?rest_route=%2Fwp%2Fv2%2Fcomments&post=19686"}],"version-history":[{"count":0,"href":"https:\/\/agromt.news\/index.php?rest_route=\/wp\/v2\/posts\/19686\/revisions"}],"wp:featuredmedia":[{"embeddable":true,"href":"https:\/\/agromt.news\/index.php?rest_route=\/wp\/v2\/media\/19687"}],"wp:attachment":[{"href":"https:\/\/agromt.news\/index.php?rest_route=%2Fwp%2Fv2%2Fmedia&parent=19686"}],"wp:term":[{"taxonomy":"category","embeddable":true,"href":"https:\/\/agromt.news\/index.php?rest_route=%2Fwp%2Fv2%2Fcategories&post=19686"},{"taxonomy":"post_tag","embeddable":true,"href":"https:\/\/agromt.news\/index.php?rest_route=%2Fwp%2Fv2%2Ftags&post=19686"}],"curies":[{"name":"wp","href":"https:\/\/api.w.org\/{rel}","templated":true}]}}