{"id":19685,"date":"2025-09-04T09:09:13","date_gmt":"2025-09-04T13:09:13","guid":{"rendered":"https:\/\/agromt.news\/?p=19685"},"modified":"2025-09-04T09:09:13","modified_gmt":"2025-09-04T13:09:13","slug":"mercosul-e-europa-se-aproximam-enquanto-trump-isola-os-eua","status":"publish","type":"post","link":"https:\/\/agromt.news\/?p=19685","title":{"rendered":"Mercosul e Europa se aproximam enquanto Trump isola os EUA"},"content":{"rendered":"<p> <br \/>\n<\/p>\n<div>\n<p>As arbitrariedades de Donald Trump no com\u00e9rcio internacional, com tarifas que chegam a 50% sobre produtos brasileiros, est\u00e3o afastando parceiros hist\u00f3ricos e provocando uma reconfigura\u00e7\u00e3o das rela\u00e7\u00f5es econ\u00f4micas globais. Nesse v\u00e1cuo de confian\u00e7a, o Mercosul \u2014 com destaque para o Brasil \u2014 se torna pe\u00e7a central no fortalecimento de uma nova alian\u00e7a com a Uni\u00e3o Europeia.<\/p>\n<p>Ap\u00f3s 25 anos de negocia\u00e7\u00f5es, <a href=\"https:\/\/www.canalrural.com.br\/economia\/acordo-entre-mercosul-e-uniao-europeia-avanca-e-segue-para-analise-do-parlamento\/\">o acordo Mercosul-UE<\/a> ganhou impulso e apoio expl\u00edcito no Parlamento Europeu. A proposta prev\u00ea a elimina\u00e7\u00e3o progressiva de tarifas sobre at\u00e9 92% das exporta\u00e7\u00f5es, tornando-se um pacto capaz de compensar as perdas impostas pelo protecionismo norte-americano e de reduzir a depend\u00eancia europeia em rela\u00e7\u00e3o \u00e0 China.<\/p>\n<p><em>Veja em primeira m\u00e3o tudo sobre agricultura, pecu\u00e1ria, economia e previs\u00e3o do tempo:<\/em><a href=\"https:\/\/news.google.com\/publications\/CAAqBwgKMPKZlQswq_mqAw?hl=pt-BR&amp;gl=BR&amp;ceid=BR%3Apt-419\" target=\"_blank\" rel=\"noreferrer noopener\"><em>\u00a0siga o Canal Rural no Google News!<\/em><\/a><\/p>\n<p>Para o Brasil, o avan\u00e7o significa mais do que acesso a mercados: representa um reposicionamento estrat\u00e9gico. Estimativas indicam que o tratado poder\u00e1 gerar um impacto de at\u00e9 R$ 37 bilh\u00f5es no PIB at\u00e9 2044, ao mesmo tempo em que amplia a diversifica\u00e7\u00e3o de destinos para as exporta\u00e7\u00f5es nacionais. A presen\u00e7a ativa do ministro da Fazenda, Fernando Haddad, em articula\u00e7\u00f5es diplom\u00e1ticas demonstra a aposta do governo brasileiro em consolidar esse acordo ainda em 2025.<\/p>\n<p>A l\u00f3gica \u00e9 clara: enquanto os EUA fecham portas e alimentam tens\u00f5es comerciais, a Europa busca abrir novos canais de coopera\u00e7\u00e3o. O Brasil, nesse cen\u00e1rio, emerge como parceiro confi\u00e1vel, estrat\u00e9gico e capaz de suprir demandas por alimentos, energia limpa e mat\u00e9rias-primas de forma competitiva.<\/p>\n<\/div>\n<div>\n<p>Mais do que um tratado comercial, o acordo Mercosul-UE \u00e9 um gesto pol\u00edtico de resist\u00eancia ao isolacionismo. Um passo que pode marcar a transi\u00e7\u00e3o para um mundo multipolar, no qual a Am\u00e9rica do Sul deixa de ser apenas fornecedora de commodities e passa a atuar como protagonista nas grandes decis\u00f5es globais.<\/p>\n<p>O cen\u00e1rio internacional mostra que a postura protecionista dos Estados Unidos est\u00e1 custando caro \u00e0 sua credibilidade e \u00e0 sua lideran\u00e7a comercial. Em contrapartida, abre-se para o Brasil e para o Mercosul uma janela hist\u00f3rica: ocupar o espa\u00e7o deixado por Washington e consolidar-se como elo vital entre Europa, \u00c1sia e Am\u00e9rica Latina.<\/p>\n<p>Se o pa\u00eds souber aproveitar esse momento, poder\u00e1 transformar a adversidade em oportunidade, garantindo mais for\u00e7a econ\u00f4mica e pol\u00edtica no tabuleiro global.<\/p>\n<div class=\"wp-block-media-text is-stacked-on-mobile\">\n<figure class=\"wp-block-media-text__media\"><img fetchpriority=\"high\" decoding=\"async\" width=\"683\" height=\"1024\" alt=\"Miguel Daoud\" class=\"wp-image-4095706 size-full\"  data-lazy- src=\"https:\/\/agromt.news\/wp-content\/uploads\/2025\/04\/Como-guerras-e-crises-moldaram-o-preco-das-commodities-nos.jpg\"\/><img decoding=\"async\" width=\"683\" height=\"1024\" src=\"https:\/\/agromt.news\/wp-content\/uploads\/2025\/04\/Como-guerras-e-crises-moldaram-o-preco-das-commodities-nos.jpg\" alt=\"Miguel Daoud\" class=\"wp-image-4095706 size-full\"  \/><\/figure>\n<div class=\"wp-block-media-text__content\">\n<p class=\"has-text-align-center\">*<em><strong>Miguel Daoud<\/strong>\u00a0\u00e9 comentarista de Economia e Pol\u00edtica\u00a0do Canal Rural<\/em><\/p>\n<\/div>\n<\/div>\n<hr class=\"wp-block-separator has-alpha-channel-opacity\"\/>\n<p><em>O\u00a0<strong>Canal Rural<\/strong>\u00a0n\u00e3o se responsabiliza pelas opini\u00f5es e conceitos emitidos nos textos desta sess\u00e3o, sendo os conte\u00fados de inteira responsabilidade de seus autores. A empresa se reserva o direito de fazer ajustes no texto para adequa\u00e7\u00e3o \u00e0s normas de publica\u00e7\u00e3o.<\/em><\/p>\n<\/p><\/div>\n<p><br \/>\n<br \/><a href=\"https:\/\/www.canalrural.com.br\/opiniao-noticias\/mercosul-e-europa-se-aproximam-enquanto-trump-isola-os-eua\/\">Source link <\/a><\/p>\n","protected":false},"excerpt":{"rendered":"<p>As arbitrariedades de Donald Trump no com\u00e9rcio internacional, com tarifas que chegam a 50% sobre produtos brasileiros, est\u00e3o afastando parceiros<\/p>\n","protected":false},"author":1,"featured_media":5161,"comment_status":"open","ping_status":"open","sticky":false,"template":"","format":"standard","meta":{"_monsterinsights_skip_tracking":false,"_monsterinsights_sitenote_active":false,"_monsterinsights_sitenote_note":"","_monsterinsights_sitenote_category":0,"_uf_show_specific_survey":0,"_uf_disable_surveys":false,"footnotes":""},"categories":[1],"tags":[],"class_list":["post-19685","post","type-post","status-publish","format-standard","has-post-thumbnail","hentry","category-news"],"_links":{"self":[{"href":"https:\/\/agromt.news\/index.php?rest_route=\/wp\/v2\/posts\/19685"}],"collection":[{"href":"https:\/\/agromt.news\/index.php?rest_route=\/wp\/v2\/posts"}],"about":[{"href":"https:\/\/agromt.news\/index.php?rest_route=\/wp\/v2\/types\/post"}],"author":[{"embeddable":true,"href":"https:\/\/agromt.news\/index.php?rest_route=\/wp\/v2\/users\/1"}],"replies":[{"embeddable":true,"href":"https:\/\/agromt.news\/index.php?rest_route=%2Fwp%2Fv2%2Fcomments&post=19685"}],"version-history":[{"count":0,"href":"https:\/\/agromt.news\/index.php?rest_route=\/wp\/v2\/posts\/19685\/revisions"}],"wp:featuredmedia":[{"embeddable":true,"href":"https:\/\/agromt.news\/index.php?rest_route=\/wp\/v2\/media\/5161"}],"wp:attachment":[{"href":"https:\/\/agromt.news\/index.php?rest_route=%2Fwp%2Fv2%2Fmedia&parent=19685"}],"wp:term":[{"taxonomy":"category","embeddable":true,"href":"https:\/\/agromt.news\/index.php?rest_route=%2Fwp%2Fv2%2Fcategories&post=19685"},{"taxonomy":"post_tag","embeddable":true,"href":"https:\/\/agromt.news\/index.php?rest_route=%2Fwp%2Fv2%2Ftags&post=19685"}],"curies":[{"name":"wp","href":"https:\/\/api.w.org\/{rel}","templated":true}]}}