{"id":19684,"date":"2025-09-04T08:54:42","date_gmt":"2025-09-04T12:54:42","guid":{"rendered":"https:\/\/agromt.news\/?p=19684"},"modified":"2025-09-04T08:54:42","modified_gmt":"2025-09-04T12:54:42","slug":"acordo-entre-mercosul-e-uniao-europeia-avanca-e-segue-para-analise-do-parlamento","status":"publish","type":"post","link":"https:\/\/agromt.news\/?p=19684","title":{"rendered":"Acordo entre Mercosul e Uni\u00e3o Europeia avan\u00e7a e segue para an\u00e1lise do parlamento"},"content":{"rendered":"<p> <br \/>\n<br \/><img decoding=\"async\" src=\"https:\/\/agromt.news\/wp-content\/uploads\/2024\/10\/Industria-apoia-acordo-Mercosul-UE-que-favorecera-ambas-as-regioes-diz.jpg\" \/><\/p>\n<div>\n<p>A Comiss\u00e3o Europeia validou, na quarta-feira (3), o texto final do tratado Mercosul-Uni\u00e3o Europeia. A reda\u00e7\u00e3o agora seguir\u00e1 para an\u00e1lise dos estados-membros e do Parlamento Europeu, com expectativa de assinatura em dezembro, em Bras\u00edlia, durante a c\u00fapula do Mercosul. Com um PIB combinado de US$ 22 trilh\u00f5es e uma popula\u00e7\u00e3o de 720 milh\u00f5es de pessoas, Mercosul e Uni\u00e3o Europeia caminham para consolidar um dos maiores acordos comerciais do mundo.<\/p>\n<p>A entrada em vigor do acordo pode trazer mais de US$ 7 bilh\u00f5es em exporta\u00e7\u00f5es adicionais para o Brasil. Esse potencial decorre da desgrava\u00e7\u00e3o tarif\u00e1ria em centenas de produtos estrat\u00e9gicos, que v\u00e3o desde commodities como caf\u00e9, milho e suco de laranja at\u00e9 itens industrializados de maior valor agregado, como avi\u00f5es, cal\u00e7ados e m\u00f3veis de madeira.<\/p>\n<p><em>Veja em primeira m\u00e3o tudo sobre agricultura, pecu\u00e1ria, economia e previs\u00e3o do tempo:<\/em><a href=\"https:\/\/news.google.com\/publications\/CAAqBwgKMPKZlQswq_mqAw?hl=pt-BR&amp;gl=BR&amp;ceid=BR%3Apt-419\" target=\"_blank\" rel=\"noreferrer noopener\"><em>\u00a0siga o Canal Rural no Google News!<\/em><\/a><\/p>\n<\/div>\n<div>\n<p>\u201cQuem sabe at\u00e9 o final do ano n\u00f3s poderemos ter, aqui no Brasil, quando o presidente Lula presidir a reuni\u00e3o do Mercosul, a assinatura desse acordo, que j\u00e1 tem 20 anos de negocia\u00e7\u00e3o. Esta \u00e9 uma \u00f3tima not\u00edcia, n\u00f3s nunca chegamos a um n\u00edvel t\u00e3o elevado como hoje com o envio para o Conselho da Uni\u00e3o Europeia, e n\u00e3o estamos falando de qualquer acordo\u201d, afirmou o presidente da ApexBrasil, Jorge Viana.<\/p>\n<p>A Uni\u00e3o Europeia \u00e9 hoje o terceiro maior parceiro comercial do Brasil. Em 2024, o valor total das exporta\u00e7\u00f5es brasileiras para o bloco cresceu, em m\u00e9dia, 10%, alcan\u00e7ando US$ 48,3 bilh\u00f5es. Esse desempenho posicionou o pa\u00eds como o 14\u00b0 maior fornecedor da UE e l\u00edder no fornecimento de caf\u00e9 n\u00e3o torrado (36,3%) e farelos de soja (34,3%). Al\u00e9m disso, nos \u00faltimos seis anos, quase todos os grupos de produtos exportados, como caf\u00e9, petr\u00f3leo, soja e cobre,  registraram crescimento m\u00e9dio anual positivo.<\/p>\n<\/p><\/div>\n<p><br \/>\n<br \/><a href=\"https:\/\/www.canalrural.com.br\/economia\/acordo-entre-mercosul-e-uniao-europeia-avanca-e-segue-para-analise-do-parlamento\/\">Source link <\/a><\/p>\n","protected":false},"excerpt":{"rendered":"<p>A Comiss\u00e3o Europeia validou, na quarta-feira (3), o texto final do tratado Mercosul-Uni\u00e3o Europeia. A reda\u00e7\u00e3o agora seguir\u00e1 para an\u00e1lise<\/p>\n","protected":false},"author":1,"featured_media":3109,"comment_status":"open","ping_status":"open","sticky":false,"template":"","format":"standard","meta":{"_monsterinsights_skip_tracking":false,"_monsterinsights_sitenote_active":false,"_monsterinsights_sitenote_note":"","_monsterinsights_sitenote_category":0,"_uf_show_specific_survey":0,"_uf_disable_surveys":false,"footnotes":""},"categories":[1],"tags":[],"class_list":["post-19684","post","type-post","status-publish","format-standard","has-post-thumbnail","hentry","category-news"],"_links":{"self":[{"href":"https:\/\/agromt.news\/index.php?rest_route=\/wp\/v2\/posts\/19684"}],"collection":[{"href":"https:\/\/agromt.news\/index.php?rest_route=\/wp\/v2\/posts"}],"about":[{"href":"https:\/\/agromt.news\/index.php?rest_route=\/wp\/v2\/types\/post"}],"author":[{"embeddable":true,"href":"https:\/\/agromt.news\/index.php?rest_route=\/wp\/v2\/users\/1"}],"replies":[{"embeddable":true,"href":"https:\/\/agromt.news\/index.php?rest_route=%2Fwp%2Fv2%2Fcomments&post=19684"}],"version-history":[{"count":0,"href":"https:\/\/agromt.news\/index.php?rest_route=\/wp\/v2\/posts\/19684\/revisions"}],"wp:featuredmedia":[{"embeddable":true,"href":"https:\/\/agromt.news\/index.php?rest_route=\/wp\/v2\/media\/3109"}],"wp:attachment":[{"href":"https:\/\/agromt.news\/index.php?rest_route=%2Fwp%2Fv2%2Fmedia&parent=19684"}],"wp:term":[{"taxonomy":"category","embeddable":true,"href":"https:\/\/agromt.news\/index.php?rest_route=%2Fwp%2Fv2%2Fcategories&post=19684"},{"taxonomy":"post_tag","embeddable":true,"href":"https:\/\/agromt.news\/index.php?rest_route=%2Fwp%2Fv2%2Ftags&post=19684"}],"curies":[{"name":"wp","href":"https:\/\/api.w.org\/{rel}","templated":true}]}}