{"id":19683,"date":"2025-09-04T08:10:28","date_gmt":"2025-09-04T12:10:28","guid":{"rendered":"https:\/\/agromt.news\/?p=19683"},"modified":"2025-09-04T08:10:28","modified_gmt":"2025-09-04T12:10:28","slug":"na-vespera-da-chegada-de-uma-nova-frente-fria-estados-enfrentam-calor-e-temporais","status":"publish","type":"post","link":"https:\/\/agromt.news\/?p=19683","title":{"rendered":"Na v\u00e9spera da chegada de uma nova frente fria, estados enfrentam calor e temporais"},"content":{"rendered":"<p> <br \/>\n<br \/><img decoding=\"async\" src=\"https:\/\/agromt.news\/wp-content\/uploads\/2024\/10\/previsao-de-chuva-e-raios-em-varias-regioes-do-Brasil.jpg\" \/><\/p>\n<div>\n<p>Uma nova frente fria se desloca sobre a regi\u00e3o Sul nesta quinta-feira (4), avan\u00e7ando agora tamb\u00e9m sobre Santa Catarina e parte do Paran\u00e1. Todo o estado do Rio Grande do Sul deve contar com fortes pancadas de chuva desde o per\u00edodo da madrugada \u2013 com risco consider\u00e1vel para temporais seguidos por fortes ventos, raios e queda de granizo \u2013, e que come\u00e7am a avan\u00e7ar at\u00e9 o final do dia.<\/p>\n<div data-icp-cta=\"1\" id=\"icp-cta-unique\">Voc\u00ea quer entender como usar o clima a seu favor?<b> <\/b><a href=\"https:\/\/climacampo.canalrural.com.br\/climacampo_-01\">Preparamos um e-book exclusivo<\/a> para ajudar produtores rurais a se antecipar \u00e0s mudan\u00e7as do tempo e planejar melhor suas a\u00e7\u00f5es. Com base em previs\u00f5es meteorol\u00f3gicas confi\u00e1veis, ele oferece orienta\u00e7\u00f5es pr\u00e1ticas para proteger sua lavoura e otimizar seus resultados.<\/div>\n<p>Em Porto Alegre, o cen\u00e1rio \u00e9 de perigo para temporais com volumes elevados no decorrer das horas. Em Santa Catarina, as instabilidades associadas ao sistema devem alcan\u00e7ar a altura do estado j\u00e1 em meados do per\u00edodo da tarde, condicionando a ocorr\u00eancia de pancadas de chuva com fraca a moderada intensidade, n\u00e3o sendo descartado algum epis\u00f3dio de chuva mais forte j\u00e1 entre o fim da tarde e o per\u00edodo da noite. Em Florian\u00f3polis, a chuva chega j\u00e1 no per\u00edodo da noite, em forma de pancadas com fraca a moderada intensidade.<\/p>\n<p><em>Veja em primeira m\u00e3o tudo sobre agricultura, pecu\u00e1ria, economia e previs\u00e3o do tempo:<\/em><a href=\"https:\/\/news.google.com\/publications\/CAAqBwgKMPKZlQswq_mqAw?hl=pt-BR&amp;gl=BR&amp;ceid=BR%3Apt-419\" target=\"_blank\" rel=\"noreferrer noopener\"><em>\u00a0siga o Canal Rural no Google News!<\/em><\/a><\/p>\n<p>No Paran\u00e1, o dia deve seguir ainda com predom\u00ednio de tempo firme, bastante sol e calor marcando boa parte da quinta-feira. Apenas na parte da noite, algumas cidades do sul e sudoeste paranaense podem contar com a ocorr\u00eancia de pancadas de chuva isoladas, n\u00e3o sendo descartada tamb\u00e9m a ocorr\u00eancia de chuva forte acompanhada por raios e trovoadas.<\/p>\n<p>No Sudeste, a chuva perde for\u00e7a e a tend\u00eancia \u00e9 de que o tempo siga firme em praticamente todos os estados da regi\u00e3o. A circula\u00e7\u00e3o de ventos quentes e secos que partem do interior do pa\u00eds deve estimular o disparo dos term\u00f4metros ao longo do dia, sobretudo em S\u00e3o Paulo, boa parte de Minas Gerais e Rio de Janeiro. Na parte da tarde, o ar seco ganha for\u00e7a e derruba os \u00edndices de umidade relativa do ar, que devem entrar em n\u00edveis de aten\u00e7\u00e3o e alerta entre os tr\u00eas estados.<\/p>\n<p>No Esp\u00edrito Santo, ainda deve haver certa influ\u00eancia dos ventos que sopram do oceano e estimulam a maior presen\u00e7a de nebulosidade e umidade, al\u00e9m de manter as temperaturas mais amenas durante o dia. Algumas cidades costeiras podem contar com a ocorr\u00eancia de chuva fraca isolada.<\/p>\n<\/div>\n<div>\n<p>Enquanto no Centro-Oeste, algumas instabilidades associadas ao avan\u00e7o da frente fria que se desloca sobre a regi\u00e3o sul podem provocar a ocorr\u00eancia de pancadas de chuva isoladas entre o oeste e o sul de Mato Grosso do Sul, al\u00e9m de \u00e1reas do oeste de Mato Grosso. N\u00e3o est\u00e3o descartados epis\u00f3dios de chuva forte localizada. Ainda assim, o destaque para ambos os estados continua sendo o calor intenso, que ganha for\u00e7a conforme o passar do dia. Al\u00e9m disso, a umidade relativa do ar deve continuar atingindo n\u00edveis cr\u00edticos na parte da tarde.Calor e baixa umidade do ar tamb\u00e9m s\u00e3o destaque entre Goi\u00e1s e o Distrito Federal, que seguem com predom\u00ednio de tempo firme ao longo das horas.<\/p>\n<p>J\u00e1 no Nordeste, a circula\u00e7\u00e3o de ventos mar\u00edtimos vindos do oceano e trazendo umidade para o continente deve seguir realizando a manuten\u00e7\u00e3o da chuva sobre parte da costa leste da regi\u00e3o. No litoral da Bahia, haver\u00e1 condi\u00e7\u00f5es para pancadas de chuva com fraca a moderada intensidade ao longo do dia. Entre Aracaju e o Rio Grande do Norte, n\u00e3o est\u00e3o descartados epis\u00f3dios de chuva forte isolados. Chove tamb\u00e9m de maneira isolada em algumas \u00e1reas do agreste nordestino.<\/p>\n<p>Nas demais regi\u00f5es, o tempo j\u00e1 deve seguir mais est\u00e1vel, apenas com algumas varia\u00e7\u00f5es de nebulosidade no decorrer das horas. O calor segue bastante intenso no sert\u00e3o e meio-norte nordestino, com m\u00e1ximas ainda bastante elevadas e risco para queda acentuada dos \u00edndices de umidade relativa do ar.<\/p>\n<p>E no Norte, o fluxo de umidade que transita sobre a regi\u00e3o deve seguir favorecendo a forma\u00e7\u00e3o de \u00e1reas de instabilidade sobre o Amazonas, Rond\u00f4nia e Roraima. Ao longo do dia, haver\u00e1 condi\u00e7\u00f5es para fortes pancadas de chuva, n\u00e3o sendo descartada tamb\u00e9m a ocorr\u00eancia de temporais isolados. Pode chover de maneira isolada tamb\u00e9m no extremo noroeste e oeste do Par\u00e1. <\/p>\n<p>No Amap\u00e1 e no Tocantins, ser\u00e1 observado um maior predom\u00ednio de sol e tempo firme, sem chuva. As temperaturas seguem bastante elevadas e o calor continua intenso durante o dia.<\/p>\n<\/p><\/div>\n<p><br \/>\n<br \/><a href=\"https:\/\/www.canalrural.com.br\/tempo\/na-vespera-da-chegada-de-uma-nova-frente-fria-estados-enfrentam-calor-e-temporais\/\">Source link <\/a><\/p>\n","protected":false},"excerpt":{"rendered":"<p>Uma nova frente fria se desloca sobre a regi\u00e3o Sul nesta quinta-feira (4), avan\u00e7ando agora tamb\u00e9m sobre Santa Catarina e<\/p>\n","protected":false},"author":1,"featured_media":3220,"comment_status":"open","ping_status":"open","sticky":false,"template":"","format":"standard","meta":{"_monsterinsights_skip_tracking":false,"_monsterinsights_sitenote_active":false,"_monsterinsights_sitenote_note":"","_monsterinsights_sitenote_category":0,"_uf_show_specific_survey":0,"_uf_disable_surveys":false,"footnotes":""},"categories":[1],"tags":[],"class_list":["post-19683","post","type-post","status-publish","format-standard","has-post-thumbnail","hentry","category-news"],"_links":{"self":[{"href":"https:\/\/agromt.news\/index.php?rest_route=\/wp\/v2\/posts\/19683"}],"collection":[{"href":"https:\/\/agromt.news\/index.php?rest_route=\/wp\/v2\/posts"}],"about":[{"href":"https:\/\/agromt.news\/index.php?rest_route=\/wp\/v2\/types\/post"}],"author":[{"embeddable":true,"href":"https:\/\/agromt.news\/index.php?rest_route=\/wp\/v2\/users\/1"}],"replies":[{"embeddable":true,"href":"https:\/\/agromt.news\/index.php?rest_route=%2Fwp%2Fv2%2Fcomments&post=19683"}],"version-history":[{"count":0,"href":"https:\/\/agromt.news\/index.php?rest_route=\/wp\/v2\/posts\/19683\/revisions"}],"wp:featuredmedia":[{"embeddable":true,"href":"https:\/\/agromt.news\/index.php?rest_route=\/wp\/v2\/media\/3220"}],"wp:attachment":[{"href":"https:\/\/agromt.news\/index.php?rest_route=%2Fwp%2Fv2%2Fmedia&parent=19683"}],"wp:term":[{"taxonomy":"category","embeddable":true,"href":"https:\/\/agromt.news\/index.php?rest_route=%2Fwp%2Fv2%2Fcategories&post=19683"},{"taxonomy":"post_tag","embeddable":true,"href":"https:\/\/agromt.news\/index.php?rest_route=%2Fwp%2Fv2%2Ftags&post=19683"}],"curies":[{"name":"wp","href":"https:\/\/api.w.org\/{rel}","templated":true}]}}