{"id":19682,"date":"2025-09-04T07:22:27","date_gmt":"2025-09-04T11:22:27","guid":{"rendered":"https:\/\/agromt.news\/?p=19682"},"modified":"2025-09-04T07:22:27","modified_gmt":"2025-09-04T11:22:27","slug":"fundos-ampliam-vendas-de-acucar-a-nivel-recorde","status":"publish","type":"post","link":"https:\/\/agromt.news\/?p=19682","title":{"rendered":"Fundos ampliam vendas de a\u00e7\u00facar a n\u00edvel recorde"},"content":{"rendered":"<p> <br \/>\n<\/p>\n<div>\n<div class=\"row\">\n<div class=\"col-lg col-infos mt-0 mt-lg-0\">\n<div class=\"section-sub-title\">\n<p itemprop=\"description\">&#13;<br \/>\n                                O comportamento do mercado de a\u00e7\u00facar reflete um movimento mais amplo&#13;\n                            <\/p>\n<\/p><\/div>\n<div class=\"container\">\n<div class=\"row\">\n<div class=\"col-lg p-0\">\n<div>\n<div class=\"block-news-main-infos mt-3 text-start\">\n<p>                                            <strong class=\"fn\" itemprop=\"author\" style=\"color: rgb(112, 112, 112); \">&#13;<br \/>\n                                                <a href=\"https:\/\/www.agrolink.com.br\/noticias\/javascript:;\" class=\"text-uppercase\" target=\"_blank\" style=\"color: rgb(112, 112, 112); \" rel=\"noopener\">Agrolink<\/a>&#13;<br \/>\n&#13;<br \/>\n                                                    &#8211; Leonardo Gottems&#13;<br \/>\n&#13;<br \/>\n                                            <\/strong><br \/>\n                                        <\/p>\n<p>                                            <abbr><time datetime=\"2025-09-03T16:41\" itemprop=\"datePublished dateModified\">Publicado em 03\/09\/2025 \u00e0s 16:41h.<\/time><\/abbr><br \/>\n                                            <\/p><\/div>\n<\/p><\/div>\n<\/p><\/div>\n<div class=\"col-lg p-0 text-lg-end\">\n<div>\n<div id=\"mdEnviarPagina\" class=\"modal fade\" role=\"dialog\">\n<div class=\"modal-dialog\">\n<div class=\"modal-content\">\n<div class=\"modal-body\">\n<p><strong>Estimado usu\u00e1rio.<\/strong><br \/>Preencha o formul\u00e1rio abaixo para remeter a p\u00e1gina.<\/p>\n<\/p><\/div>\n<\/p><\/div>\n<\/p><\/div>\n<\/div><\/div>\n<\/p><\/div>\n<\/p><\/div>\n<\/p><\/div>\n<\/p><\/div>\n<\/p><\/div>\n<div class=\"row justify-content-md-center mt-3\">\n<div class=\"col-lg-auto col-image block-news-main-image\">\n<p>                                <img decoding=\"async\" src=\"https:\/\/www.agrolink.com.br\/upload\/imagens-resizes\/33c7c4deacf34fa5872655ef79cf3e96_858x483.jpg\" class=\"lazyload img-fluid\" alt=\"O comportamento do mercado de a\u00e7\u00facar reflete um movimento mais amplo\"\/><br \/>\n                                                <span class=\"d-block mt-1\">O comportamento do mercado de a\u00e7\u00facar reflete um movimento mais amplo &#8211; Foto: Pixabay<\/span><\/p><\/div>\n<\/p><\/div>\n<div class=\"section-description section-description-noticias mt-3\">\n<p>O mercado global de a\u00e7\u00facar bruto vem passando por um momento de grande volatilidade, com a comunidade especulativa ampliando suas posi\u00e7\u00f5es de venda em n\u00edveis recordes dos \u00faltimos anos. Apesar de estoques globais cada vez mais apertados, os pre\u00e7os t\u00eam se mantido relativamente est\u00e1veis em Nova York, refletindo uma mistura de fatores de oferta, demanda e estrat\u00e9gias de hedge.&#13;\n<\/p>\n<p>De acordo com a DATAGRO, os fundos e pequenos especuladores aumentaram sua posi\u00e7\u00e3o de venda l\u00edquida no mercado de a\u00e7\u00facar de 125.081 lotes em 29 de julho para 151.004 lotes em 5 de agosto, a maior desde novembro de 2019. O movimento ocorre em paralelo a sinais preocupantes sobre a safra 25\/26 no Centro-Sul do Brasil, como atraso na moagem, n\u00edveis de ATR abaixo do esperado e entrega de a\u00e7\u00facar ainda lenta pelas usinas da regi\u00e3o.<\/p>\n<p>Mesmo diante de estoques globais baixos \u2014 com a rela\u00e7\u00e3o estoque\/consumo estimada em 41% no final do ano comercial 24\/25, menor n\u00edvel em 15 anos \u2014 o mercado segue sem dire\u00e7\u00e3o clara em NY. A capacidade do Brasil de exportar 3 a 3,5 milh\u00f5es de toneladas por m\u00eas tem mitigado a urg\u00eancia dos compradores, mas prolongar a estabilidade de pre\u00e7os pode levar as usinas a ajustarem o mix de produ\u00e7\u00e3o, impactando ainda mais o equil\u00edbrio global.&#13;\n<\/p>\n<p>O comportamento do mercado de a\u00e7\u00facar reflete um movimento mais amplo entre commodities agr\u00edcolas. At\u00e9 5 de agosto, fundos de hedge reduziram posi\u00e7\u00f5es compradas em cobre, petr\u00f3leo e diesel diante de ajustes na oferta e tarifas internacionais. Nos gr\u00e3os, clima favor\u00e1vel nos EUA, Europa e Mar Negro manteve expectativas de safras robustas, refor\u00e7ando vendas especulativas em trigo, milho e soja. No conjunto, a posi\u00e7\u00e3o de venda l\u00edquida em commodities agr\u00edcolas monitoradas subiu 12,4% na semana, indicando cautela generalizada entre investidores.<br \/>&#13;<br \/>\n\u00a0<\/p>\n<\/p><\/div>\n<\/p><\/div>\n<p><script data-cfasync=\"false\">\n    !function (f, b, e, v, n, t, s) {\n        if (f.fbq) return; n = f.fbq = function () {\n            n.callMethod ?\n                n.callMethod.apply(n, arguments) : n.queue.push(arguments)\n        };\n        if (!f._fbq) f._fbq = n; n.push = n; n.loaded = !0; n.version = '2.0';\n        n.queue = []; t = b.createElement(e); t.async = !0;\n        t.src = v; s = b.getElementsByTagName(e)[0];\n        s.parentNode.insertBefore(t, s)\n    }(window, document, 'script',\n        'https:\/\/connect.facebook.net\/en_US\/fbevents.js');\n    fbq('init', '522546078623747');\n    fbq('track', 'PageView');\n<\/script><br \/>\n<br \/><br \/>\n<br \/><a href=\"https:\/\/www.agrolink.com.br\/noticias\/fundos-ampliam-vendas-de-acucar-a-nivel-recorde_505615.html\">Source link <\/a><\/p>\n","protected":false},"excerpt":{"rendered":"<p>&#13; O comportamento do mercado de a\u00e7\u00facar reflete um movimento mais amplo&#13; &#13; Agrolink&#13; &#13; &#8211; Leonardo Gottems&#13; &#13; Publicado<\/p>\n","protected":false},"author":1,"featured_media":3542,"comment_status":"open","ping_status":"open","sticky":false,"template":"","format":"standard","meta":{"_monsterinsights_skip_tracking":false,"_monsterinsights_sitenote_active":false,"_monsterinsights_sitenote_note":"","_monsterinsights_sitenote_category":0,"_uf_show_specific_survey":0,"_uf_disable_surveys":false,"footnotes":""},"categories":[8,1,14],"tags":[],"class_list":["post-19682","post","type-post","status-publish","format-standard","has-post-thumbnail","hentry","category-agro","category-news","category-politica-agro"],"_links":{"self":[{"href":"https:\/\/agromt.news\/index.php?rest_route=\/wp\/v2\/posts\/19682"}],"collection":[{"href":"https:\/\/agromt.news\/index.php?rest_route=\/wp\/v2\/posts"}],"about":[{"href":"https:\/\/agromt.news\/index.php?rest_route=\/wp\/v2\/types\/post"}],"author":[{"embeddable":true,"href":"https:\/\/agromt.news\/index.php?rest_route=\/wp\/v2\/users\/1"}],"replies":[{"embeddable":true,"href":"https:\/\/agromt.news\/index.php?rest_route=%2Fwp%2Fv2%2Fcomments&post=19682"}],"version-history":[{"count":0,"href":"https:\/\/agromt.news\/index.php?rest_route=\/wp\/v2\/posts\/19682\/revisions"}],"wp:featuredmedia":[{"embeddable":true,"href":"https:\/\/agromt.news\/index.php?rest_route=\/wp\/v2\/media\/3542"}],"wp:attachment":[{"href":"https:\/\/agromt.news\/index.php?rest_route=%2Fwp%2Fv2%2Fmedia&parent=19682"}],"wp:term":[{"taxonomy":"category","embeddable":true,"href":"https:\/\/agromt.news\/index.php?rest_route=%2Fwp%2Fv2%2Fcategories&post=19682"},{"taxonomy":"post_tag","embeddable":true,"href":"https:\/\/agromt.news\/index.php?rest_route=%2Fwp%2Fv2%2Ftags&post=19682"}],"curies":[{"name":"wp","href":"https:\/\/api.w.org\/{rel}","templated":true}]}}