{"id":19681,"date":"2025-09-04T05:58:00","date_gmt":"2025-09-04T09:58:00","guid":{"rendered":"https:\/\/agromt.news\/?p=19681"},"modified":"2025-09-04T05:58:00","modified_gmt":"2025-09-04T09:58:00","slug":"frente-fria-se-espalha-baixa-temperaturas-e-leva-temporais","status":"publish","type":"post","link":"https:\/\/agromt.news\/?p=19681","title":{"rendered":"Frente fria se espalha, baixa temperaturas e leva temporais"},"content":{"rendered":"<p> <br \/>\n<br \/><img decoding=\"async\" src=\"https:\/\/agromt.news\/wp-content\/uploads\/2024\/09\/frente-fria-estrada-nebulosidade-tempo-carregado-nuvens.jpg\" \/><\/p>\n<div>\n<p>Antes restrita ao Rio Grande do Sul, a frente fria tamb\u00e9m deve atingir \u00e1reas de Santa Catarina e Paran\u00e1 nesta quinta-feira (4). Confira a previs\u00e3o para todo o Brasil:<\/p>\n<div data-icp-cta=\"1\" id=\"icp-cta-unique\">Voc\u00ea quer entender como usar o clima a seu favor?<b> <\/b><a href=\"https:\/\/climacampo.canalrural.com.br\/climacampo_-01\">Preparamos um e-book exclusivo<\/a> para ajudar produtores rurais a se antecipar \u00e0s mudan\u00e7as do tempo e planejar melhor suas a\u00e7\u00f5es. Com base em previs\u00f5es meteorol\u00f3gicas confi\u00e1veis, ele oferece orienta\u00e7\u00f5es pr\u00e1ticas para proteger sua lavoura e otimizar seus resultados.<\/div>\n<h2 class=\"wp-block-heading\" id=\"h-sul\">Sul<\/h2>\n<p>A frente fria avan\u00e7a pelo <strong><a href=\"https:\/\/www.canalrural.com.br\/nacional\/rio-grande-do-sul\/\">Rio Grande do Su<\/a><\/strong>l, provocando pancadas de chuva em todo o estado, com queda de temperaturas e risco de temporais nas \u00e1reas centrais. A instabilidade tamb\u00e9m atinge Santa Catarina e o oeste do <strong><a href=\"https:\/\/www.canalrural.com.br\/nacional\/parana\/\">Paran\u00e1<\/a><\/strong>. Os territ\u00f3rios ga\u00facho e catarinense ficam sob bastante nebulosidade, enquanto no extremo norte paranaense o tempo firme e seco predomina, com os term\u00f4metros l\u00e1 em cima.<\/p>\n<h2 class=\"wp-block-heading\" id=\"h-sudeste\">Sudeste<\/h2>\n<p>A chuva ainda atinge o litoral do Esp\u00edrito Santo, nordeste de Minas Gerais e norte do Rio de Janeiro. A nebulosidade estar\u00e1 maior em territ\u00f3rio capixaba, norte fluminense e faixa leste mineira, enquanto nas demais \u00e1reas o sol aparece entre algumas nuvens. As temperaturas permanecem elevadas em boa parte do Sudeste, com destaque para o oeste paulista e Tri\u00e2ngulo Mineiro. <\/p>\n<h2 class=\"wp-block-heading\" id=\"h-centro-oeste\">Centro-Oeste<\/h2>\n<p>\u00c1reas de instabilidades avan\u00e7am para o extremo sudoeste de Mato Grosso do Sul e o oeste de Mato Grosso. A nebulosidade estar\u00e1 maior nessas \u00e1reas, enquanto no restante da regi\u00e3o predomina o tempo firme, com o sol aparecendo entre nuvens. As temperaturas ficam elevadas em toda a regi\u00e3o e a umidade relativa do ar continua baixa.<\/p>\n<\/div>\n<div>\n<h2 class=\"wp-block-heading\" id=\"h-nordeste\">Nordeste<\/h2>\n<p>Pancadas de chuva ainda podem ocorrer ao longo da faixa litor\u00e2nea do Nordeste at\u00e9 o Rio Grande do Norte, al\u00e9m do noroeste do Maranh\u00e3o. A nebulosidade ser\u00e1 maior no litoral e no norte maranhense, enquanto nas demais \u00e1reas o tempo firme predomina. As temperaturas ficam altas em quase toda a regi\u00e3o, mas entre Porto Seguro e Salvador, ambos na <strong><a href=\"https:\/\/www.canalrural.com.br\/nacional\/bahia\/\">Bahia<\/a><\/strong>, as m\u00e1ximas n\u00e3o se elevam muito \u00e0 tarde. A umidade relativa do ar permanece baixa em grande parte do Nordeste, com exce\u00e7\u00e3o da faixa litor\u00e2nea.<\/p>\n<h2 class=\"wp-block-heading\" id=\"h-norte\">Norte<\/h2>\n<p>\u00c1reas de instabilidades continuam sobre Amazonas, Rond\u00f4nia, Acre, Roraima, Amap\u00e1 e norte do Par\u00e1, com risco de temporais. As temperaturas seguem elevadas em toda a regi\u00e3o, com destaque para a umidade relativa do ar baixa em Tocantins e no sul paraense. Em boa parte dos territ\u00f3rios amazonense, roraimense e paraense, o tempo fica mais fechado. Nas demais \u00e1reas, o sol aparece entre nuvens, mas com temperaturas altas e tempo seco.<\/p>\n<\/p><\/div>\n<p><br \/>\n<br \/><a href=\"https:\/\/www.canalrural.com.br\/tempo\/frente-fria-se-espalha-baixa-temperaturas-e-leva-temporais\/\">Source link <\/a><\/p>\n","protected":false},"excerpt":{"rendered":"<p>Antes restrita ao Rio Grande do Sul, a frente fria tamb\u00e9m deve atingir \u00e1reas de Santa Catarina e Paran\u00e1 nesta<\/p>\n","protected":false},"author":1,"featured_media":1556,"comment_status":"open","ping_status":"open","sticky":false,"template":"","format":"standard","meta":{"_monsterinsights_skip_tracking":false,"_monsterinsights_sitenote_active":false,"_monsterinsights_sitenote_note":"","_monsterinsights_sitenote_category":0,"_uf_show_specific_survey":0,"_uf_disable_surveys":false,"footnotes":""},"categories":[1],"tags":[],"class_list":["post-19681","post","type-post","status-publish","format-standard","has-post-thumbnail","hentry","category-news"],"_links":{"self":[{"href":"https:\/\/agromt.news\/index.php?rest_route=\/wp\/v2\/posts\/19681"}],"collection":[{"href":"https:\/\/agromt.news\/index.php?rest_route=\/wp\/v2\/posts"}],"about":[{"href":"https:\/\/agromt.news\/index.php?rest_route=\/wp\/v2\/types\/post"}],"author":[{"embeddable":true,"href":"https:\/\/agromt.news\/index.php?rest_route=\/wp\/v2\/users\/1"}],"replies":[{"embeddable":true,"href":"https:\/\/agromt.news\/index.php?rest_route=%2Fwp%2Fv2%2Fcomments&post=19681"}],"version-history":[{"count":0,"href":"https:\/\/agromt.news\/index.php?rest_route=\/wp\/v2\/posts\/19681\/revisions"}],"wp:featuredmedia":[{"embeddable":true,"href":"https:\/\/agromt.news\/index.php?rest_route=\/wp\/v2\/media\/1556"}],"wp:attachment":[{"href":"https:\/\/agromt.news\/index.php?rest_route=%2Fwp%2Fv2%2Fmedia&parent=19681"}],"wp:term":[{"taxonomy":"category","embeddable":true,"href":"https:\/\/agromt.news\/index.php?rest_route=%2Fwp%2Fv2%2Fcategories&post=19681"},{"taxonomy":"post_tag","embeddable":true,"href":"https:\/\/agromt.news\/index.php?rest_route=%2Fwp%2Fv2%2Ftags&post=19681"}],"curies":[{"name":"wp","href":"https:\/\/api.w.org\/{rel}","templated":true}]}}