{"id":19678,"date":"2025-09-04T03:27:01","date_gmt":"2025-09-04T07:27:01","guid":{"rendered":"https:\/\/agromt.news\/?p=19678"},"modified":"2025-09-04T03:27:01","modified_gmt":"2025-09-04T07:27:01","slug":"feira-amplia-oportunidades-para-pequenos-produtores-na-expointer","status":"publish","type":"post","link":"https:\/\/agromt.news\/?p=19678","title":{"rendered":"Feira amplia oportunidades para pequenos produtores na Expointer"},"content":{"rendered":"<p> <br \/>\n<\/p>\n<div>\n<p style=\"text-align:justify\">O governo do Estado, por meio da Secretaria de Desenvolvimento Rural (SDR), lan\u00e7ou, na ter\u00e7a-feira (2\/9), na 48\u00aa Expointer, a Feira Digital Sabor Ga\u00facho, plataforma que moderniza a comercializa\u00e7\u00e3o de produtos da agricultura familiar e fortalece a gest\u00e3o dos empreendimentos rurais.&#13;\n<\/p>\n<p style=\"text-align:justify\">A iniciativa conecta produtores a outros mercados, amplia a visibilidade das agroind\u00fastrias e contribui para a profissionaliza\u00e7\u00e3o do setor. A plataforma oferece atualiza\u00e7\u00e3o de pre\u00e7os, log\u00edstica e meios de pagamento, al\u00e9m de cursos e capacita\u00e7\u00f5es em marketing digital e gest\u00e3o comercial.<\/p>\n<p style=\"text-align:justify\">No Pavilh\u00e3o da Agricultura Familiar, um espa\u00e7o permanente oferece orienta\u00e7\u00e3o pr\u00e1tica aos produtores sobre cadastro, log\u00edstica e vendas online, garantindo o in\u00edcio da comercializa\u00e7\u00e3o de produtos para restaurantes, bares e distribuidores. A expectativa \u00e9 que a plataforma tamb\u00e9m permita vendas diretamente ao consumidor final, ampliando ainda mais o alcance das agroind\u00fastrias familiares.<\/p>\n<p style=\"text-align:justify\"><strong>A for\u00e7a do mercado digital<\/strong><\/p>\n<p style=\"text-align:justify\">Entre os produtos dispon\u00edveis est\u00e3o queijos artesanais, polpas de frutas, vinhos, geleias, doces, salames e outros itens t\u00edpicos das agroind\u00fastrias familiares ga\u00fachas. A feira digital possibilita que os empreendimentos continuem vendendo mesmo ap\u00f3s o fim da Expointer, aumentando o alcance dos produtos e fortalecendo a presen\u00e7a no mercado digital, segundo o propriet\u00e1rio da agroind\u00fastria Estrelat em Estrela, Roberto Oliveira.&#13;\n<\/p>\n<p style=\"text-align:justify\">O titular da SDR, Vilson Covatti, ressaltou que a plataforma \u00e9 um marco para a inova\u00e7\u00e3o e a sucess\u00e3o rural, aumentando a visibilidade de produtos que muitas vezes n\u00e3o chegam a canais mais amplos e preparando as novas gera\u00e7\u00f5es para administrar os neg\u00f3cios rurais em uma era digital.<\/p>\n<p style=\"text-align:justify\">Conforme a diretora-executiva da Produtores Ga\u00fachos Unidos, Aline Barili Alves, a iniciativa n\u00e3o \u00e9 apenas uma vitrine online. A plataforma organiza o dia a dia dos empreendimentos, ao facilitar cadastro, log\u00edstica e meios de pagamento, e ainda prepara os produtores para expandirem suas vendas no mercado digital.<\/p>\n<p style=\"text-align:justify\">O diretor-geral da SDR, Romano Scapin, destacou a import\u00e2ncia da governan\u00e7a conjunta das secretarias e a conex\u00e3o da feira digital com o Centro de Intelig\u00eancia do Agroneg\u00f3cio (Centro Agro), pontuando que o Pavilh\u00e3o da Agricultura Familiar valoriza tradi\u00e7\u00e3o, dedica\u00e7\u00e3o e visibilidade dos empreendimentos familiares.&#13;\n<\/p>\n<p style=\"text-align:justify\"><strong>Parcerias para fortalecimento da agricultura familiar<\/strong><\/p>\n<p style=\"text-align:justify\">A iniciativa envolve parcerias da SDR com a Secretaria da Agricultura, Pecu\u00e1ria, Produ\u00e7\u00e3o Sustent\u00e1vel e Irriga\u00e7\u00e3o (Seapi), a Secretaria Extraordin\u00e1ria de Inclus\u00e3o Digital e Apoio \u00e0s Pol\u00edticas de Equidade (Seidape), a Empresa de Assist\u00eancia T\u00e9cnica e Extens\u00e3o Rural (Emater\/RS-Ascar), a Invest RS, a Federa\u00e7\u00e3o dos Trabalhadores na Agricultura no Rio Grande do Sul (Fetag), e a Federa\u00e7\u00e3o dos Trabalhadores na Agricultura Familiar (Fetraf), garantindo suporte t\u00e9cnico, capacita\u00e7\u00e3o e fortalecimento da agricultura familiar em todo o Estado.<\/p>\n<p style=\"text-align:justify\">O lan\u00e7amento contou com a presen\u00e7a de autoridades e parceiros estrat\u00e9gicos, entre eles o presidente da Invest RS, Rafael Prikladnicki, o presidente da Emater\/RS-Ascar, Luciano Schwerz, al\u00e9m do secret\u00e1rio da Agricultura, Pecu\u00e1ria, Produ\u00e7\u00e3o Sustent\u00e1vel e Irriga\u00e7\u00e3o (Seapi), Edivilson Brum.<\/p>\n<\/p><\/div>\n<p><script data-cfasync=\"false\">\n    !function (f, b, e, v, n, t, s) {\n        if (f.fbq) return; n = f.fbq = function () {\n            n.callMethod ?\n                n.callMethod.apply(n, arguments) : n.queue.push(arguments)\n        };\n        if (!f._fbq) f._fbq = n; n.push = n; n.loaded = !0; n.version = '2.0';\n        n.queue = []; t = b.createElement(e); t.async = !0;\n        t.src = v; s = b.getElementsByTagName(e)[0];\n        s.parentNode.insertBefore(t, s)\n    }(window, document, 'script',\n        'https:\/\/connect.facebook.net\/en_US\/fbevents.js');\n    fbq('init', '522546078623747');\n    fbq('track', 'PageView');\n<\/script><br \/>\n<br \/><br \/>\n<br \/><a href=\"https:\/\/www.agrolink.com.br\/noticias\/feira-amplia-oportunidades-para-pequenos-produtores-na-expointer_505621.html\">Source link <\/a><\/p>\n","protected":false},"excerpt":{"rendered":"<p>O governo do Estado, por meio da Secretaria de Desenvolvimento Rural (SDR), lan\u00e7ou, na ter\u00e7a-feira (2\/9), na 48\u00aa Expointer, a<\/p>\n","protected":false},"author":1,"featured_media":19679,"comment_status":"open","ping_status":"open","sticky":false,"template":"","format":"standard","meta":{"_monsterinsights_skip_tracking":false,"_monsterinsights_sitenote_active":false,"_monsterinsights_sitenote_note":"","_monsterinsights_sitenote_category":0,"_uf_show_specific_survey":0,"_uf_disable_surveys":false,"footnotes":""},"categories":[8,1,14],"tags":[],"class_list":["post-19678","post","type-post","status-publish","format-standard","has-post-thumbnail","hentry","category-agro","category-news","category-politica-agro"],"_links":{"self":[{"href":"https:\/\/agromt.news\/index.php?rest_route=\/wp\/v2\/posts\/19678"}],"collection":[{"href":"https:\/\/agromt.news\/index.php?rest_route=\/wp\/v2\/posts"}],"about":[{"href":"https:\/\/agromt.news\/index.php?rest_route=\/wp\/v2\/types\/post"}],"author":[{"embeddable":true,"href":"https:\/\/agromt.news\/index.php?rest_route=\/wp\/v2\/users\/1"}],"replies":[{"embeddable":true,"href":"https:\/\/agromt.news\/index.php?rest_route=%2Fwp%2Fv2%2Fcomments&post=19678"}],"version-history":[{"count":0,"href":"https:\/\/agromt.news\/index.php?rest_route=\/wp\/v2\/posts\/19678\/revisions"}],"wp:featuredmedia":[{"embeddable":true,"href":"https:\/\/agromt.news\/index.php?rest_route=\/wp\/v2\/media\/19679"}],"wp:attachment":[{"href":"https:\/\/agromt.news\/index.php?rest_route=%2Fwp%2Fv2%2Fmedia&parent=19678"}],"wp:term":[{"taxonomy":"category","embeddable":true,"href":"https:\/\/agromt.news\/index.php?rest_route=%2Fwp%2Fv2%2Fcategories&post=19678"},{"taxonomy":"post_tag","embeddable":true,"href":"https:\/\/agromt.news\/index.php?rest_route=%2Fwp%2Fv2%2Ftags&post=19678"}],"curies":[{"name":"wp","href":"https:\/\/api.w.org\/{rel}","templated":true}]}}