{"id":19677,"date":"2025-09-04T01:29:41","date_gmt":"2025-09-04T05:29:41","guid":{"rendered":"https:\/\/agromt.news\/?p=19677"},"modified":"2025-09-04T01:29:41","modified_gmt":"2025-09-04T05:29:41","slug":"governo-ira-repassar-r-713-milhoes-para-programa-de-eletrificacao-rural","status":"publish","type":"post","link":"https:\/\/agromt.news\/?p=19677","title":{"rendered":"Governo ir\u00e1 repassar R$ 71,3 milh\u00f5es para programa de eletrifica\u00e7\u00e3o rural"},"content":{"rendered":"<p> <br \/>\n<\/p>\n<div>\n<p style=\"text-align:justify\">O governo do Estado, por meio da Secretaria do Meio Ambiente e Infraestrutura (Sema), lan\u00e7ou, nesta quarta-feira (3\/9), a quinta fase do Programa Energia Forte no Campo (EFC). Na ocasi\u00e3o, o governador Eduardo Leite anunciou o repasse de R$ 71,3 milh\u00f5es, o maior valor j\u00e1 disponibilizado pelo governo ga\u00facho ao programa.&#13;\n<\/p>\n<p style=\"text-align:justify\">Executado em parceria com as cooperativas de eletrifica\u00e7\u00e3o rural do Rio Grande do Sul, o programa busca qualificar as redes de distribui\u00e7\u00e3o no meio rural, sobretudo por meio da implanta\u00e7\u00e3o de redes trif\u00e1sicas. A iniciativa viabiliza investimentos por meio da contrapartida financeira do Estado, fortalecendo a produ\u00e7\u00e3o agropecu\u00e1ria, as agroind\u00fastrias e melhorando a qualidade de vida no campo.<\/p>\n<p style=\"text-align:justify\"><strong>Fortalecer a base produtiva ga\u00facha<\/strong><\/p>\n<p style=\"text-align:justify\">Durante o lan\u00e7amento, na casa da Organiza\u00e7\u00e3o das Cooperativas do Estado do Rio Grande do Sul (OCERGS) na Expointer, o governador Eduardo Leite destacou a import\u00e2ncia do programa para transformar a realidade das comunidades rurais e fortalecer a base produtiva ga\u00facha. \u201cEstamos dando hoje um passo hist\u00f3rico para o desenvolvimento do campo. O repasse de R$71,3 milh\u00f5es, o maior j\u00e1 feito pelo Estado ao Programa Energia Forte no Campo, \u00e9 um investimento no futuro das fam\u00edlias que vivem e produzem no interior. Se hoje temos condi\u00e7\u00f5es de realizar esse aporte \u00e9 porque, l\u00e1 atr\u00e1s, tivemos coragem de fazer as reformas que colocaram as contas em dia e abriram espa\u00e7o para novos investimentos. Esse \u00e9 o resultado de escolhas respons\u00e1veis, que agora se transformam em obras concretas e em mais qualidade de vida para os ga\u00fachos\u201d, disse Leite.<\/p>\n<p style=\"text-align:justify\">O decreto que regulamenta a nova etapa, tamb\u00e9m amplia a participa\u00e7\u00e3o do Estado de 20% para 35% em projetos de instala\u00e7\u00e3o ou melhoria das redes de distribui\u00e7\u00e3o de energia el\u00e9trica. O aporte estadual abrange custos com transformadores, postes, fios e demais componentes das redes, al\u00e9m de projetos de subesta\u00e7\u00f5es transformadoras e conex\u00f5es associadas, neste \u00faltimo caso, limitado a R$ 5 milh\u00f5es por cooperativa de eletrifica\u00e7\u00e3o.\u00a0<\/p>\n<p style=\"text-align:justify\">\u201cA inclus\u00e3o de subesta\u00e7\u00f5es no escopo do programa faz parte do nosso modelo de governo, que tem uma escuta ativa das necessidades da popula\u00e7\u00e3o e dos empreendedores ga\u00fachos para que as pol\u00edticas p\u00fablicas tenham o melhor desenho e a maior efetividade. O Energia Forte no Campo j\u00e1 mostrou resultados expressivos nas quatro fases anteriores e, agora, damos um passo al\u00e9m. Ampliamos o escopo e o volume de investimentos para que cada vez mais fam\u00edlias e empreendimentos rurais sejam beneficiados\u201d, afirmou a titular da Sema, Marjorie Kauffmann.&#13;\n<\/p>\n<p style=\"text-align:justify\"><strong>Investimentos previstos na nova fase<\/strong><\/p>\n<p style=\"text-align:justify\">Em abril de 2025, a Sema realizou uma consulta junto \u00e0s cooperativas de eletrifica\u00e7\u00e3o para identificar projetos de linhas de transmiss\u00e3o e de subesta\u00e7\u00f5es aptos a integrar a quinta fase do programa. Como resultado, 13 cooperativas apresentaram propostas, que somam um investimento estimado em R$ 369 milh\u00f5es, dos quais R$ 71,3 milh\u00f5es ser\u00e3o aportados pelo Estado.<\/p>\n<p style=\"text-align:justify\">A amplia\u00e7\u00e3o do programa se justifica pelos resultados positivos alcan\u00e7ados at\u00e9 agora e pela necessidade de refor\u00e7ar a resili\u00eancia do sistema el\u00e9trico diante dos eventos meteorol\u00f3gicos extremos que t\u00eam atingido o Rio Grande do Sul, especialmente as enchentes de 2024.<\/p>\n<p style=\"text-align:justify\"><strong>Resultados j\u00e1 alcan\u00e7ados<\/strong><\/p>\n<p style=\"text-align:justify\">Desde sua cria\u00e7\u00e3o, o Energia Forte no Campo j\u00e1 beneficiou 10.717 consumidores, com impacto direto no desenvolvimento econ\u00f4mico e na melhora da qualidade de vida das comunidades rurais. A expans\u00e3o da rede trif\u00e1sica tem favorecido a produ\u00e7\u00e3o, incentivado as agroind\u00fastrias e garantido maior conforto \u00e0s fam\u00edlias.<\/p>\n<p style=\"text-align:justify\">\u201cO que celebramos hoje \u00e9 a certeza de que o campo ga\u00facho, que alimenta o Brasil e o mundo, ter\u00e1 condi\u00e7\u00f5es ainda melhores para crescer, inovar e resistir. Energia forte no campo \u00e9 sin\u00f4nimo de Estado forte, economia forte e um futuro de esperan\u00e7a para todos\u201d, destacou o governador.&#13;\n<\/p>\n<p style=\"text-align:justify\">Nas quatro primeiras fases do programa, foram contemplados 345 projetos, totalizando 973 km de linhas trif\u00e1sicas, em 122 munic\u00edpios. O investimento do Estado somou R$ 19,9 milh\u00f5es, que possibilitaram a alavancagem de R$102 milh\u00f5es em obras realizadas em parceria com as cooperativas.\u00a0<\/p>\n<\/p><\/div>\n<p><script data-cfasync=\"false\">\n    !function (f, b, e, v, n, t, s) {\n        if (f.fbq) return; n = f.fbq = function () {\n            n.callMethod ?\n                n.callMethod.apply(n, arguments) : n.queue.push(arguments)\n        };\n        if (!f._fbq) f._fbq = n; n.push = n; n.loaded = !0; n.version = '2.0';\n        n.queue = []; t = b.createElement(e); t.async = !0;\n        t.src = v; s = b.getElementsByTagName(e)[0];\n        s.parentNode.insertBefore(t, s)\n    }(window, document, 'script',\n        'https:\/\/connect.facebook.net\/en_US\/fbevents.js');\n    fbq('init', '522546078623747');\n    fbq('track', 'PageView');\n<\/script><br \/>\n<br \/><br \/>\n<br \/><a href=\"https:\/\/www.agrolink.com.br\/noticias\/governo-ira-repassar-r--71-3-milhoes-para-programa-de-eletrificacao-rural_505622.html\">Source link <\/a><\/p>\n","protected":false},"excerpt":{"rendered":"<p>O governo do Estado, por meio da Secretaria do Meio Ambiente e Infraestrutura (Sema), lan\u00e7ou, nesta quarta-feira (3\/9), a quinta<\/p>\n","protected":false},"author":1,"featured_media":4439,"comment_status":"open","ping_status":"open","sticky":false,"template":"","format":"standard","meta":{"_monsterinsights_skip_tracking":false,"_monsterinsights_sitenote_active":false,"_monsterinsights_sitenote_note":"","_monsterinsights_sitenote_category":0,"_uf_show_specific_survey":0,"_uf_disable_surveys":false,"footnotes":""},"categories":[8,1,14],"tags":[],"class_list":["post-19677","post","type-post","status-publish","format-standard","has-post-thumbnail","hentry","category-agro","category-news","category-politica-agro"],"_links":{"self":[{"href":"https:\/\/agromt.news\/index.php?rest_route=\/wp\/v2\/posts\/19677"}],"collection":[{"href":"https:\/\/agromt.news\/index.php?rest_route=\/wp\/v2\/posts"}],"about":[{"href":"https:\/\/agromt.news\/index.php?rest_route=\/wp\/v2\/types\/post"}],"author":[{"embeddable":true,"href":"https:\/\/agromt.news\/index.php?rest_route=\/wp\/v2\/users\/1"}],"replies":[{"embeddable":true,"href":"https:\/\/agromt.news\/index.php?rest_route=%2Fwp%2Fv2%2Fcomments&post=19677"}],"version-history":[{"count":0,"href":"https:\/\/agromt.news\/index.php?rest_route=\/wp\/v2\/posts\/19677\/revisions"}],"wp:featuredmedia":[{"embeddable":true,"href":"https:\/\/agromt.news\/index.php?rest_route=\/wp\/v2\/media\/4439"}],"wp:attachment":[{"href":"https:\/\/agromt.news\/index.php?rest_route=%2Fwp%2Fv2%2Fmedia&parent=19677"}],"wp:term":[{"taxonomy":"category","embeddable":true,"href":"https:\/\/agromt.news\/index.php?rest_route=%2Fwp%2Fv2%2Fcategories&post=19677"},{"taxonomy":"post_tag","embeddable":true,"href":"https:\/\/agromt.news\/index.php?rest_route=%2Fwp%2Fv2%2Ftags&post=19677"}],"curies":[{"name":"wp","href":"https:\/\/api.w.org\/{rel}","templated":true}]}}