{"id":19671,"date":"2025-09-03T20:48:59","date_gmt":"2025-09-04T00:48:59","guid":{"rendered":"https:\/\/agromt.news\/?p=19671"},"modified":"2025-09-03T20:48:59","modified_gmt":"2025-09-04T00:48:59","slug":"canal-rural-promove-forum-sobre-mulheres-no-agro-na-expointer-2025","status":"publish","type":"post","link":"https:\/\/agromt.news\/?p=19671","title":{"rendered":"Canal Rural promove f\u00f3rum sobre Mulheres no Agro na Expointer 2025"},"content":{"rendered":"<p> <br \/>\n<br \/><img decoding=\"async\" src=\"https:\/\/agromt.news\/wp-content\/uploads\/2025\/09\/Canal-Rural-promove-forum-sobre-Mulheres-no-Agro-na-Expointer.jpg\" \/><\/p>\n<div>\n<p>A <a href=\"https:\/\/www.canalrural.com.br\/tag\/casa-canal-rural\/\">Casa Canal Rural<\/a>, na Expointer 2025, ser\u00e1 palco do F\u00f3rum Mulheres do Agro \u2013 A Protagonista, um espa\u00e7o de valoriza\u00e7\u00e3o e reconhecimento do papel feminino no campo. <\/p>\n<p>O evento ocorre nesta quinta-feira (4), das 8h30 \u00e0s 12h, e ter\u00e1 como tema central \u201cO papel de destaque das mulheres no agro\u201d, ressaltando como a presen\u00e7a feminina contribui para o crescimento econ\u00f4mico e social do setor. <\/p>\n<\/div>\n<div>\n<p>O p\u00fablico ter\u00e1 a oportunidade de acompanhar hist\u00f3rias inspiradoras e vivenciar momentos de troca de experi\u00eancias. <\/p>\n<p>O encontro contar\u00e1 com a participa\u00e7\u00e3o especial da subsecret\u00e1ria da Expointer, Elizabeth Cirne Lima, a presidente do Instituto Desenvolve Pecu\u00e1ria, Antonia Scalzilli, a produtora da Est\u00e2ncia da Gruta, Anna Luiza Sampaio e com a instrutora e tutora do CNA Jovem e membro da diretoria da Farsul Jovem, Mariana Cherubini. A apresenta\u00e7\u00e3o ser\u00e1 da jornalista Jaqueline Silva.<\/p>\n<p>A iniciativa refor\u00e7a o compromisso do Canal Rural em dar voz \u00e0s mulheres que transformam o agroneg\u00f3cio e abrir espa\u00e7o para debates sobre lideran\u00e7a, inova\u00e7\u00e3o e diversidade no setor. As inscri\u00e7\u00f5es podem ser realizadas neste <a href=\"https:\/\/www.sympla.com.br\/evento\/forum-mulheres-do-agro\/3090779?share_id=copiarlink\">link<\/a>. <\/p>\n<\/p><\/div>\n<p><br \/>\n<br \/><a href=\"https:\/\/www.canalrural.com.br\/nacional\/rio-grande-do-sul\/canal-rural-promove-forum-sobre-mulheres-no-agro-na-expointer-2025\/\">Source link <\/a><\/p>\n","protected":false},"excerpt":{"rendered":"<p>A Casa Canal Rural, na Expointer 2025, ser\u00e1 palco do F\u00f3rum Mulheres do Agro \u2013 A Protagonista, um espa\u00e7o de<\/p>\n","protected":false},"author":1,"featured_media":19672,"comment_status":"open","ping_status":"open","sticky":false,"template":"","format":"standard","meta":{"_monsterinsights_skip_tracking":false,"_monsterinsights_sitenote_active":false,"_monsterinsights_sitenote_note":"","_monsterinsights_sitenote_category":0,"_uf_show_specific_survey":0,"_uf_disable_surveys":false,"footnotes":""},"categories":[1],"tags":[],"class_list":["post-19671","post","type-post","status-publish","format-standard","has-post-thumbnail","hentry","category-news"],"_links":{"self":[{"href":"https:\/\/agromt.news\/index.php?rest_route=\/wp\/v2\/posts\/19671"}],"collection":[{"href":"https:\/\/agromt.news\/index.php?rest_route=\/wp\/v2\/posts"}],"about":[{"href":"https:\/\/agromt.news\/index.php?rest_route=\/wp\/v2\/types\/post"}],"author":[{"embeddable":true,"href":"https:\/\/agromt.news\/index.php?rest_route=\/wp\/v2\/users\/1"}],"replies":[{"embeddable":true,"href":"https:\/\/agromt.news\/index.php?rest_route=%2Fwp%2Fv2%2Fcomments&post=19671"}],"version-history":[{"count":0,"href":"https:\/\/agromt.news\/index.php?rest_route=\/wp\/v2\/posts\/19671\/revisions"}],"wp:featuredmedia":[{"embeddable":true,"href":"https:\/\/agromt.news\/index.php?rest_route=\/wp\/v2\/media\/19672"}],"wp:attachment":[{"href":"https:\/\/agromt.news\/index.php?rest_route=%2Fwp%2Fv2%2Fmedia&parent=19671"}],"wp:term":[{"taxonomy":"category","embeddable":true,"href":"https:\/\/agromt.news\/index.php?rest_route=%2Fwp%2Fv2%2Fcategories&post=19671"},{"taxonomy":"post_tag","embeddable":true,"href":"https:\/\/agromt.news\/index.php?rest_route=%2Fwp%2Fv2%2Ftags&post=19671"}],"curies":[{"name":"wp","href":"https:\/\/api.w.org\/{rel}","templated":true}]}}