{"id":19669,"date":"2025-09-03T20:34:48","date_gmt":"2025-09-04T00:34:48","guid":{"rendered":"https:\/\/agromt.news\/?p=19669"},"modified":"2025-09-03T20:34:48","modified_gmt":"2025-09-04T00:34:48","slug":"ibama-e-hidreletrica-sao-condenados-por-infestacao-de-mosquitos-em-assentamentos","status":"publish","type":"post","link":"https:\/\/agromt.news\/?p=19669","title":{"rendered":"Ibama e hidrel\u00e9trica s\u00e3o condenados por infesta\u00e7\u00e3o de mosquitos em assentamentos"},"content":{"rendered":"<p> <br \/>\n<br \/><img decoding=\"async\" src=\"https:\/\/agromt.news\/wp-content\/uploads\/2025\/09\/Ibama-e-hidreletrica-sao-condenados-por-infestacao-de-mosquitos-em.jpg\" \/><\/p>\n<div>\n<p>A usina hidrel\u00e9trica Santo Ant\u00f4nio Energia (SAE) e o Instituto Brasileiro do Meio Ambiente e dos Recursos Naturais Renov\u00e1veis (<a href=\"https:\/\/www.canalrural.com.br\/tag\/ibama\/\">Ibama<\/a>) foram condenados a elaborar e executar um plano de controle ambiental contra a infesta\u00e7\u00e3o de mosquitos nos assentamentos Joana D\u2019Arc I, II e III, em Porto Velho, Rond\u00f4nia. <\/p>\n<p>A a\u00e7\u00e3o, de autoria do Minist\u00e9rio P\u00fablico Federal (<a href=\"https:\/\/www.canalrural.com.br\/tag\/mpf\/\">MPF<\/a>) e do Minist\u00e9rio P\u00fablico de Rond\u00f4nia (MPRO), teve senten\u00e7a emitida em 28 de agosto pela 5\u00aa Vara Federal Ambiental e Agr\u00e1ria da Justi\u00e7a Federal em Rond\u00f4nia. <\/p>\n<p>A decis\u00e3o acolheu parcialmente os pedidos da a\u00e7\u00e3o civil p\u00fablica realizada pelo MPF e MPRO, em 2016, que se baseou na den\u00fancia de 141 moradores da regi\u00e3o sobre a prolifera\u00e7\u00e3o de mosquitos do g\u00eanero <em>Mansonia<\/em>, decorrente da forma\u00e7\u00e3o do reservat\u00f3rio de \u00e1gua do Complexo Hidrel\u00e9trico Santo Ant\u00f4nio.<\/p>\n<p>Segundo os autos, a infesta\u00e7\u00e3o tornou a conviv\u00eancia insustent\u00e1vel para a popula\u00e7\u00e3o local, gerando inc\u00f4modo, dist\u00farbios de sa\u00fade, riscos de transmiss\u00e3o de doen\u00e7as e preju\u00edzos econ\u00f4micos, sociais e ambientais.<\/p>\n<p>Conforme a a\u00e7\u00e3o, a causa da prolifera\u00e7\u00e3o foi a omiss\u00e3o da SAE no cumprimento do Programa de Monitoramento de Macr\u00f3fitas, exigido como condicionante da Licen\u00e7a de Opera\u00e7\u00e3o n\u00ba 1044\/2011, concedida pelo Ibama, que previa o controle das plantas aqu\u00e1ticas flutuantes, ambiente prop\u00edcio ao desenvolvimento das larvas de <em>Mansonia<\/em>.<\/p>\n<h2 class=\"wp-block-heading\" id=\"h-omissao-do-ibama\">Omiss\u00e3o do Ibama<\/h2>\n<p>De acordo com os autores da a\u00e7\u00e3o, o Ibama tamb\u00e9m foi omisso ao n\u00e3o fiscalizar adequadamente as obriga\u00e7\u00f5es impostas no processo de licenciamento ambiental.<\/p>\n<p>Os r\u00e9us argumentaram a exist\u00eancia de outra a\u00e7\u00e3o civil p\u00fablica na Justi\u00e7a Estadual com pedidos semelhantes e defenderam que tais insetos ocorrem naturalmente na localidade. <\/p>\n<\/div>\n<div>\n<p>Segundo os r\u00e9us, a situa\u00e7\u00e3o \u00e9 t\u00edpica e pode decorrer de fatores ambientais, como precipita\u00e7\u00e3o abundante em determinados anos. Tamb\u00e9m apresentaram manifesta\u00e7\u00f5es t\u00e9cnicas e artigos cient\u00edficos favor\u00e1veis aos seus argumentos.<\/p>\n<p>O Ibama afirmou que tem acompanhado o caso desde 2013, realizando vistorias, emitindo pareceres e exigindo medidas como a remo\u00e7\u00e3o de macr\u00f3fitas e a distribui\u00e7\u00e3o de mosquiteiros.<\/p>\n<p>No entanto, a Justi\u00e7a Federal determinou a realiza\u00e7\u00e3o de prova pericial, por perita nomeada com expertise em entomologia m\u00e9dica. <\/p>\n<p>Segundo a especialista, o laudo t\u00e9cnico divergiu dos argumentos apresentados pelos r\u00e9us, confirmando que a situa\u00e7\u00e3o dos moradores era de <strong>\u2018calamidade de sa\u00fade p\u00fablica\u2019<\/strong>, com forte preju\u00edzo \u00e0 qualidade de vida.<\/p>\n<p>\u201cAinda que n\u00e3o tenha sido poss\u00edvel determinar a origem dos mosquitos, h\u00e1 uma probabilidade de rela\u00e7\u00e3o entre a forma\u00e7\u00e3o do reservat\u00f3rio e o aumento da infesta\u00e7\u00e3o, em raz\u00e3o da associa\u00e7\u00e3o entre a reprodu\u00e7\u00e3o dos insetos e a presen\u00e7a de macr\u00f3fitas aqu\u00e1ticas\u201d, argumenta.<\/p>\n<h2 class=\"wp-block-heading\" id=\"h-decisao-judicial\">Decis\u00e3o judicial<\/h2>\n<p>A Justi\u00e7a Federal reconheceu que as omiss\u00f5es da SAE e do Ibama proporcionaram a prolifera\u00e7\u00e3o dos mosquitos e determinou a elabora\u00e7\u00e3o e implementa\u00e7\u00e3o do plano de controle ambiental.<\/p>\n<p>Al\u00e9m disso, a justi\u00e7a condenou a Santo Ant\u00f4nio Energia S.A. a pagar <strong>R$ 500 mil<\/strong> de indeniza\u00e7\u00e3o por danos morais coletivos, valor que dever\u00e1 ser revertido para o Fundo de Defesa dos Direitos Difusos (FDDD).<\/p>\n<p>Por fim, a decis\u00e3o negou o pedido do MPF e do MPRO para remanejamento das fam\u00edlias residentes nos assentamentos, por considerar que uma decis\u00e3o na a\u00e7\u00e3o em curso na Justi\u00e7a Estadual j\u00e1 havia concedido a realoca\u00e7\u00e3o progressiva da popula\u00e7\u00e3o afetada, bem como aux\u00edlio financeiro, como medidas emergenciais.<\/p>\n<\/p><\/div>\n<p><br \/>\n<br \/><a href=\"https:\/\/www.canalrural.com.br\/agricultura\/ibama-e-hidreletrica-sao-condenados-por-infestacao-de-mosquitos-em-assentamentos\/\">Source link <\/a><\/p>\n","protected":false},"excerpt":{"rendered":"<p>A usina hidrel\u00e9trica Santo Ant\u00f4nio Energia (SAE) e o Instituto Brasileiro do Meio Ambiente e dos Recursos Naturais Renov\u00e1veis (Ibama)<\/p>\n","protected":false},"author":1,"featured_media":19670,"comment_status":"open","ping_status":"open","sticky":false,"template":"","format":"standard","meta":{"_monsterinsights_skip_tracking":false,"_monsterinsights_sitenote_active":false,"_monsterinsights_sitenote_note":"","_monsterinsights_sitenote_category":0,"_uf_show_specific_survey":0,"_uf_disable_surveys":false,"footnotes":""},"categories":[1],"tags":[],"class_list":["post-19669","post","type-post","status-publish","format-standard","has-post-thumbnail","hentry","category-news"],"_links":{"self":[{"href":"https:\/\/agromt.news\/index.php?rest_route=\/wp\/v2\/posts\/19669"}],"collection":[{"href":"https:\/\/agromt.news\/index.php?rest_route=\/wp\/v2\/posts"}],"about":[{"href":"https:\/\/agromt.news\/index.php?rest_route=\/wp\/v2\/types\/post"}],"author":[{"embeddable":true,"href":"https:\/\/agromt.news\/index.php?rest_route=\/wp\/v2\/users\/1"}],"replies":[{"embeddable":true,"href":"https:\/\/agromt.news\/index.php?rest_route=%2Fwp%2Fv2%2Fcomments&post=19669"}],"version-history":[{"count":0,"href":"https:\/\/agromt.news\/index.php?rest_route=\/wp\/v2\/posts\/19669\/revisions"}],"wp:featuredmedia":[{"embeddable":true,"href":"https:\/\/agromt.news\/index.php?rest_route=\/wp\/v2\/media\/19670"}],"wp:attachment":[{"href":"https:\/\/agromt.news\/index.php?rest_route=%2Fwp%2Fv2%2Fmedia&parent=19669"}],"wp:term":[{"taxonomy":"category","embeddable":true,"href":"https:\/\/agromt.news\/index.php?rest_route=%2Fwp%2Fv2%2Fcategories&post=19669"},{"taxonomy":"post_tag","embeddable":true,"href":"https:\/\/agromt.news\/index.php?rest_route=%2Fwp%2Fv2%2Ftags&post=19669"}],"curies":[{"name":"wp","href":"https:\/\/api.w.org\/{rel}","templated":true}]}}