{"id":19667,"date":"2025-09-03T20:20:37","date_gmt":"2025-09-04T00:20:37","guid":{"rendered":"https:\/\/agromt.news\/?p=19667"},"modified":"2025-09-03T20:20:37","modified_gmt":"2025-09-04T00:20:37","slug":"policia-recupera-trator-furtado-e-prende-tres-suspeitos-em-minas-gerais","status":"publish","type":"post","link":"https:\/\/agromt.news\/?p=19667","title":{"rendered":"Pol\u00edcia recupera trator furtado e prende tr\u00eas suspeitos em Minas Gerais"},"content":{"rendered":"<p> <br \/>\n<br \/><img decoding=\"async\" src=\"https:\/\/agromt.news\/wp-content\/uploads\/2025\/09\/Policia-recupera-trator-furtado-e-prende-tres-suspeitos-em-Minas.jpg\" \/><\/p>\n<div>\n<p>A Pol\u00edcia Civil de Minas Gerais (PCMG) recuperou, na manh\u00e3 desta quarta-feira (3), um trator furtado em Candeias, na zona rural de Janu\u00e1ria, <a href=\"https:\/\/www.canalrural.com.br\/tag\/minas-gerais\/\">Minas Gerais<\/a>. Durante a a\u00e7\u00e3o, tr\u00eas homens foram presos nos munic\u00edpios de Montes Claros, Janu\u00e1ria e Formiga.\u00a0<\/p>\n<p>A opera\u00e7\u00e3o, batizada de Porteira Aberta, foi realizada com base em inqu\u00e9ritos instaurados para apurar o furto de tr\u00eas tratores, registrados no primeiro semestre deste ano, nos munic\u00edpios de Campo Belo e Candeias.<\/p>\n<\/div>\n<div>\n<p>\u201cPor meio de investiga\u00e7\u00e3o, comprovamos o envolvimento de alguns indiv\u00edduos da regi\u00e3o de Janu\u00e1ria, que teriam se deslocado at\u00e9 as cidades de Campo Belo e Candeias e subtra\u00eddo os tratores\u201d, informou o delegado titular da Delegacia Especializada em Investiga\u00e7\u00e3o e Repress\u00e3o a Crimes Rurais em Campo Belo, Jos\u00e9 Rubens.<\/p>\n<p>A <a href=\"https:\/\/www.canalrural.com.br\/tag\/policia-civil\/\">Pol\u00edcia Civil<\/a> apura a atua\u00e7\u00e3o de uma poss\u00edvel organiza\u00e7\u00e3o criminosa especializada no furto de tratores com ramifica\u00e7\u00f5es em diferentes regi\u00f5es do estado.<\/p>\n<p>Os trabalhos policiais, coordenados pela Delegacia Especializada em Investiga\u00e7\u00e3o e Repress\u00e3o a Crimes Rurais em Campo Belo, continuam.<\/p>\n<\/p><\/div>\n<p><br \/>\n<br \/><a href=\"https:\/\/www.canalrural.com.br\/seguranca\/policia-recupera-trator-furtado-e-prende-tres-suspeitos-em-minas-gerais\/\">Source link <\/a><\/p>\n","protected":false},"excerpt":{"rendered":"<p>A Pol\u00edcia Civil de Minas Gerais (PCMG) recuperou, na manh\u00e3 desta quarta-feira (3), um trator furtado em Candeias, na zona<\/p>\n","protected":false},"author":1,"featured_media":19668,"comment_status":"open","ping_status":"open","sticky":false,"template":"","format":"standard","meta":{"_monsterinsights_skip_tracking":false,"_monsterinsights_sitenote_active":false,"_monsterinsights_sitenote_note":"","_monsterinsights_sitenote_category":0,"_uf_show_specific_survey":0,"_uf_disable_surveys":false,"footnotes":""},"categories":[1],"tags":[],"class_list":["post-19667","post","type-post","status-publish","format-standard","has-post-thumbnail","hentry","category-news"],"_links":{"self":[{"href":"https:\/\/agromt.news\/index.php?rest_route=\/wp\/v2\/posts\/19667"}],"collection":[{"href":"https:\/\/agromt.news\/index.php?rest_route=\/wp\/v2\/posts"}],"about":[{"href":"https:\/\/agromt.news\/index.php?rest_route=\/wp\/v2\/types\/post"}],"author":[{"embeddable":true,"href":"https:\/\/agromt.news\/index.php?rest_route=\/wp\/v2\/users\/1"}],"replies":[{"embeddable":true,"href":"https:\/\/agromt.news\/index.php?rest_route=%2Fwp%2Fv2%2Fcomments&post=19667"}],"version-history":[{"count":0,"href":"https:\/\/agromt.news\/index.php?rest_route=\/wp\/v2\/posts\/19667\/revisions"}],"wp:featuredmedia":[{"embeddable":true,"href":"https:\/\/agromt.news\/index.php?rest_route=\/wp\/v2\/media\/19668"}],"wp:attachment":[{"href":"https:\/\/agromt.news\/index.php?rest_route=%2Fwp%2Fv2%2Fmedia&parent=19667"}],"wp:term":[{"taxonomy":"category","embeddable":true,"href":"https:\/\/agromt.news\/index.php?rest_route=%2Fwp%2Fv2%2Fcategories&post=19667"},{"taxonomy":"post_tag","embeddable":true,"href":"https:\/\/agromt.news\/index.php?rest_route=%2Fwp%2Fv2%2Ftags&post=19667"}],"curies":[{"name":"wp","href":"https:\/\/api.w.org\/{rel}","templated":true}]}}