{"id":19661,"date":"2025-09-03T19:32:42","date_gmt":"2025-09-03T23:32:42","guid":{"rendered":"https:\/\/agromt.news\/?p=19661"},"modified":"2025-09-03T19:32:42","modified_gmt":"2025-09-03T23:32:42","slug":"italia-diz-apoiar-acordo-mercosul-ue-mas-quer-proteger-agricultores-europeus","status":"publish","type":"post","link":"https:\/\/agromt.news\/?p=19661","title":{"rendered":"It\u00e1lia diz apoiar Acordo Mercosul-UE, mas quer proteger agricultores europeus"},"content":{"rendered":"<p> <br \/>\n<br \/><img decoding=\"async\" src=\"https:\/\/agromt.news\/wp-content\/uploads\/2025\/09\/Italia-diz-apoiar-Acordo-Mercosul-UE-mas-quer-proteger-agricultores-europeus.jpg\" \/><\/p>\n<div>\n<p>Ap\u00f3s a ado\u00e7\u00e3o do texto final do <a href=\"https:\/\/www.canalrural.com.br\/agricultura\/italia-diz-apoiar-acordo-mercosul-ue-mas-quer-proteger-agricultores-europeus\/_wp_link_placeholder\" data-wplink-edit=\"true\"><strong>Acordo Mercosul-Uni\u00e3o Europeia<\/strong><\/a> pelo Col\u00e9gio de Comiss\u00e1rios, o governo italiano demonstrou satisfa\u00e7\u00e3o com a inclus\u00e3o de um pacote de salvaguardas adicionais para proteger os agricultores europeus.<\/p>\n<p>\u201cEssas salvaguardas adicionais incluem, como a It\u00e1lia solicitou ativamente nos \u00faltimos meses, um mecanismo de monitoramento e interven\u00e7\u00e3o r\u00e1pida em caso de perturba\u00e7\u00f5es de pre\u00e7os, inclusive no n\u00edvel de Estados-Membros individuais, o fortalecimento dos controles fitossanit\u00e1rios em mercadorias recebidas, para garantir total conformidade com os padr\u00f5es e regulamentos da UE, e um compromisso de fornecer compensa\u00e7\u00e3o adequada para quaisquer cadeias de suprimentos agr\u00edcolas afetadas\u201d, afirmou o governo italiano.<\/p>\n<\/div>\n<div>\n<h5 class=\"western\"><span style=\"color: #000000;\"><span style=\"font-family: Arial, sans-serif;\"><span style=\"font-size: x-large;\"><i>Veja em primeira m\u00e3o tudo sobre agricultura, pecu\u00e1ria, economia e previs\u00e3o do tempo:<\/i><\/span><\/span><\/span><a href=\"https:\/\/news.google.com\/publications\/CAAqBwgKMPKZlQswq_mqAw?hl=pt-BR&amp;gl=BR&amp;ceid=BR%3Apt-419\" target=\"_blank\" rel=\"noopener\"><span style=\"color: #1155cc;\"><span style=\"font-family: Arial, Helvetica, sans-serif;\"><span style=\"font-size: x-large;\">\u00a0<\/span><\/span><\/span><span style=\"color: #1155cc;\"><span style=\"font-family: Arial, sans-serif;\"><span style=\"font-size: x-large;\"><i>siga o Canal Rural no Google News!<\/i><\/span><\/span><\/span><\/a><\/h5>\n<p>Tendo em vista a pr\u00f3xima aprova\u00e7\u00e3o formal do Acordo em Bruxelas, a It\u00e1lia ainda avaliar\u00e1 efic\u00e1cia das garantias adicionais fornecidas e a consequente possibilidade de apoiar ou rejeitar a aprova\u00e7\u00e3o final do Acordo Mercosul-UE.<\/p>\n<\/p><\/div>\n<p><br \/>\n<br \/><a href=\"https:\/\/www.canalrural.com.br\/agricultura\/italia-diz-apoiar-acordo-mercosul-ue-mas-quer-proteger-agricultores-europeus\/\">Source link <\/a><\/p>\n","protected":false},"excerpt":{"rendered":"<p>Ap\u00f3s a ado\u00e7\u00e3o do texto final do Acordo Mercosul-Uni\u00e3o Europeia pelo Col\u00e9gio de Comiss\u00e1rios, o governo italiano demonstrou satisfa\u00e7\u00e3o com<\/p>\n","protected":false},"author":1,"featured_media":19662,"comment_status":"open","ping_status":"open","sticky":false,"template":"","format":"standard","meta":{"_monsterinsights_skip_tracking":false,"_monsterinsights_sitenote_active":false,"_monsterinsights_sitenote_note":"","_monsterinsights_sitenote_category":0,"_uf_show_specific_survey":0,"_uf_disable_surveys":false,"footnotes":""},"categories":[1],"tags":[],"class_list":["post-19661","post","type-post","status-publish","format-standard","has-post-thumbnail","hentry","category-news"],"_links":{"self":[{"href":"https:\/\/agromt.news\/index.php?rest_route=\/wp\/v2\/posts\/19661"}],"collection":[{"href":"https:\/\/agromt.news\/index.php?rest_route=\/wp\/v2\/posts"}],"about":[{"href":"https:\/\/agromt.news\/index.php?rest_route=\/wp\/v2\/types\/post"}],"author":[{"embeddable":true,"href":"https:\/\/agromt.news\/index.php?rest_route=\/wp\/v2\/users\/1"}],"replies":[{"embeddable":true,"href":"https:\/\/agromt.news\/index.php?rest_route=%2Fwp%2Fv2%2Fcomments&post=19661"}],"version-history":[{"count":0,"href":"https:\/\/agromt.news\/index.php?rest_route=\/wp\/v2\/posts\/19661\/revisions"}],"wp:featuredmedia":[{"embeddable":true,"href":"https:\/\/agromt.news\/index.php?rest_route=\/wp\/v2\/media\/19662"}],"wp:attachment":[{"href":"https:\/\/agromt.news\/index.php?rest_route=%2Fwp%2Fv2%2Fmedia&parent=19661"}],"wp:term":[{"taxonomy":"category","embeddable":true,"href":"https:\/\/agromt.news\/index.php?rest_route=%2Fwp%2Fv2%2Fcategories&post=19661"},{"taxonomy":"post_tag","embeddable":true,"href":"https:\/\/agromt.news\/index.php?rest_route=%2Fwp%2Fv2%2Ftags&post=19661"}],"curies":[{"name":"wp","href":"https:\/\/api.w.org\/{rel}","templated":true}]}}