{"id":19657,"date":"2025-09-03T17:47:35","date_gmt":"2025-09-03T21:47:35","guid":{"rendered":"https:\/\/agromt.news\/?p=19657"},"modified":"2025-09-03T17:47:35","modified_gmt":"2025-09-03T21:47:35","slug":"falta-um-mes-para-a-abertura-nacional-do-plantio-da-soja-inscreva-se","status":"publish","type":"post","link":"https:\/\/agromt.news\/?p=19657","title":{"rendered":"Falta um m\u00eas para a Abertura Nacional do Plantio da Soja; inscreva-se!"},"content":{"rendered":"<p> <br \/>\n<br \/><img decoding=\"async\" src=\"https:\/\/agromt.news\/wp-content\/uploads\/2024\/10\/Confira-como-os-precos-da-soja-fecharam-nesta-quinta-feira.png\" \/><\/p>\n<div>\n<p>Faltam exatos 30 dias para a <a href=\"https:\/\/www.canalrural.com.br\/?s=Abertura+Nacional+do+Plantio+da+Soja\">Abertura Nacional do Plantio da Soja<\/a>, evento que marca o in\u00edcio da safra de soja 2025\/26. As inscri\u00e7\u00f5es para participa\u00e7\u00e3o presencial est\u00e3o abertas e s\u00e3o gratuitas. O processo \u00e9 simples: basta acessar o <a href=\"https:\/\/eventos.canalrural.com.br\/plantio-da-soja?_gl=1*xj3xuw*_ga*NTk3MzU1NjEzLjE3NDg2MTcyMTY.*_ga_4Z7XXTBDRP*czE3NTY5MzA5NDMkbzIxJGcxJHQxNzU2OTMyOTc3JGo2MCRsMCRoMA..*_gcl_au*MTE5OTgzODIzMi4xNzUyMjUxOTMz*_ga_Y1X353CDF4*czE3NTY5MzA5NDIkbzQ3JGcxJHQxNzU2OTMyOTc4JGo1MCRsMCRoMTIyNzc3MDY5Nw..\">link<\/a>, preencher os dados e garantir a vaga. \u00c9 simples, n\u00e9?<\/p>\n<figure class=\"wp-block-embed is-type-rich is-provider-instagram wp-block-embed-instagram\">\n<p><iframe title=\"Instagram frame\" loading=\"lazy\" height=\"628\" class=\"instagram-embed-iframe\" src=\"https:\/\/www.canalrural.com.br\/diversos\/falta-um-mes-para-a-abertura-nacional-do-plantio-da-soja-inscreva-se\/about:blank\" allowtransparency=\"true\" frameborder=\"0\" scrolling=\"no\" onload=\"(function(o){window.instagramIframe = window.instagramIframe || []; window.instagramIframe.push(o);})(this)\" style=\"border: 0px; margin: 0 auto; max-width: 658px; width: calc(100% - 2px); border-radius: 4px; box-shadow: rgba(0, 0, 0, 0.498039) 0px 0px 1px 0px, rgba(0, 0, 0, 0.14902) 0px 1px 10px 0px; display: block; padding: 0px; background: rgb(255, 255, 255);\" data-rocket-lazyload=\"fitvidscompatible\" data-lazy-src=\"https:\/\/www.instagram.com\/p\/DOJ0wz6ivm_\/embed\/\"><\/iframe><noscript><iframe title=\"Instagram frame\" loading=\"lazy\" height=\"628\" class=\"instagram-embed-iframe\" src=\"https:\/\/www.instagram.com\/p\/DOJ0wz6ivm_\/embed\/\" allowtransparency=\"true\" frameborder=\"0\" scrolling=\"no\" onload=\"(function(o){window.instagramIframe = window.instagramIframe || []; window.instagramIframe.push(o);})(this)\" style=\"border: 0px; margin: 0 auto; max-width: 658px; width: calc(100% - 2px); border-radius: 4px; box-shadow: rgba(0, 0, 0, 0.498039) 0px 0px 1px 0px, rgba(0, 0, 0, 0.14902) 0px 1px 10px 0px; display: block; padding: 0px; background: rgb(255, 255, 255);\"><\/iframe><\/noscript><\/p>\n<\/figure>\n<ul class=\"wp-block-list\">\n<li><strong><em>Fique por dentro das novidades e not\u00edcias recentes sobre a soja! Participe da nossa comunidade atrav\u00e9s do\u00a0<a href=\"https:\/\/chat.whatsapp.com\/BmMRwA0TZ2DHGyhzoaVEWu\">link<\/a>! \ud83c\udf31<\/em><\/strong><\/li>\n<\/ul>\n<p>A <a href=\"https:\/\/www.youtube.com\/watch?v=X02Z3JTRyGI\">cerim\u00f4nia <\/a>ser\u00e1 realizada no dia 3 de outubro, a partir das 9h (hor\u00e1rio de Bras\u00edlia), na Fazenda Recanto, em Sidrol\u00e2ndia (MS), e tamb\u00e9m celebra o in\u00edcio da 14\u00aa temporada do projeto Soja Brasil.<\/p>\n<\/div>\n<div>\n<p>Organizado pelo Canal Rural, em parceria com a Aprosoja Brasil, o evento reunir\u00e1 autoridades, produtores rurais e especialistas para debater temas como o mercado mundial da soja, condi\u00e7\u00f5es clim\u00e1ticas e cen\u00e1rio geopol\u00edtico.<\/p>\n<p>Al\u00e9m das discuss\u00f5es, os participantes poder\u00e3o acompanhar m\u00e1quinas agr\u00edcolas em opera\u00e7\u00e3o no campo e participar de um almo\u00e7o de confraterniza\u00e7\u00e3o.<\/p>\n<\/p><\/div>\n<p><script async src=\"\/\/www.instagram.com\/embed.js\"><\/script><br \/>\n<br \/><br \/>\n<br \/><a href=\"https:\/\/www.canalrural.com.br\/diversos\/falta-um-mes-para-a-abertura-nacional-do-plantio-da-soja-inscreva-se\/\">Source link <\/a><\/p>\n","protected":false},"excerpt":{"rendered":"<p>Faltam exatos 30 dias para a Abertura Nacional do Plantio da Soja, evento que marca o in\u00edcio da safra de<\/p>\n","protected":false},"author":1,"featured_media":3940,"comment_status":"open","ping_status":"open","sticky":false,"template":"","format":"standard","meta":{"_monsterinsights_skip_tracking":false,"_monsterinsights_sitenote_active":false,"_monsterinsights_sitenote_note":"","_monsterinsights_sitenote_category":0,"_uf_show_specific_survey":0,"_uf_disable_surveys":false,"footnotes":""},"categories":[1],"tags":[],"class_list":["post-19657","post","type-post","status-publish","format-standard","has-post-thumbnail","hentry","category-news"],"_links":{"self":[{"href":"https:\/\/agromt.news\/index.php?rest_route=\/wp\/v2\/posts\/19657"}],"collection":[{"href":"https:\/\/agromt.news\/index.php?rest_route=\/wp\/v2\/posts"}],"about":[{"href":"https:\/\/agromt.news\/index.php?rest_route=\/wp\/v2\/types\/post"}],"author":[{"embeddable":true,"href":"https:\/\/agromt.news\/index.php?rest_route=\/wp\/v2\/users\/1"}],"replies":[{"embeddable":true,"href":"https:\/\/agromt.news\/index.php?rest_route=%2Fwp%2Fv2%2Fcomments&post=19657"}],"version-history":[{"count":0,"href":"https:\/\/agromt.news\/index.php?rest_route=\/wp\/v2\/posts\/19657\/revisions"}],"wp:featuredmedia":[{"embeddable":true,"href":"https:\/\/agromt.news\/index.php?rest_route=\/wp\/v2\/media\/3940"}],"wp:attachment":[{"href":"https:\/\/agromt.news\/index.php?rest_route=%2Fwp%2Fv2%2Fmedia&parent=19657"}],"wp:term":[{"taxonomy":"category","embeddable":true,"href":"https:\/\/agromt.news\/index.php?rest_route=%2Fwp%2Fv2%2Fcategories&post=19657"},{"taxonomy":"post_tag","embeddable":true,"href":"https:\/\/agromt.news\/index.php?rest_route=%2Fwp%2Fv2%2Ftags&post=19657"}],"curies":[{"name":"wp","href":"https:\/\/api.w.org\/{rel}","templated":true}]}}