{"id":19655,"date":"2025-09-03T17:42:11","date_gmt":"2025-09-03T21:42:11","guid":{"rendered":"https:\/\/agromt.news\/?p=19655"},"modified":"2025-09-03T17:42:11","modified_gmt":"2025-09-03T21:42:11","slug":"liderancas-do-agro-reforcam-uniao-durante-visita-a-expointer-2025","status":"publish","type":"post","link":"https:\/\/agromt.news\/?p=19655","title":{"rendered":"Lideran\u00e7as do agro refor\u00e7am uni\u00e3o durante visita \u00e0 Expointer 2025"},"content":{"rendered":"<p> <br \/>\n<\/p>\n<div>\n<p style=\"text-align:justify\">O presidente da Confedera\u00e7\u00e3o da Agricultura e Pecu\u00e1ria do Brasil (CNA) esteve, nesta segunda-feira (1\u00ba), na Casa do Sindicato de M\u00e1quinas e Implementos Agr\u00edcolas do Rio Grande do Sul (Simers), durante a Expointer 2025, em Esteio (RS). A visita contou tamb\u00e9m com a presen\u00e7a do presidente da Federa\u00e7\u00e3o da Agricultura do Rio Grande do Sul (Farsul), Gede\u00e3o Pereira, e do presidente do Simers, Claudio Bier.&#13;\n<\/p>\n<p style=\"text-align:justify\"><strong>Encontro de c\u00fapula no agro<\/strong><\/p>\n<p style=\"text-align:justify\">No encontro, as lideran\u00e7as discutiram medidas conjuntas para fortalecer o agroneg\u00f3cio brasileiro, com destaque para a mecaniza\u00e7\u00e3o agr\u00edcola, pol\u00edticas de incentivo \u00e0 produ\u00e7\u00e3o e os desafios enfrentados pelo setor diante de um cen\u00e1rio de custos elevados e press\u00f5es ambientais.<\/p>\n<p style=\"text-align:justify\">Segundo Claudio Bier, presidente do Simers, \u201ca uni\u00e3o entre entidades \u00e9 essencial para garantir competitividade ao produtor. Precisamos de pol\u00edticas p\u00fablicas que estimulem inova\u00e7\u00e3o, cr\u00e9dito acess\u00edvel e sustentabilidade\u201d.<\/p>\n<p style=\"text-align:justify\">J\u00e1 o presidente da CNA refor\u00e7ou a import\u00e2ncia do di\u00e1logo constante com os estados. \u201cO agro ga\u00facho tem papel estrat\u00e9gico na produ\u00e7\u00e3o nacional, seja na pecu\u00e1ria, nos gr\u00e3os ou na ind\u00fastria de m\u00e1quinas agr\u00edcolas. Estar aqui \u00e9 reconhecer essa for\u00e7a e trabalhar em conjunto por solu\u00e7\u00f5es de longo prazo\u201d, afirmou.&#13;\n<\/p>\n<p style=\"text-align:justify\"><strong>Expointer como espa\u00e7o de articula\u00e7\u00e3o<\/strong><\/p>\n<p style=\"text-align:justify\">A presen\u00e7a das tr\u00eas lideran\u00e7as refor\u00e7a a fun\u00e7\u00e3o da Expointer como mais do que uma vitrine de tecnologia: o evento se consolida como espa\u00e7o de articula\u00e7\u00e3o pol\u00edtica e institucional. Para Gede\u00e3o Pereira, presidente da Farsul, \u201ca feira sempre foi palco de neg\u00f3cios e inova\u00e7\u00e3o, mas tamb\u00e9m \u00e9 um f\u00f3rum de debates que influencia decis\u00f5es em Bras\u00edlia e nos estados\u201d.<\/p>\n<p style=\"text-align:justify\">Com p\u00fablico esperado de mais de 500 mil visitantes e bilh\u00f5es em neg\u00f3cios, a Expointer mant\u00e9m sua relev\u00e2ncia como a maior feira agropecu\u00e1ria da Am\u00e9rica Latina, reunindo pecuaristas, agricultores, ind\u00fastria e governo.<\/p>\n<p style=\"text-align:justify\"><strong>Impactos para o setor<\/strong><\/p>\n<p style=\"text-align:justify\">O encontro sinaliza uma agenda conjunta entre CNA, Farsul e Simers para enfrentar os gargalos da produ\u00e7\u00e3o e ampliar a voz do setor nos debates nacionais. Entre os temas discutidos est\u00e3o cr\u00e9dito rural, log\u00edstica, pol\u00edtica de exporta\u00e7\u00e3o e apoio \u00e0 inova\u00e7\u00e3o tecnol\u00f3gica.&#13;\n<\/p>\n<p style=\"text-align:justify\">A expectativa \u00e9 que, a partir dessa aproxima\u00e7\u00e3o, novas propostas sejam encaminhadas ao governo federal e estadual nos pr\u00f3ximos meses. \u201cMais do que celebrar conquistas, a Expointer \u00e9 o momento de alinhar estrat\u00e9gias que impactam toda a cadeia produtiva\u201d, resumiu Claudio Bier.<\/p>\n<p style=\"text-align:justify\">\u00a0 \u00a0<\/p>\n<\/p><\/div>\n<p><script data-cfasync=\"false\">\n    !function (f, b, e, v, n, t, s) {\n        if (f.fbq) return; n = f.fbq = function () {\n            n.callMethod ?\n                n.callMethod.apply(n, arguments) : n.queue.push(arguments)\n        };\n        if (!f._fbq) f._fbq = n; n.push = n; n.loaded = !0; n.version = '2.0';\n        n.queue = []; t = b.createElement(e); t.async = !0;\n        t.src = v; s = b.getElementsByTagName(e)[0];\n        s.parentNode.insertBefore(t, s)\n    }(window, document, 'script',\n        'https:\/\/connect.facebook.net\/en_US\/fbevents.js');\n    fbq('init', '522546078623747');\n    fbq('track', 'PageView');\n<\/script><br \/>\n<br \/><br \/>\n<br \/><a href=\"https:\/\/www.agrolink.com.br\/noticias\/liderancas-do-agro-reforcam-uniao-durante-visita-a-expointer-2025_505558.html\">Source link <\/a><\/p>\n","protected":false},"excerpt":{"rendered":"<p>O presidente da Confedera\u00e7\u00e3o da Agricultura e Pecu\u00e1ria do Brasil (CNA) esteve, nesta segunda-feira (1\u00ba), na Casa do Sindicato de<\/p>\n","protected":false},"author":1,"featured_media":19656,"comment_status":"open","ping_status":"open","sticky":false,"template":"","format":"standard","meta":{"_monsterinsights_skip_tracking":false,"_monsterinsights_sitenote_active":false,"_monsterinsights_sitenote_note":"","_monsterinsights_sitenote_category":0,"_uf_show_specific_survey":0,"_uf_disable_surveys":false,"footnotes":""},"categories":[8,1,14],"tags":[],"class_list":["post-19655","post","type-post","status-publish","format-standard","has-post-thumbnail","hentry","category-agro","category-news","category-politica-agro"],"_links":{"self":[{"href":"https:\/\/agromt.news\/index.php?rest_route=\/wp\/v2\/posts\/19655"}],"collection":[{"href":"https:\/\/agromt.news\/index.php?rest_route=\/wp\/v2\/posts"}],"about":[{"href":"https:\/\/agromt.news\/index.php?rest_route=\/wp\/v2\/types\/post"}],"author":[{"embeddable":true,"href":"https:\/\/agromt.news\/index.php?rest_route=\/wp\/v2\/users\/1"}],"replies":[{"embeddable":true,"href":"https:\/\/agromt.news\/index.php?rest_route=%2Fwp%2Fv2%2Fcomments&post=19655"}],"version-history":[{"count":0,"href":"https:\/\/agromt.news\/index.php?rest_route=\/wp\/v2\/posts\/19655\/revisions"}],"wp:featuredmedia":[{"embeddable":true,"href":"https:\/\/agromt.news\/index.php?rest_route=\/wp\/v2\/media\/19656"}],"wp:attachment":[{"href":"https:\/\/agromt.news\/index.php?rest_route=%2Fwp%2Fv2%2Fmedia&parent=19655"}],"wp:term":[{"taxonomy":"category","embeddable":true,"href":"https:\/\/agromt.news\/index.php?rest_route=%2Fwp%2Fv2%2Fcategories&post=19655"},{"taxonomy":"post_tag","embeddable":true,"href":"https:\/\/agromt.news\/index.php?rest_route=%2Fwp%2Fv2%2Ftags&post=19655"}],"curies":[{"name":"wp","href":"https:\/\/api.w.org\/{rel}","templated":true}]}}