{"id":19654,"date":"2025-09-03T17:03:35","date_gmt":"2025-09-03T21:03:35","guid":{"rendered":"https:\/\/agromt.news\/?p=19654"},"modified":"2025-09-03T17:03:35","modified_gmt":"2025-09-03T21:03:35","slug":"la-nina-tem-60-de-chances-de-ocorrer-veja-as-regioes-onde-deve-chover-mais","status":"publish","type":"post","link":"https:\/\/agromt.news\/?p=19654","title":{"rendered":"La Ni\u00f1a tem 60% de chances de ocorrer; veja as regi\u00f5es onde deve chover mais"},"content":{"rendered":"<p> <br \/>\n<br \/><img decoding=\"async\" src=\"https:\/\/agromt.news\/wp-content\/uploads\/2024\/09\/Nova-frente-fria-pode-trazer-queda-de-granizo-e-chuva.jpg\" \/><\/p>\n<div>\n<p>O fen\u00f4meno El Ni\u00f1o est\u00e1 descartado pelos modelos meteorol\u00f3gicos desde mar\u00e7o deste ano. Com isso, acreditava-se em neutralidade clim\u00e1tica porque as anomalias de temperatura da superf\u00edcie do mar permaneceram pr\u00f3ximas da m\u00e9dia ao longo dos \u00faltimos meses.<\/p>\n<div data-icp-cta=\"1\" id=\"icp-cta-unique\">Voc\u00ea quer entender como usar o clima a seu favor?<b> <\/b><a href=\"https:\/\/climacampo.canalrural.com.br\/climacampo_-01\">Preparamos um e-book exclusivo<\/a> para ajudar produtores rurais a se antecipar \u00e0s mudan\u00e7as do tempo e planejar melhor suas a\u00e7\u00f5es. Com base em previs\u00f5es meteorol\u00f3gicas confi\u00e1veis, ele oferece orienta\u00e7\u00f5es pr\u00e1ticas para proteger sua lavoura e otimizar seus resultados.<\/div>\n<p>Contudo, os mais recentes dados da Organiza\u00e7\u00e3o Meteorol\u00f3gica Mundial (OMM) indicam que esse padr\u00e3o pode estar com os dias contados. Isso porque a tend\u00eancia para o surgimento do La Ni\u00f1a nos pr\u00f3ximos meses \u00e9 cada vez mais forte, ainda que o fen\u00f4meno deva ser de fraca intensidade. Mesmo assim, tal cen\u00e1rio traz mudan\u00e7as no regime de chuvas do Brasil.<\/p>\n<p>De acordo com as previs\u00f5es dos Centros Globais de Produ\u00e7\u00e3o de Previs\u00e3o Sazonal da OMM, as chances est\u00e3o assim distribu\u00eddas de setembro a novembro de 2025:<\/p>\n<ul class=\"wp-block-list\">\n<li>55% de probabilidade de forma\u00e7\u00e3o da La Ni\u00f1a<\/li>\n<li>45% de probabilidade de manuten\u00e7\u00e3o das condi\u00e7\u00f5es neutras<\/li>\n<li>0% de chance de forma\u00e7\u00e3o de um <strong><a href=\"https:\/\/www.canalrural.com.br\/tag\/el-nino\/\">El Ni\u00f1o<\/a><\/strong><\/li>\n<\/ul>\n<p><strong>Outubro a dezembro de 2025:<\/strong><\/p>\n<ul class=\"wp-block-list\">\n<li>60% de chance de La Ni\u00f1a<\/li>\n<li>40% de chance de neutralidade<\/li>\n<\/ul>\n<p>Esses valores indicam que a tend\u00eancia de La Ni\u00f1a se fortalece com o avan\u00e7o da primavera, tornando cada vez mais prov\u00e1vel a instala\u00e7\u00e3o do fen\u00f4meno ainda em 2025.<\/p>\n<\/div>\n<div>\n<p>Segundo a <strong><a href=\"https:\/\/www.climatempo.com.br\/\">Climatempo<\/a><\/strong>, \u00e9 importante destacar que, para que o fen\u00f4meno seja oficialmente caracterizado, a Administra\u00e7\u00e3o Nacional Oce\u00e2nica e Atmosf\u00e9rica (NOAA, na sigla em ingl\u00eas) considera, principalmente, o \u00cdndice Oce\u00e2nico Ni\u00f1o (ONI), sendo necess\u00e1rio que a anomalia da temperatura da superf\u00edcie do mar fique abaixo de -0,5\u202f\u00b0C por tr\u00eas trimestres m\u00f3veis consecutivos. <\/p>\n<p>\u201cNeste momento, ainda n\u00e3o h\u00e1 essa confirma\u00e7\u00e3o, mas os modelos j\u00e1 indicam que a tend\u00eancia pode se consolidar nos pr\u00f3ximos meses\u201d, ressalta a empresa.<\/p>\n<h2 class=\"wp-block-heading\" id=\"h-o-que-esperar-do-fenomeno-la-nina\">O que esperar do fen\u00f4meno La Ni\u00f1a?<\/h2>\n<p>Apesar da poss\u00edvel fraca intensidade, os impactos t\u00edpicos da La Ni\u00f1a podem ocorrer, especialmente em regi\u00f5es mais sens\u00edveis \u00e0 variabilidade clim\u00e1tica. De acordo com a Climatempo, entre os efeitos mais comuns, destacam-se:<\/p>\n<ul class=\"wp-block-list\">\n<li>Chuvas acima da m\u00e9dia no Norte e Nordeste do Brasil, especialmente durante o ver\u00e3o;<\/li>\n<li>Tempo mais seco no Sul do Brasil, o que pode agravar ou antecipar estiagens em \u00e1reas agr\u00edcolas;<\/li>\n<li>Risco maior de inc\u00eandios no Pantanal e na Amaz\u00f4nia, caso haja redu\u00e7\u00e3o das chuvas em meses-chave.<\/li>\n<\/ul>\n<p>Segundo a Climatempo, por ser um fen\u00f4meno que interage com outros sistemas atmosf\u00e9ricos, como a Oscila\u00e7\u00e3o Madden-Julian e os padr\u00f5es de bloqueio atmosf\u00e9rico, os efeitos da La Ni\u00f1a podem variar bastante de um ano para o outro, especialmente em epis\u00f3dios fracos e de curta dura\u00e7\u00e3o. <\/p>\n<\/p><\/div>\n<p><br \/>\n<br \/><a href=\"https:\/\/www.canalrural.com.br\/tempo\/la-nina-tem-60-de-chances-de-ocorrer-veja-as-regioes-onde-deve-chover-mais\/\">Source link <\/a><\/p>\n","protected":false},"excerpt":{"rendered":"<p>O fen\u00f4meno El Ni\u00f1o est\u00e1 descartado pelos modelos meteorol\u00f3gicos desde mar\u00e7o deste ano. Com isso, acreditava-se em neutralidade clim\u00e1tica porque<\/p>\n","protected":false},"author":1,"featured_media":1662,"comment_status":"open","ping_status":"open","sticky":false,"template":"","format":"standard","meta":{"_monsterinsights_skip_tracking":false,"_monsterinsights_sitenote_active":false,"_monsterinsights_sitenote_note":"","_monsterinsights_sitenote_category":0,"_uf_show_specific_survey":0,"_uf_disable_surveys":false,"footnotes":""},"categories":[1],"tags":[],"class_list":["post-19654","post","type-post","status-publish","format-standard","has-post-thumbnail","hentry","category-news"],"_links":{"self":[{"href":"https:\/\/agromt.news\/index.php?rest_route=\/wp\/v2\/posts\/19654"}],"collection":[{"href":"https:\/\/agromt.news\/index.php?rest_route=\/wp\/v2\/posts"}],"about":[{"href":"https:\/\/agromt.news\/index.php?rest_route=\/wp\/v2\/types\/post"}],"author":[{"embeddable":true,"href":"https:\/\/agromt.news\/index.php?rest_route=\/wp\/v2\/users\/1"}],"replies":[{"embeddable":true,"href":"https:\/\/agromt.news\/index.php?rest_route=%2Fwp%2Fv2%2Fcomments&post=19654"}],"version-history":[{"count":0,"href":"https:\/\/agromt.news\/index.php?rest_route=\/wp\/v2\/posts\/19654\/revisions"}],"wp:featuredmedia":[{"embeddable":true,"href":"https:\/\/agromt.news\/index.php?rest_route=\/wp\/v2\/media\/1662"}],"wp:attachment":[{"href":"https:\/\/agromt.news\/index.php?rest_route=%2Fwp%2Fv2%2Fmedia&parent=19654"}],"wp:term":[{"taxonomy":"category","embeddable":true,"href":"https:\/\/agromt.news\/index.php?rest_route=%2Fwp%2Fv2%2Fcategories&post=19654"},{"taxonomy":"post_tag","embeddable":true,"href":"https:\/\/agromt.news\/index.php?rest_route=%2Fwp%2Fv2%2Ftags&post=19654"}],"curies":[{"name":"wp","href":"https:\/\/api.w.org\/{rel}","templated":true}]}}