{"id":19649,"date":"2025-09-03T16:05:46","date_gmt":"2025-09-03T20:05:46","guid":{"rendered":"https:\/\/agromt.news\/?p=19649"},"modified":"2025-09-03T16:05:46","modified_gmt":"2025-09-03T20:05:46","slug":"conab-anuncia-r-217-milhoes-para-equalizacao-de-precos-da-safra-24-25-de-feijao","status":"publish","type":"post","link":"https:\/\/agromt.news\/?p=19649","title":{"rendered":"Conab anuncia R$ 21,7 milh\u00f5es para equaliza\u00e7\u00e3o de pre\u00e7os da safra 24\/25 de feij\u00e3o"},"content":{"rendered":"<p> <br \/>\n<br \/><img decoding=\"async\" src=\"https:\/\/agromt.news\/wp-content\/uploads\/2025\/07\/precos-das-variedades-oscilam-enquanto-o-carioca-tem-alta.jpg\" \/><\/p>\n<div>\n<p>Na manh\u00e3 desta quarta-feira (3), a Companhia Nacional de Abastecimento <strong><a href=\"https:\/\/www.canalrural.com.br\/tag\/conab\/\">(Conab)<\/a><\/strong> anunciou, durante a Expointer 2025, o investimento de R$ 21,7 milh\u00f5es para equaliza\u00e7\u00e3o de pre\u00e7os de 50 mil toneladas de feij\u00e3o cores e feij\u00e3o-preto da safra 2024\/2025 dos estados do Paran\u00e1, Santa Catarina e Rio Grande do Sul.<\/p>\n<p>O presidente da entidade, Edegar Pretto, e o diretor de Opera\u00e7\u00f5es e Abastecimento, Arnoldo de Campo, detalharam como ser\u00e1 realizado o apoio aos agricultores e agricultoras feijoeiros da regi\u00e3o Sul do pa\u00eds. Essas s\u00e3o as primeiras a\u00e7\u00f5es deste ano para dar suporte ao escoamento de feij\u00e3o da safra 2024\/2025 para fora dos estados de origem da produ\u00e7\u00e3o.<\/p>\n<p>\u201cQueremos arrematar at\u00e9 50 mil toneladas de feij\u00e3o para enxugar este mercado e garantir que nosso produtor receba o m\u00ednimo pelo custo de sua produ\u00e7\u00e3o. Assim, ele segue motivado a continuar plantando feij\u00e3o e os pre\u00e7os ficam equilibrados nas prateleiras dos supermercados\u201d, ressaltou Pretto.<\/p>\n<p>Para isso, a Conab realiza, nos pr\u00f3ximos dias 10 e 11, os primeiros leil\u00f5es p\u00fablicos do gr\u00e3o. Ser\u00e3o ofertadas 25 mil toneladas para o Pr\u00eamio Equalizador Pago ao Produtor Rural (Pepro) e tamb\u00e9m 25 mil toneladas para o Pr\u00eamio para Escoamento de Produto (PEP).<\/p>\n<h2 class=\"wp-block-heading\" id=\"h-leiloes-da-agricultura-familiar\">Leil\u00f5es da agricultura familiar<\/h2>\n<p>Os leil\u00f5es marcados para a pr\u00f3xima quarta-feira (10) s\u00e3o destinados para a participa\u00e7\u00e3o da agricultura familiar. A Companhia ofertar\u00e1 7,5 mil toneladas de Pepro de feij\u00e3o preto exclusivamente para esse p\u00fablico, bem como suas cooperativas sediadas nos estados da regi\u00e3o Sul do pa\u00eds. <\/p>\n<p>Segundo Pretto, para receber o pr\u00eamio, o produtor ou cooperativa dever\u00e1 comprovar a produ\u00e7\u00e3o e a venda\/escoamento do feij\u00e3o preto para ind\u00fastria de beneficiamento ou comerciante de uma localidade diferente de onde ocorre o plantio do produto.<\/p>\n<p>No mesmo dia, tamb\u00e9m ser\u00e3o oferecidas outras 7,5 mil toneladas de PEP para ind\u00fastrias de beneficiamento e comerciantes de feij\u00e3o preto do Paran\u00e1, de Santa Catarina e do Rio Grande do Sul. <\/p>\n<p>Neste leil\u00e3o de Pr\u00eamio para Escoamento de Produto, o participante dever\u00e1 comprovar a compra do feij\u00e3o preto<em> in natura <\/em>obrigatoriamente de agricultores familiares diretamente ou por meio de suas cooperativas, pelo Pre\u00e7o M\u00ednimo e o posterior escoamento do produto.<\/p>\n<p>J\u00e1 na pr\u00f3xima quinta (11) o leil\u00e3o Pepro ser\u00e1 realizado, desta vez, em car\u00e1ter de ampla concorr\u00eancia, ou seja, todos os produtores, cooperativas, inclusive agricultores familiares, poder\u00e3o participar. <\/p>\n<p>O mesmo ocorre com a opera\u00e7\u00e3o de PEP, em que as ind\u00fastrias de beneficiamento e comerciantes do gr\u00e3o dever\u00e3o comprovar a compra do feij\u00e3o preto in natura de agricultores, inclusive da agricultura familiar, pelo pre\u00e7o m\u00ednimo e o posterior escoamento do produto.<\/p>\n<\/div>\n<div>\n<h2 class=\"wp-block-heading\" id=\"h-limite-para-subvencao\">Limite para subven\u00e7\u00e3o<\/h2>\n<p>O limite por produtor para a subven\u00e7\u00e3o \u00e9 de 8,4 toneladas do gr\u00e3o. De acodo com a Conab, caso o agricultor participe das opera\u00e7\u00f5es de Pepro e venda seu produto para os arrematantes nos leil\u00f5es de PEP, esse volume m\u00e1ximo estabelecido n\u00e3o poder\u00e1 ser excedido. <\/p>\n<p>Para participar dos leil\u00f5es, os interessados dever\u00e3o estar inscritos na Bolsa de Mercadorias pela qual pretendem atuar e em situa\u00e7\u00e3o regular perante o Sistema de Cadastro Nacional de Produtores Rurais (Sican) da Conab, al\u00e9m de possuir cadastro em situa\u00e7\u00e3o regular no Sistema de Cadastramento Unificado de Fornecedores (Sicaf), como tamb\u00e9m perante ao Cadastro Informativo de Cr\u00e9ditos n\u00e3o Quitados do Setor P\u00fablico Federal (Cadin), entre outras exig\u00eancias previstas nos editais.<\/p>\n<h2 class=\"wp-block-heading\" id=\"h-calculo-do-valor-maximo-do-premio\">C\u00e1lculo do Valor M\u00e1ximo do Pr\u00eamio<\/h2>\n<p>O Valor M\u00e1ximo do Pr\u00eamio (VMP) ser\u00e1 calculado pelo Mapa de acordo com a f\u00f3rmula VMP = PM \u2013 Pmm, onde: VMP \u00e9 o Valor M\u00e1ximo do Pr\u00eamio; PM \u00e9 o Pre\u00e7o M\u00ednimo vigente; e Pmm \u00e9 o Pre\u00e7o m\u00e9dio de mercado do produto na Unidade da Federa\u00e7\u00e3o ou na regi\u00e3o de produ\u00e7\u00e3o apurado pela Conab. <\/p>\n<p>O Pre\u00e7o M\u00ednimo de garantia do governo vigente para a safra 2024\/2025 \u00e9 de <strong>R$ 181,23<\/strong> por 60 kg para o feij\u00e3o cores; e de <strong>R$ 152,91<\/strong> por 60 kg para o feij\u00e3o-preto.<\/p>\n<p>A a\u00e7\u00e3o foi autorizada pela Portaria Interministerial dos minist\u00e9rios da Agricultura e Pecu\u00e1ria, da Fazenda, do Planejamento e Or\u00e7amento, e do Desenvolvimento Agr\u00e1rio e Agricultura Familiar n.\u00ba 24\/2025, publicada em 25 de agosto de 2025. <\/p>\n<p>O documento define um volume de recursos de at\u00e9 R$ 21,7 milh\u00f5es para escoamento de 32,4 mil toneladas de feij\u00e3o da safra 2024\/25 para fora dos estados de origem da produ\u00e7\u00e3o.<\/p>\n<p><strong>Servi\u00e7o:<\/strong><\/p>\n<p>Leil\u00f5es de Pepro e PEP de feij\u00e3o<br \/><strong>Aviso Pepro n\u00ba 80\/2025<\/strong><br \/>Data: quarta-feira, 10 de setembro<br \/>Hor\u00e1rio: a partir de 9h<\/p>\n<p><strong>Aviso PEP n\u00ba 81\/2025<\/strong><br \/>Data: quarta-feira, 10 de setembro<br \/>Hor\u00e1rio: a partir de 9h<\/p>\n<p><strong>Aviso Pepro n\u00ba 82\/2025<\/strong><br \/>Data: quarta-feira, 11 de setembro<br \/>Hor\u00e1rio: a partir de 9h<\/p>\n<p><strong>Aviso PEP n\u00ba 83\/2025<\/strong><br \/>Data: quarta-feira, 11 de setembro<br \/>Hor\u00e1rio: a partir de 9h<\/p>\n<\/p><\/div>\n<p><br \/>\n<br \/><a href=\"https:\/\/www.canalrural.com.br\/agricultura\/conab-anuncia-r-217-milhoes-para-equalizacao-de-precos-da-safra-24-25-de-feijao\/\">Source link <\/a><\/p>\n","protected":false},"excerpt":{"rendered":"<p>Na manh\u00e3 desta quarta-feira (3), a Companhia Nacional de Abastecimento (Conab) anunciou, durante a Expointer 2025, o investimento de R$<\/p>\n","protected":false},"author":1,"featured_media":17125,"comment_status":"open","ping_status":"open","sticky":false,"template":"","format":"standard","meta":{"_monsterinsights_skip_tracking":false,"_monsterinsights_sitenote_active":false,"_monsterinsights_sitenote_note":"","_monsterinsights_sitenote_category":0,"_uf_show_specific_survey":0,"_uf_disable_surveys":false,"footnotes":""},"categories":[1],"tags":[],"class_list":["post-19649","post","type-post","status-publish","format-standard","has-post-thumbnail","hentry","category-news"],"_links":{"self":[{"href":"https:\/\/agromt.news\/index.php?rest_route=\/wp\/v2\/posts\/19649"}],"collection":[{"href":"https:\/\/agromt.news\/index.php?rest_route=\/wp\/v2\/posts"}],"about":[{"href":"https:\/\/agromt.news\/index.php?rest_route=\/wp\/v2\/types\/post"}],"author":[{"embeddable":true,"href":"https:\/\/agromt.news\/index.php?rest_route=\/wp\/v2\/users\/1"}],"replies":[{"embeddable":true,"href":"https:\/\/agromt.news\/index.php?rest_route=%2Fwp%2Fv2%2Fcomments&post=19649"}],"version-history":[{"count":0,"href":"https:\/\/agromt.news\/index.php?rest_route=\/wp\/v2\/posts\/19649\/revisions"}],"wp:featuredmedia":[{"embeddable":true,"href":"https:\/\/agromt.news\/index.php?rest_route=\/wp\/v2\/media\/17125"}],"wp:attachment":[{"href":"https:\/\/agromt.news\/index.php?rest_route=%2Fwp%2Fv2%2Fmedia&parent=19649"}],"wp:term":[{"taxonomy":"category","embeddable":true,"href":"https:\/\/agromt.news\/index.php?rest_route=%2Fwp%2Fv2%2Fcategories&post=19649"},{"taxonomy":"post_tag","embeddable":true,"href":"https:\/\/agromt.news\/index.php?rest_route=%2Fwp%2Fv2%2Ftags&post=19649"}],"curies":[{"name":"wp","href":"https:\/\/api.w.org\/{rel}","templated":true}]}}