{"id":19647,"date":"2025-09-03T15:50:25","date_gmt":"2025-09-03T19:50:25","guid":{"rendered":"https:\/\/agromt.news\/?p=19647"},"modified":"2025-09-03T15:50:25","modified_gmt":"2025-09-03T19:50:25","slug":"presidente-da-aprosoja-rs-comenta-pl-que-auxilia-afetados-por-desastres-climaticos","status":"publish","type":"post","link":"https:\/\/agromt.news\/?p=19647","title":{"rendered":"Presidente da Aprosoja RS comenta PL que auxilia afetados por desastres clim\u00e1ticos"},"content":{"rendered":"<p> <br \/>\n<br \/><img decoding=\"async\" src=\"https:\/\/agromt.news\/wp-content\/uploads\/2025\/09\/Presidente-da-Aprosoja-RS-comenta-PL-que-auxilia-afetados-por.jpg\" \/><\/p>\n<div>\n<p>A <a href=\"https:\/\/www.camara.leg.br\/\">C\u00e2mara dos Deputados <\/a>aprovou, nesta ter\u00e7a-feira (2), o <a href=\"https:\/\/www.canalrural.com.br\/nacional\/camara-aprova-preferencia-de-recursos-a-agricultor-familiar-atingido-por-desastres-naturais\/\">projeto de lei <\/a>que concede prefer\u00eancia no recebimento dos recursos financeiros do Programa de Fomento \u00e0s Atividades Produtivas Rurais \u00e0s unidades <a href=\"https:\/\/www.canalrural.com.br\/?s=desastres+naturais\">produtivas familiares rurais<\/a> atingidas por desastres clim\u00e1ticos. A proposta, agora, ser\u00e1 enviada ao Senado.<\/p>\n<p><iframe title=\"Presidente da Aprosoja RS comenta aprova\u00e7\u00e3o de PL que beneficia produtores afetados por desastres\" width=\"800\" height=\"450\" src=\"https:\/\/www.youtube.com\/embed\/lBlWQiP1aCQ?feature=oembed\" frameborder=\"0\" allow=\"accelerometer; autoplay; clipboard-write; encrypted-media; gyroscope; picture-in-picture; web-share\" referrerpolicy=\"strict-origin-when-cross-origin\" allowfullscreen><\/iframe><noscript><iframe title=\"Presidente da Aprosoja RS comenta aprova\u00e7\u00e3o de PL que beneficia produtores afetados por desastres\" width=\"800\" height=\"450\" src=\"https:\/\/www.youtube.com\/embed\/lBlWQiP1aCQ?feature=oembed\" frameborder=\"0\" allow=\"accelerometer; autoplay; clipboard-write; encrypted-media; gyroscope; picture-in-picture; web-share\" referrerpolicy=\"strict-origin-when-cross-origin\" allowfullscreen><\/iframe><\/noscript><\/p>\n<ul class=\"wp-block-list\">\n<li><strong><em>Fique por dentro das novidades e not\u00edcias recentes sobre a soja! Participe da nossa comunidade atrav\u00e9s do\u00a0<a href=\"https:\/\/chat.whatsapp.com\/BmMRwA0TZ2DHGyhzoaVEWu\">link<\/a>! \ud83c\udf31<\/em><\/strong><\/li>\n<\/ul>\n<p>Segundo o texto aprovado, a prefer\u00eancia ser\u00e1 para recursos destinados \u00e0 reestrutura\u00e7\u00e3o da infraestrutura produtiva. As fam\u00edlias benefici\u00e1rias tamb\u00e9m receber\u00e3o assist\u00eancia t\u00e9cnica priorit\u00e1ria para a elabora\u00e7\u00e3o e implanta\u00e7\u00e3o de projeto de reestrutura\u00e7\u00e3o, contemplando a\u00e7\u00f5es de planejamento e gest\u00e3o de riscos em eventos clim\u00e1ticos.<\/p>\n<p>O presidente da Aprosoja Rio Grande do Sul, Ireneu Orth, avaliou que a proposta \u00e9 positiva, mas refor\u00e7ou a necessidade de avan\u00e7o em todo o processo legislativo. \u201dIsso mostra que, mais uma vez, h\u00e1 um refor\u00e7o para que o pequeno produtor de soja possa ter acesso ao cr\u00e9dito\u201d, afirmou.<\/p>\n<\/div>\n<div>\n<p>Segundo ele, no entanto, \u00e9 preciso que a tramita\u00e7\u00e3o continue, que passe pelas comiss\u00f5es onde ainda tem que passar, seja aprovada no Senado e, posteriormente, receba a san\u00e7\u00e3o presidencial.<\/p>\n<p>Orth acrescentou que a medida \u00e9 \u201cmais um elemento, mais um fator que demonstra como a C\u00e2mara dos Deputados tem defendido o setor prim\u00e1rio, especialmente o pequeno e m\u00e9dio produtor\u201d. Por outro lado, destacou que \u201cessa mesma posi\u00e7\u00e3o n\u00e3o \u00e9 defendida por parte do governo\u201d.<\/p>\n<p>Ireneu Orth completou: \u201dAinda assim, vamos ficar na torcida para que o projeto avance nas etapas necess\u00e1rias, seja aprovado e colocado em pr\u00e1tica. S\u00f3 assim n\u00f3s teremos, quem sabe, uma maior oportunidade para que o pequeno e m\u00e9dio produtor tenha acesso a esses financiamentos.\u201d<\/p>\n<\/p><\/div>\n<p><br \/>\n<br \/><a href=\"https:\/\/www.canalrural.com.br\/agricultura\/projeto-soja-brasil\/presidente-da-aprosoja-rs-comenta-pl-que-beneficia-afetados-por-desastres-climaticos\/\">Source link <\/a><\/p>\n","protected":false},"excerpt":{"rendered":"<p>A C\u00e2mara dos Deputados aprovou, nesta ter\u00e7a-feira (2), o projeto de lei que concede prefer\u00eancia no recebimento dos recursos financeiros<\/p>\n","protected":false},"author":1,"featured_media":19648,"comment_status":"open","ping_status":"open","sticky":false,"template":"","format":"standard","meta":{"_monsterinsights_skip_tracking":false,"_monsterinsights_sitenote_active":false,"_monsterinsights_sitenote_note":"","_monsterinsights_sitenote_category":0,"_uf_show_specific_survey":0,"_uf_disable_surveys":false,"footnotes":""},"categories":[1],"tags":[],"class_list":["post-19647","post","type-post","status-publish","format-standard","has-post-thumbnail","hentry","category-news"],"_links":{"self":[{"href":"https:\/\/agromt.news\/index.php?rest_route=\/wp\/v2\/posts\/19647"}],"collection":[{"href":"https:\/\/agromt.news\/index.php?rest_route=\/wp\/v2\/posts"}],"about":[{"href":"https:\/\/agromt.news\/index.php?rest_route=\/wp\/v2\/types\/post"}],"author":[{"embeddable":true,"href":"https:\/\/agromt.news\/index.php?rest_route=\/wp\/v2\/users\/1"}],"replies":[{"embeddable":true,"href":"https:\/\/agromt.news\/index.php?rest_route=%2Fwp%2Fv2%2Fcomments&post=19647"}],"version-history":[{"count":0,"href":"https:\/\/agromt.news\/index.php?rest_route=\/wp\/v2\/posts\/19647\/revisions"}],"wp:featuredmedia":[{"embeddable":true,"href":"https:\/\/agromt.news\/index.php?rest_route=\/wp\/v2\/media\/19648"}],"wp:attachment":[{"href":"https:\/\/agromt.news\/index.php?rest_route=%2Fwp%2Fv2%2Fmedia&parent=19647"}],"wp:term":[{"taxonomy":"category","embeddable":true,"href":"https:\/\/agromt.news\/index.php?rest_route=%2Fwp%2Fv2%2Fcategories&post=19647"},{"taxonomy":"post_tag","embeddable":true,"href":"https:\/\/agromt.news\/index.php?rest_route=%2Fwp%2Fv2%2Ftags&post=19647"}],"curies":[{"name":"wp","href":"https:\/\/api.w.org\/{rel}","templated":true}]}}