{"id":19645,"date":"2025-09-03T15:46:15","date_gmt":"2025-09-03T19:46:15","guid":{"rendered":"https:\/\/agromt.news\/?p=19645"},"modified":"2025-09-03T15:46:15","modified_gmt":"2025-09-03T19:46:15","slug":"agricultura-familiar-ganha-protagonismo-com-novas-solucoes-em-mecanizacao-na-expointer","status":"publish","type":"post","link":"https:\/\/agromt.news\/?p=19645","title":{"rendered":"Agricultura familiar ganha protagonismo com novas solu\u00e7\u00f5es em mecaniza\u00e7\u00e3o na Expointer"},"content":{"rendered":"<p> <br \/>\n<\/p>\n<div>\n<p style=\"text-align:justify\">Modelos compactos de tratores voltados para pequenas propriedades s\u00e3o destaque na feira ga\u00facha, refletindo mudan\u00e7as no perfil da mecaniza\u00e7\u00e3o no Brasil.<\/p>\n<p style=\"text-align:justify\">A Expointer 2025, realizada em Esteio (RS), abriu espa\u00e7o para um debate no agroneg\u00f3cio brasileiro: como viabilizar mecaniza\u00e7\u00e3o acess\u00edvel e eficiente para a agricultura familiar? A resposta tem sido dada por fabricantes que apostam em tratores de menor porte e alta versatilidade, desenvolvidos sob medida para pequenas propriedades, produ\u00e7\u00e3o de arroz, fruticultura e pecu\u00e1ria de leite.&#13;\n<\/p>\n<p style=\"text-align:justify\">Um dos destaques deste ano foi a apresenta\u00e7\u00e3o de modelos com pot\u00eancia entre 25 e 65 cavalos, voltados para produtores que atuam em \u00e1reas reduzidas, terrenos irregulares ou sistemas diversificados. \u201cHoje em dia, a produ\u00e7\u00e3o precisa ser mecanizada. Sem isso, a propriedade fica restrita \u00e0 subsist\u00eancia\u201d, afirma Astor Kilpp, consultor de produto e marketing, em entrevista ao Agrolink News durante a feira.<\/p>\n<p style=\"text-align:justify\"><strong>Expans\u00e3o com foco no pequeno produtor<\/strong><\/p>\n<p style=\"text-align:justify\">Com capacidade instalada para produzir at\u00e9 5 mil tratores por ano, uma das fabricantes presentes refor\u00e7ou sua estrat\u00e9gia de crescimento ancorada na agricultura familiar. A planta industrial brasileira \u00e9 a \u00fanica fora da \u00c1sia, reflexo da import\u00e2ncia estrat\u00e9gica do Brasil para o segmento.<\/p>\n<p style=\"text-align:justify\">\u201cA decis\u00e3o de abrir uma f\u00e1brica aqui levou tr\u00eas anos de estudos. O mercado brasileiro tem uma base s\u00f3lida de pequenos produtores que precisam de equipamentos acess\u00edveis, robustos e com assist\u00eancia t\u00e9cnica pr\u00f3xima\u201d, explica Kilpp. O executivo destaca ainda que o pr\u00f3prio pa\u00eds de origem da empresa, a Coreia do Sul, tem tradi\u00e7\u00e3o em propriedades de menor escala, o que moldou o DNA dos produtos.&#13;\n<\/p>\n<p style=\"text-align:justify\"><strong>Mecaniza\u00e7\u00e3o sob medida<\/strong><\/p>\n<p style=\"text-align:justify\">Na feira, o portf\u00f3lio apresentado inclui tratores com alta capacidade de manobra, compat\u00edveis com implementos utilizados em horticultura, culturas permanentes e produ\u00e7\u00e3o leiteira. As m\u00e1quinas prometem atender demandas como plantio, pulveriza\u00e7\u00e3o, aduba\u00e7\u00e3o e colheita em ambientes onde grandes equipamentos n\u00e3o operam com efici\u00eancia.<\/p>\n<p style=\"text-align:justify\">Segundo Kilpp, o diferencial est\u00e1 na combina\u00e7\u00e3o entre tecnologia simplificada e custo-benef\u00edcio. \u201cO pequeno produtor \u00e9 exigente. Ele quer uma m\u00e1quina que funcione bem, consuma pouco e tenha manuten\u00e7\u00e3o simples\u201d, ressalta.<\/p>\n<p style=\"text-align:justify\"><strong>Relev\u00e2ncia para o setor<\/strong><\/p>\n<p style=\"text-align:justify\">Dados do Censo Agropecu\u00e1rio do IBGE apontam que mais de 77% dos estabelecimentos rurais no Brasil s\u00e3o classificados como agricultura familiar. Esse universo \u00e9 respons\u00e1vel por 23% do PIB agropecu\u00e1rio, o que refor\u00e7a o papel das pequenas propriedades na seguran\u00e7a alimentar, no emprego rural e na produ\u00e7\u00e3o diversificada.<\/p>\n<p style=\"text-align:justify\">O est\u00edmulo \u00e0 mecaniza\u00e7\u00e3o nesse segmento tamb\u00e9m tem ganhado for\u00e7a nas pol\u00edticas p\u00fablicas. Programas como o Mais Alimentos (Pronaf) e incentivos estaduais buscam facilitar o acesso a financiamentos para aquisi\u00e7\u00e3o de tratores compactos.<\/p>\n<p style=\"text-align:justify\"><strong>Pr\u00f3ximos passos e impacto<\/strong><\/p>\n<p style=\"text-align:justify\">A presen\u00e7a de tecnologias espec\u00edficas para pequenos agricultores na Expointer marca um novo momento do setor. Se antes a mecaniza\u00e7\u00e3o era privil\u00e9gio de grandes produtores, hoje ela se torna condi\u00e7\u00e3o de competitividade para todas as escalas de produ\u00e7\u00e3o.&#13;\n<\/p>\n<p style=\"text-align:justify\">Para Kilpp, a tend\u00eancia \u00e9 de expans\u00e3o cont\u00ednua: \u201cO pequeno produtor brasileiro \u00e9 resiliente, sabe o que precisa, e agora come\u00e7a a ter mais op\u00e7\u00f5es adequadas ao seu dia a dia.\u201d<\/p>\n<\/p><\/div>\n<p><script data-cfasync=\"false\">\n    !function (f, b, e, v, n, t, s) {\n        if (f.fbq) return; n = f.fbq = function () {\n            n.callMethod ?\n                n.callMethod.apply(n, arguments) : n.queue.push(arguments)\n        };\n        if (!f._fbq) f._fbq = n; n.push = n; n.loaded = !0; n.version = '2.0';\n        n.queue = []; t = b.createElement(e); t.async = !0;\n        t.src = v; s = b.getElementsByTagName(e)[0];\n        s.parentNode.insertBefore(t, s)\n    }(window, document, 'script',\n        'https:\/\/connect.facebook.net\/en_US\/fbevents.js');\n    fbq('init', '522546078623747');\n    fbq('track', 'PageView');\n<\/script><br \/>\n<br \/><br \/>\n<br \/><a href=\"https:\/\/www.agrolink.com.br\/noticias\/agricultura-familiar-ganha-protagonismo-com-novas-solucoes-em-mecanizacao-na-expointer_505559.html\">Source link <\/a><\/p>\n","protected":false},"excerpt":{"rendered":"<p>Modelos compactos de tratores voltados para pequenas propriedades s\u00e3o destaque na feira ga\u00facha, refletindo mudan\u00e7as no perfil da mecaniza\u00e7\u00e3o no<\/p>\n","protected":false},"author":1,"featured_media":19646,"comment_status":"open","ping_status":"open","sticky":false,"template":"","format":"standard","meta":{"_monsterinsights_skip_tracking":false,"_monsterinsights_sitenote_active":false,"_monsterinsights_sitenote_note":"","_monsterinsights_sitenote_category":0,"_uf_show_specific_survey":0,"_uf_disable_surveys":false,"footnotes":""},"categories":[8,1,14],"tags":[],"class_list":["post-19645","post","type-post","status-publish","format-standard","has-post-thumbnail","hentry","category-agro","category-news","category-politica-agro"],"_links":{"self":[{"href":"https:\/\/agromt.news\/index.php?rest_route=\/wp\/v2\/posts\/19645"}],"collection":[{"href":"https:\/\/agromt.news\/index.php?rest_route=\/wp\/v2\/posts"}],"about":[{"href":"https:\/\/agromt.news\/index.php?rest_route=\/wp\/v2\/types\/post"}],"author":[{"embeddable":true,"href":"https:\/\/agromt.news\/index.php?rest_route=\/wp\/v2\/users\/1"}],"replies":[{"embeddable":true,"href":"https:\/\/agromt.news\/index.php?rest_route=%2Fwp%2Fv2%2Fcomments&post=19645"}],"version-history":[{"count":0,"href":"https:\/\/agromt.news\/index.php?rest_route=\/wp\/v2\/posts\/19645\/revisions"}],"wp:featuredmedia":[{"embeddable":true,"href":"https:\/\/agromt.news\/index.php?rest_route=\/wp\/v2\/media\/19646"}],"wp:attachment":[{"href":"https:\/\/agromt.news\/index.php?rest_route=%2Fwp%2Fv2%2Fmedia&parent=19645"}],"wp:term":[{"taxonomy":"category","embeddable":true,"href":"https:\/\/agromt.news\/index.php?rest_route=%2Fwp%2Fv2%2Fcategories&post=19645"},{"taxonomy":"post_tag","embeddable":true,"href":"https:\/\/agromt.news\/index.php?rest_route=%2Fwp%2Fv2%2Ftags&post=19645"}],"curies":[{"name":"wp","href":"https:\/\/api.w.org\/{rel}","templated":true}]}}