{"id":19643,"date":"2025-09-03T15:33:31","date_gmt":"2025-09-03T19:33:31","guid":{"rendered":"https:\/\/agromt.news\/?p=19643"},"modified":"2025-09-03T15:33:31","modified_gmt":"2025-09-03T19:33:31","slug":"pasto-e-boi-por-que-a-boca-do-gado-e-a-melhor-rocadeira-na-transicao-para-as-aguas","status":"publish","type":"post","link":"https:\/\/agromt.news\/?p=19643","title":{"rendered":"Pasto e boi: por que a boca do gado \u00e9 a melhor ro\u00e7adeira na transi\u00e7\u00e3o para as \u00e1guas"},"content":{"rendered":"<p> <br \/>\n<\/p>\n<div>\n<p>Pecuaristas, a t\u00e3o esperada transi\u00e7\u00e3o da seca para as \u00e1guas \u00e9 um per\u00edodo crucial que exige um manejo de pastagens preciso. Para garantir a produtividade e a sa\u00fade do seu pasto, a zootecnista <strong>Jana\u00edna Martuscello<\/strong>, professora da Federal Mineira, alerta que \u201c<strong>a melhor ro\u00e7adeira para o pasto \u00e9 a boca do boi!<\/strong>\u201c, e n\u00e3o um maquin\u00e1rio. Assista ao v\u00eddeo abaixo e confira.<\/p>\n<figure class=\"wp-block-embed is-type-video is-provider-youtube wp-block-embed-youtube wp-embed-aspect-16-9 wp-has-aspect-ratio\">\n<p>\n<iframe title=\"\u201cA MELHOR RO\u00c7ADEIRA PARA O PASTO \u00c9 A BOCA DO BOI!\u201d, DIZ ESPECIALISTA. SAIBA O PORQU\u00ca\" width=\"800\" height=\"450\" src=\"https:\/\/www.youtube.com\/embed\/3UAADH2Qpa8?feature=oembed\" frameborder=\"0\" allow=\"accelerometer; autoplay; clipboard-write; encrypted-media; gyroscope; picture-in-picture; web-share\" referrerpolicy=\"strict-origin-when-cross-origin\" allowfullscreen><\/iframe>\n<\/p>\n<\/figure>\n<p>Em entrevista ao programa <strong>Giro do Boi<\/strong>, diretamente de S\u00e3o Jo\u00e3o Del-Rei, no <strong>estado de Minas Gerais<\/strong>, a doutora em zootecnia e consultora explicou que a <a href=\"https:\/\/girodoboi.canalrural.com.br\/pecuaria\/tecnologia-e-inovacao\/a-melhor-rocadeira-para-o-pasto-e-a-boca-do-boi-diz-especialista-saiba-o-porque\/\">conscientiza\u00e7\u00e3o sobre o manejo de pastagens tem mudado a pecu\u00e1ria<\/a>, tornando-a mais rent\u00e1vel e competitiva.<\/p>\n<p>No entanto, \u00e9 preciso estar atento a erros comuns que podem comprometer o resultado da fazenda.<\/p>\n<h2 class=\"wp-block-heading\" id=\"h-pasto-na-transicao-evite-os-extremos\">Pasto na transi\u00e7\u00e3o: evite os extremos<\/h2>\n<figure class=\"wp-block-image size-large\"><img fetchpriority=\"high\" decoding=\"async\" width=\"1024\" height=\"576\" src=\"https:\/\/agromt.news\/wp-content\/uploads\/2025\/09\/Pasto-e-boi-por-que-a-boca-do-gado-e.jpg\" alt=\"Bovinos em \u00e1rea de pastagem. Foto: Reprodu\u00e7\u00e3o\" class=\"wp-image-4120698\"  \/><figcaption class=\"wp-element-caption\">Bovinos em \u00e1rea de pastagem. Foto: Reprodu\u00e7\u00e3o<\/figcaption><\/figure>\n<p>Na transi\u00e7\u00e3o da seca para as \u00e1guas, o pecuarista enfrenta duas situa\u00e7\u00f5es extremas e problem\u00e1ticas, ambas prejudiciais \u00e0 pastagem:<\/p>\n<ul class=\"wp-block-list\">\n<li><strong>Pasto rapado:<\/strong> A falta de planejamento leva a pastos sem reserva de forragem, o que atrasa a rebrota na esta\u00e7\u00e3o das \u00e1guas e abre espa\u00e7o para as plantas daninhas se desenvolverem e competirem com a forrageira principal.<\/li>\n<li><strong>Pasto passado (macega):<\/strong> A macega, que pode ter sido \u00fatil na seca, impede a rebrota e o surgimento de novos perfilhos, promovendo o sombreamento. Al\u00e9m disso, a palhada alta pode gerar fungos que, se consumidos, podem intoxicar os bezerros.<\/li>\n<\/ul>\n<p>A ro\u00e7ada estrat\u00e9gica \u00e9 uma ferramenta importante, mas deve ser feita com cautela. A ro\u00e7ada deve ser liberada apenas uma vez no ano, na transi\u00e7\u00e3o, para permitir que o pasto rebrote a partir da base, com folhas de maior qualidade.<\/p>\n<h2 class=\"wp-block-heading\" id=\"h-o-ciclo-dos-veranicos-e-a-adubacao\">O ciclo dos veranicos e a aduba\u00e7\u00e3o<\/h2>\n<figure class=\"wp-block-image size-large\"><img decoding=\"async\" width=\"1024\" height=\"576\" src=\"https:\/\/agromt.news\/wp-content\/uploads\/2025\/09\/1756928011_764_Pasto-e-boi-por-que-a-boca-do-gado-e.jpg\" alt=\"Bovinos em \u00e1rea de pastagem. Foto: Reprodu\u00e7\u00e3o\" class=\"wp-image-4120708\"  \/><figcaption class=\"wp-element-caption\">Bovinos em \u00e1rea de pastagem. Foto: Reprodu\u00e7\u00e3o<\/figcaption><\/figure>\n<p>Jana\u00edna Martuscello alerta que h\u00e1 uma tend\u00eancia de veranicos no pr\u00f3ximo per\u00edodo chuvoso. Por isso, o produtor deve estar preparado para essa varia\u00e7\u00e3o clim\u00e1tica.<\/p>\n<\/div>\n<div>\n<p>O manejo de pastagem, que \u00e9 capaz de fazer a pecu\u00e1ria ser mais rent\u00e1vel e competitiva, tamb\u00e9m precisa se adaptar a esse cen\u00e1rio.<\/p>\n<p>Em rela\u00e7\u00e3o \u00e0 aduba\u00e7\u00e3o, a recomenda\u00e7\u00e3o \u00e9 n\u00e3o adubar na transi\u00e7\u00e3o. A aduba\u00e7\u00e3o deve ser feita no per\u00edodo chuvoso, ap\u00f3s a chuva se firmar (com <strong>50 a 70 mm acumulados<\/strong>).<\/p>\n<p>Adubar antes disso \u00e9 jogar dinheiro fora, pois a falta de chuva impede o est\u00edmulo de crescimento da forrageira e a absor\u00e7\u00e3o dos nutrientes, o que resulta em desperd\u00edcio de insumos.<\/p>\n<h2 class=\"wp-block-heading\" id=\"h-planejamento-e-novas-tecnologias\">Planejamento e novas tecnologias<\/h2>\n<figure class=\"wp-block-image size-large\"><img decoding=\"async\" width=\"1024\" height=\"576\" src=\"https:\/\/agromt.news\/wp-content\/uploads\/2025\/07\/Panicum-resistente-para-cavalos-qual-a-melhor-opcao-alem-do.jpg\" alt=\"Dossel foliar de capim-Tamani (Panicum maximum cv. BRS Tamani) em pequenas parcelas. Foto: Allan Kardec Braga Ramos\/Embrapa Cerrados\" class=\"wp-image-4109343\"  \/><figcaption class=\"wp-element-caption\">Dossel foliar de capim-Tamani (Panicum maximum cv. BRS Tamani) em pequenas parcelas. Foto: Allan Kardec Braga Ramos\/Embrapa Cerrados<br \/>\n<\/figcaption><\/figure>\n<p>A professora Jana\u00edna Martuscello destaca a import\u00e2ncia do planejamento, da taxa de lota\u00e7\u00e3o e da suplementa\u00e7\u00e3o para o sucesso na transi\u00e7\u00e3o.<\/p>\n<p>O planejamento de lota\u00e7\u00e3o, por exemplo, pode ajudar a diminuir a macega, evitando a necessidade de ro\u00e7ar e de ter capim cortado em cima do broto, que pode gerar fungos e prejudicar a sa\u00fade dos animais.<\/p>\n<p>A zootecnista acaba de lan\u00e7ar a terceira edi\u00e7\u00e3o de sua trilogia de livros, com o t\u00edtulo \u201c<em>No pasto \u00e9 mais barato<\/em>\u201d, que \u00e9 um guia para a intensifica\u00e7\u00e3o e o manejo eficiente de pastagens em menores \u00e1reas.<\/p>\n<p>O livro, que ser\u00e1 disponibilizado em pr\u00e9-venda, traz um passo a passo para que o pecuarista possa produzir de forma eficiente e sustent\u00e1vel.<\/p>\n<\/p><\/div>\n<p><br \/>\n<br \/><a href=\"https:\/\/www.canalrural.com.br\/pecuaria\/pasto-e-boi-por-que-a-boca-do-gado-e-a-melhor-rocadeira-na-transicao-para-as-aguas\/\">Source link <\/a><\/p>\n","protected":false},"excerpt":{"rendered":"<p>Pecuaristas, a t\u00e3o esperada transi\u00e7\u00e3o da seca para as \u00e1guas \u00e9 um per\u00edodo crucial que exige um manejo de pastagens<\/p>\n","protected":false},"author":1,"featured_media":19644,"comment_status":"open","ping_status":"open","sticky":false,"template":"","format":"standard","meta":{"_monsterinsights_skip_tracking":false,"_monsterinsights_sitenote_active":false,"_monsterinsights_sitenote_note":"","_monsterinsights_sitenote_category":0,"_uf_show_specific_survey":0,"_uf_disable_surveys":false,"footnotes":""},"categories":[1],"tags":[],"class_list":["post-19643","post","type-post","status-publish","format-standard","has-post-thumbnail","hentry","category-news"],"_links":{"self":[{"href":"https:\/\/agromt.news\/index.php?rest_route=\/wp\/v2\/posts\/19643"}],"collection":[{"href":"https:\/\/agromt.news\/index.php?rest_route=\/wp\/v2\/posts"}],"about":[{"href":"https:\/\/agromt.news\/index.php?rest_route=\/wp\/v2\/types\/post"}],"author":[{"embeddable":true,"href":"https:\/\/agromt.news\/index.php?rest_route=\/wp\/v2\/users\/1"}],"replies":[{"embeddable":true,"href":"https:\/\/agromt.news\/index.php?rest_route=%2Fwp%2Fv2%2Fcomments&post=19643"}],"version-history":[{"count":0,"href":"https:\/\/agromt.news\/index.php?rest_route=\/wp\/v2\/posts\/19643\/revisions"}],"wp:featuredmedia":[{"embeddable":true,"href":"https:\/\/agromt.news\/index.php?rest_route=\/wp\/v2\/media\/19644"}],"wp:attachment":[{"href":"https:\/\/agromt.news\/index.php?rest_route=%2Fwp%2Fv2%2Fmedia&parent=19643"}],"wp:term":[{"taxonomy":"category","embeddable":true,"href":"https:\/\/agromt.news\/index.php?rest_route=%2Fwp%2Fv2%2Fcategories&post=19643"},{"taxonomy":"post_tag","embeddable":true,"href":"https:\/\/agromt.news\/index.php?rest_route=%2Fwp%2Fv2%2Ftags&post=19643"}],"curies":[{"name":"wp","href":"https:\/\/api.w.org\/{rel}","templated":true}]}}