{"id":19634,"date":"2025-09-03T13:36:49","date_gmt":"2025-09-03T17:36:49","guid":{"rendered":"https:\/\/agromt.news\/?p=19634"},"modified":"2025-09-03T13:36:49","modified_gmt":"2025-09-03T17:36:49","slug":"estado-de-mato-grosso-podera-plantar-soja-a-partir-deste-sabado","status":"publish","type":"post","link":"https:\/\/agromt.news\/?p=19634","title":{"rendered":"Estado de Mato Grosso poder\u00e1 plantar soja a partir deste s\u00e1bado"},"content":{"rendered":"<p> <br \/>\n<br \/><img decoding=\"async\" src=\"https:\/\/agromt.news\/wp-content\/uploads\/2025\/09\/Estado-de-Mato-Grosso-podera-plantar-soja-a-partir-deste.jpg\" \/><\/p>\n<div>\n<p>Em Mato Grosso, o <a href=\"https:\/\/www.canalrural.com.br\/?s=vazio+sanit%C3%A1rio+\">vazio sanit\u00e1rio<\/a> da soja safra 25\/26 vai at\u00e9 o dia 6 de setembro. Nesse per\u00edodo, o plantio \u00e9 proibido para prevenir a ferrugem-asi\u00e1tica e, a partir dessa data, os produtores poder\u00e3o iniciar a semeadura, conforme o calend\u00e1rio estabelecido pelo Minist\u00e9rio da Agricultura e Pecu\u00e1ria (<a href=\"https:\/\/www.gov.br\/agricultura\/pt-br\">Mapa<\/a>). Confira todas as datas <a href=\"https:\/\/www.gov.br\/agricultura\/pt-br\/assuntos\/noticias\/mapa-publica-portaria-que-estabelece-vazio-sanitario-e-calendario-de-semeadura-da-soja-para-a-safra-2025-2026\">aqui<\/a>. <\/p>\n<ul class=\"wp-block-list\">\n<li><strong><em>Fique por dentro das novidades e not\u00edcias recentes sobre a soja! Participe da nossa comunidade atrav\u00e9s do\u00a0<a href=\"https:\/\/chat.whatsapp.com\/BmMRwA0TZ2DHGyhzoaVEWu\">link<\/a>! \ud83c\udf31<br \/><\/em><\/strong><\/li>\n<\/ul>\n<h2 class=\"wp-block-heading\" id=\"h-vai-ter-chuva-para-ajudar-o-plantio-de-soja\">Vai ter chuva para ajudar o plantio de soja?<\/h2>\n<p>O Instituto Mato-grossense de Economia Agropecu\u00e1ria (<a href=\"https:\/\/www.imea.com.br\/imea-site\/\">Imea<\/a>) destacou que a reposi\u00e7\u00e3o do d\u00e9ficit h\u00eddrico no estado \u00e9 essencial para que os trabalhos a campo comecem de forma adequada. Segundo informa\u00e7\u00f5es do <a href=\"https:\/\/www.canalrural.com.br\/?s=NOAA\">NOAA<\/a>, nas pr\u00f3ximas duas semanas, o volume de chuvas dever\u00e1 ser insuficiente para viabilizar a semeadura imediatamente ap\u00f3s o fim do vazio sanit\u00e1rio em grande parte do territ\u00f3rio mato-grossense.<\/p>\n<\/div>\n<div>\n<p>O cen\u00e1rio se assemelha ao do ano passado, quando o in\u00edcio das precipita\u00e7\u00f5es tamb\u00e9m foi atrasado, mas houve normaliza\u00e7\u00e3o ao final de setembro. A previs\u00e3o para o fen\u00f4meno El Ni\u00f1o\u2013Oscila\u00e7\u00e3o Sul (Enos) aponta neutralidade, condi\u00e7\u00e3o que tende a favorecer uma melhor distribui\u00e7\u00e3o das chuvas no estado.<\/p>\n<p>O Imea alertou que um atraso maior nas chuvas pode provocar concentra\u00e7\u00e3o das \u00e1reas tanto na semeadura quanto na colheita, aumentando os riscos de atraso no ciclo agr\u00edcola. Para a safra 2025\/26, a proje\u00e7\u00e3o \u00e9 de 13,01 milh\u00f5es de hectares plantados com soja.<\/p>\n<\/p><\/div>\n<p><br \/>\n<br \/><a href=\"https:\/\/www.canalrural.com.br\/agricultura\/projeto-soja-brasil\/estado-de-mato-grosso-podera-plantar-soja-a-partir-deste-sabado\/\">Source link <\/a><\/p>\n","protected":false},"excerpt":{"rendered":"<p>Em Mato Grosso, o vazio sanit\u00e1rio da soja safra 25\/26 vai at\u00e9 o dia 6 de setembro. Nesse per\u00edodo, o<\/p>\n","protected":false},"author":1,"featured_media":19635,"comment_status":"open","ping_status":"open","sticky":false,"template":"","format":"standard","meta":{"_monsterinsights_skip_tracking":false,"_monsterinsights_sitenote_active":false,"_monsterinsights_sitenote_note":"","_monsterinsights_sitenote_category":0,"_uf_show_specific_survey":0,"_uf_disable_surveys":false,"footnotes":""},"categories":[1],"tags":[],"class_list":["post-19634","post","type-post","status-publish","format-standard","has-post-thumbnail","hentry","category-news"],"_links":{"self":[{"href":"https:\/\/agromt.news\/index.php?rest_route=\/wp\/v2\/posts\/19634"}],"collection":[{"href":"https:\/\/agromt.news\/index.php?rest_route=\/wp\/v2\/posts"}],"about":[{"href":"https:\/\/agromt.news\/index.php?rest_route=\/wp\/v2\/types\/post"}],"author":[{"embeddable":true,"href":"https:\/\/agromt.news\/index.php?rest_route=\/wp\/v2\/users\/1"}],"replies":[{"embeddable":true,"href":"https:\/\/agromt.news\/index.php?rest_route=%2Fwp%2Fv2%2Fcomments&post=19634"}],"version-history":[{"count":0,"href":"https:\/\/agromt.news\/index.php?rest_route=\/wp\/v2\/posts\/19634\/revisions"}],"wp:featuredmedia":[{"embeddable":true,"href":"https:\/\/agromt.news\/index.php?rest_route=\/wp\/v2\/media\/19635"}],"wp:attachment":[{"href":"https:\/\/agromt.news\/index.php?rest_route=%2Fwp%2Fv2%2Fmedia&parent=19634"}],"wp:term":[{"taxonomy":"category","embeddable":true,"href":"https:\/\/agromt.news\/index.php?rest_route=%2Fwp%2Fv2%2Fcategories&post=19634"},{"taxonomy":"post_tag","embeddable":true,"href":"https:\/\/agromt.news\/index.php?rest_route=%2Fwp%2Fv2%2Ftags&post=19634"}],"curies":[{"name":"wp","href":"https:\/\/api.w.org\/{rel}","templated":true}]}}