{"id":19627,"date":"2025-09-03T10:55:00","date_gmt":"2025-09-03T14:55:00","guid":{"rendered":"https:\/\/agromt.news\/?p=19627"},"modified":"2025-09-03T10:55:00","modified_gmt":"2025-09-03T14:55:00","slug":"senado-volta-a-debater-retorno-da-moratoria-da-soja-apos-decisao-judicial","status":"publish","type":"post","link":"https:\/\/agromt.news\/?p=19627","title":{"rendered":"Senado volta a debater retorno da Morat\u00f3ria da Soja ap\u00f3s decis\u00e3o judicial"},"content":{"rendered":"<p> <br \/>\n<br \/><img decoding=\"async\" src=\"https:\/\/agromt.news\/wp-content\/uploads\/2025\/09\/Senado-volta-a-debater-retorno-da-Moratoria-da-Soja-apos.jpg\" \/><\/p>\n<div>\n<p>Nesta ter\u00e7a-feira (2), o <a href=\"https:\/\/www12.senado.leg.br\/radio%5B\">Senado <\/a>voltou a debater o retorno do <a href=\"https:\/\/www.canalrural.com.br\/?s=Morat%C3%B3ria+da+soja\">acordo <\/a>da Morat\u00f3ria da Soja ap\u00f3s uma decis\u00e3o judicial que restabeleceu o acordo firmado em 2006 entre empresas compradoras e ONGs internacionais. O compromisso pro\u00edbe a aquisi\u00e7\u00e3o de gr\u00e3os produzidos em \u00e1reas desmatadas da Amaz\u00f4nia.<\/p>\n<ul class=\"wp-block-list\">\n<li><strong><em>Fique por dentro das novidades e not\u00edcias recentes sobre a soja! Participe da nossa comunidade atrav\u00e9s do\u00a0<a href=\"https:\/\/chat.whatsapp.com\/BmMRwA0TZ2DHGyhzoaVEWu\">link<\/a>! \ud83c\udf31<\/em><\/strong><\/li>\n<\/ul>\n<p>O assunto voltou \u00e0 pauta depois que a Justi\u00e7a suspendeu o fim da morat\u00f3ria, assunto que havia sido questionado pelo senador Jaime Bagattoli (PL-RO). O senador Jayme Campos (Uni\u00e3o-MT) criticou a retomada da medida, alegando que ela prejudica produtores que atuam dentro da lei. <\/p>\n<p>\u201dEssa decis\u00e3o, a pedido da Abiove, \u00e9 profundamente equivocada, pois penaliza sobremaneira os produtores brasileiros que trabalham de forma legal e respons\u00e1vel. O agro brasileiro, motor da nossa economia, precisa ser respeitado e valorizado. Suspender a morat\u00f3ria da soja n\u00e3o \u00e9 um retrocesso. Ao contr\u00e1rio, \u00e9 reafirmar a legalidade, fortalecer o trabalhador do campo que cumpre a lei e demonstrar ao mundo que o Brasil n\u00e3o aceitar\u00e1 ser tutelado por interesses externos que, sob o v\u00e9u ambiental, escondem pr\u00e1ticas de prote\u00e7\u00e3o do mercado e de enfraquecimento da nossa agricultura\u201d, afirmou Campos. <\/p>\n<\/div>\n<div>\n<p>O ministro da Agricultura, Carlos F\u00e1varo, tamb\u00e9m se manifestou contra a imposi\u00e7\u00e3o de regras por empresas privadas que condicionavam a compra do gr\u00e3o \u00e0 ades\u00e3o \u00e0 morat\u00f3ria, mesmo sem uma lei espec\u00edfica no Brasil. \u201dN\u00e3o d\u00e1 para admitir quando entes privados resolvem estabelecer regras que v\u00e3o al\u00e9m da legisla\u00e7\u00e3o. \u00c9 um desrespeito \u00e0 soberania brasileira, \u00e9 um desrespeito aos parlamentares que legislaram\u201d, pontuou.<\/p>\n<h2 class=\"wp-block-heading\" id=\"h-o-outro-lado\">O outro lado<\/h2>\n<p>Por outro lado, ONGs ambientais defenderam a volta da morat\u00f3ria da soja, citando a queda de 69% no desmatamento entre 2009 e 2022 nas \u00e1reas cobertas pelo acordo. Para essas organiza\u00e7\u00f5es, a medida \u00e9 um instrumento importante de preserva\u00e7\u00e3o ambiental.<\/p>\n<h2 class=\"wp-block-heading\" id=\"h-a-moratoria-da-soja\">A Morat\u00f3ria da Soja <\/h2>\n<p>Criada em 2006, surgiu como um acordo entre grandes empresas exportadoras e organiza\u00e7\u00f5es internacionais para impedir a compra de soja produzida em \u00e1reas desmatadas da Amaz\u00f4nia ap\u00f3s aquele ano. A Morat\u00f3ria da Soja foi inicialmente derrubada pelo Conselho Administrativo de Defesa Econ\u00f4mica (Cade), mas voltou a vigorar ap\u00f3s decis\u00e3o judicial, reacendendo a pol\u00eamica entre produtores e ambientalistas.<\/p>\n<\/p><\/div>\n<p><br \/>\n<br \/><a href=\"https:\/\/www.canalrural.com.br\/agricultura\/projeto-soja-brasil\/senado-volta-a-debater-retorno-da-moratoria-da-soja-apos-decisao-judicial\/\">Source link <\/a><\/p>\n","protected":false},"excerpt":{"rendered":"<p>Nesta ter\u00e7a-feira (2), o Senado voltou a debater o retorno do acordo da Morat\u00f3ria da Soja ap\u00f3s uma decis\u00e3o judicial<\/p>\n","protected":false},"author":1,"featured_media":19628,"comment_status":"open","ping_status":"open","sticky":false,"template":"","format":"standard","meta":{"_monsterinsights_skip_tracking":false,"_monsterinsights_sitenote_active":false,"_monsterinsights_sitenote_note":"","_monsterinsights_sitenote_category":0,"_uf_show_specific_survey":0,"_uf_disable_surveys":false,"footnotes":""},"categories":[1],"tags":[],"class_list":["post-19627","post","type-post","status-publish","format-standard","has-post-thumbnail","hentry","category-news"],"_links":{"self":[{"href":"https:\/\/agromt.news\/index.php?rest_route=\/wp\/v2\/posts\/19627"}],"collection":[{"href":"https:\/\/agromt.news\/index.php?rest_route=\/wp\/v2\/posts"}],"about":[{"href":"https:\/\/agromt.news\/index.php?rest_route=\/wp\/v2\/types\/post"}],"author":[{"embeddable":true,"href":"https:\/\/agromt.news\/index.php?rest_route=\/wp\/v2\/users\/1"}],"replies":[{"embeddable":true,"href":"https:\/\/agromt.news\/index.php?rest_route=%2Fwp%2Fv2%2Fcomments&post=19627"}],"version-history":[{"count":0,"href":"https:\/\/agromt.news\/index.php?rest_route=\/wp\/v2\/posts\/19627\/revisions"}],"wp:featuredmedia":[{"embeddable":true,"href":"https:\/\/agromt.news\/index.php?rest_route=\/wp\/v2\/media\/19628"}],"wp:attachment":[{"href":"https:\/\/agromt.news\/index.php?rest_route=%2Fwp%2Fv2%2Fmedia&parent=19627"}],"wp:term":[{"taxonomy":"category","embeddable":true,"href":"https:\/\/agromt.news\/index.php?rest_route=%2Fwp%2Fv2%2Fcategories&post=19627"},{"taxonomy":"post_tag","embeddable":true,"href":"https:\/\/agromt.news\/index.php?rest_route=%2Fwp%2Fv2%2Ftags&post=19627"}],"curies":[{"name":"wp","href":"https:\/\/api.w.org\/{rel}","templated":true}]}}