{"id":19625,"date":"2025-09-03T10:39:53","date_gmt":"2025-09-03T14:39:53","guid":{"rendered":"https:\/\/agromt.news\/?p=19625"},"modified":"2025-09-03T10:39:53","modified_gmt":"2025-09-03T14:39:53","slug":"governo-adia-por-2-meses-recolhimento-do-simples-de-empresas-afetadas-pelo-tarifaco","status":"publish","type":"post","link":"https:\/\/agromt.news\/?p=19625","title":{"rendered":"Governo adia por 2 meses recolhimento do Simples de empresas afetadas pelo tarifa\u00e7o"},"content":{"rendered":"<p> <br \/>\n<br \/><img decoding=\"async\" src=\"https:\/\/agromt.news\/wp-content\/uploads\/2025\/09\/Governo-adia-por-2-meses-recolhimento-do-Simples-de-empresas.png\" \/><\/p>\n<div>\n<p>O Comit\u00ea Gestor do Simples Nacional adiou por dois meses o recolhimento de tributos das empresas afetadas pelo tarifa\u00e7o do governo dos Estados Unidos, com al\u00edquotas adicionais de 50% sobre produtos brasileiros. De acordo com resolu\u00e7\u00e3o publicada no <i>Di\u00e1rio Oficial da Uni\u00e3o (DOU<\/i>), os pagamentos previstos para setembro ficam adiados para 21 de novembro, e os recolhimentos de outubro para 22 de dezembro. <\/p>\n<p><em>Veja em primeira m\u00e3o tudo sobre agricultura, pecu\u00e1ria, economia e previs\u00e3o do tempo:<\/em><a href=\"https:\/\/news.google.com\/publications\/CAAqBwgKMPKZlQswq_mqAw?hl=pt-BR&amp;gl=BR&amp;ceid=BR%3Apt-419\" target=\"_blank\" rel=\"noreferrer noopener\"><em>\u00a0siga o Canal Rural no Google News!<\/em><\/a><\/p>\n<\/div>\n<div>\n<p>Os pagamentos mensais relativos a parcelamentos administrados pela Receita Federal e pela Procuradoria-Geral da Fazenda Nacional (PGFN) tamb\u00e9m ser\u00e3o diferidos. As parcelas com vencimento em setembro ficam adiadas para o \u00faltimo dia \u00fatil de novembro, e as com vencimento em outubro para o \u00faltimo dia \u00fatil de dezembro.<\/p>\n<p>As medidas valem para as empresas optantes pelo Simples afetadas pelo tarifa\u00e7o cujo porcentual de faturamento bruto decorrente de exporta\u00e7\u00f5es para os Estados Unidos entre julho de 2024 e junho de 2025 seja igual ou superior a 5% do faturamento total.<\/p>\n<\/p><\/div>\n<p><br \/>\n<br \/><a href=\"https:\/\/www.canalrural.com.br\/economia\/governo-adia-por-2-meses-recolhimento-do-simples-de-empresas-afetadas-pelo-tarifaco\/\">Source link <\/a><\/p>\n","protected":false},"excerpt":{"rendered":"<p>O Comit\u00ea Gestor do Simples Nacional adiou por dois meses o recolhimento de tributos das empresas afetadas pelo tarifa\u00e7o do<\/p>\n","protected":false},"author":1,"featured_media":19626,"comment_status":"open","ping_status":"open","sticky":false,"template":"","format":"standard","meta":{"_monsterinsights_skip_tracking":false,"_monsterinsights_sitenote_active":false,"_monsterinsights_sitenote_note":"","_monsterinsights_sitenote_category":0,"_uf_show_specific_survey":0,"_uf_disable_surveys":false,"footnotes":""},"categories":[1],"tags":[],"class_list":["post-19625","post","type-post","status-publish","format-standard","has-post-thumbnail","hentry","category-news"],"_links":{"self":[{"href":"https:\/\/agromt.news\/index.php?rest_route=\/wp\/v2\/posts\/19625"}],"collection":[{"href":"https:\/\/agromt.news\/index.php?rest_route=\/wp\/v2\/posts"}],"about":[{"href":"https:\/\/agromt.news\/index.php?rest_route=\/wp\/v2\/types\/post"}],"author":[{"embeddable":true,"href":"https:\/\/agromt.news\/index.php?rest_route=\/wp\/v2\/users\/1"}],"replies":[{"embeddable":true,"href":"https:\/\/agromt.news\/index.php?rest_route=%2Fwp%2Fv2%2Fcomments&post=19625"}],"version-history":[{"count":0,"href":"https:\/\/agromt.news\/index.php?rest_route=\/wp\/v2\/posts\/19625\/revisions"}],"wp:featuredmedia":[{"embeddable":true,"href":"https:\/\/agromt.news\/index.php?rest_route=\/wp\/v2\/media\/19626"}],"wp:attachment":[{"href":"https:\/\/agromt.news\/index.php?rest_route=%2Fwp%2Fv2%2Fmedia&parent=19625"}],"wp:term":[{"taxonomy":"category","embeddable":true,"href":"https:\/\/agromt.news\/index.php?rest_route=%2Fwp%2Fv2%2Fcategories&post=19625"},{"taxonomy":"post_tag","embeddable":true,"href":"https:\/\/agromt.news\/index.php?rest_route=%2Fwp%2Fv2%2Ftags&post=19625"}],"curies":[{"name":"wp","href":"https:\/\/api.w.org\/{rel}","templated":true}]}}