{"id":19624,"date":"2025-09-03T10:24:32","date_gmt":"2025-09-03T14:24:32","guid":{"rendered":"https:\/\/agromt.news\/?p=19624"},"modified":"2025-09-03T10:24:32","modified_gmt":"2025-09-03T14:24:32","slug":"comissao-europeia-decide-futuro-do-acordo-entre-mercosul-e-ue-nesta-quarta-feira","status":"publish","type":"post","link":"https:\/\/agromt.news\/?p=19624","title":{"rendered":"Comiss\u00e3o Europeia decide futuro do acordo entre Mercosul e UE nesta quarta-feira"},"content":{"rendered":"<p> <br \/>\n<br \/><img decoding=\"async\" src=\"https:\/\/agromt.news\/wp-content\/uploads\/2024\/10\/Industria-apoia-acordo-Mercosul-UE-que-favorecera-ambas-as-regioes-diz.jpg\" \/><\/p>\n<div>\n<p>A Comiss\u00e3o Europeia vai apresentar nesta quarta-feira (3) a proposta de aprova\u00e7\u00e3o do <a href=\"https:\/\/www.canalrural.com.br\/economia\/alckmin-diz-que-acordo-do-mercosul-com-a-uniao-europeia-deve-ser-assinado-ate-o-fim-do-ano\/\">acordo comercial entre a Uni\u00e3o Europeia (UE) e Mercosul<\/a>. A proposta precisa ser aprovada pelo Parlamento Europeu e por uma maioria qualificada dos governos da UE, algo ainda incerto, j\u00e1 que v\u00e1rios pa\u00edses continuam resistentes ao acordo.<\/p>\n<p>Fran\u00e7a, maior produtora de carne bovina da UE, e a Pol\u00f4nia, outro importante pa\u00eds agr\u00edcola,<br \/>t\u00eam se manifestado contra o acordo, preocupados com a concorr\u00eancia de produtos agr\u00edcolas<br \/>sul-americanos. Organiza\u00e7\u00f5es ambientais e parte do parlamento, especialmente grupos verdes e for\u00e7as de extrema direita, tamb\u00e9m se op\u00f5em, argumentando que o acordo poderia causar danos ambientais e comprometer padr\u00f5es europeus de seguran\u00e7a alimentar.<\/p>\n<p><em>Veja em primeira m\u00e3o tudo sobre agricultura, pecu\u00e1ria, economia e previs\u00e3o do tempo:<\/em><a href=\"https:\/\/news.google.com\/publications\/CAAqBwgKMPKZlQswq_mqAw?hl=pt-BR&amp;gl=BR&amp;ceid=BR%3Apt-419\" target=\"_blank\" rel=\"noreferrer noopener\"><em>\u00a0siga o Canal Rural no Google News!<\/em><\/a><\/p>\n<p>Para acalmar as preocupa\u00e7\u00f5es, a Comiss\u00e3o prop\u00f5e um mecanismo de salvaguarda que suspenderia o acesso preferencial para produtos sens\u00edveis, como carne bovina, caso as importa\u00e7\u00f5es aumentem mais de 10% em volume ou reduzam os pre\u00e7os na mesma propor\u00e7\u00e3o. Essa medida de defesa foi defendida pelo primeiro-ministro polon\u00eas Donald Tusk, que mant\u00e9m oposi\u00e7\u00e3o ao pacto, mas reconhece a falta de aliados suficientes para bloque\u00e1-lo.<\/p>\n<\/div>\n<div>\n<p>A UE v\u00ea o acordo com o Mercosul como o maior j\u00e1 firmado em termos de redu\u00e7\u00e3o tarif\u00e1ria e<br \/>considera-o essencial para diversificar suas parcerias comerciais, <a href=\"https:\/\/www.canalrural.com.br\/opiniao-noticias\/tarifas-dos-eua-aceleram-clima-favoravel-para-acordo-mercosul-uniao-europeia\/\">especialmente diante das tarifas e tens\u00f5es fiscais impostas pelos Estados Unidos<\/a>. Desde a reelei\u00e7\u00e3o de Donald Trump, a UE tem buscado acelerar negocia\u00e7\u00f5es com India, Indon\u00e9sia, Emirados \u00c1rabes, al\u00e9m de aprofundar la\u00e7os com Reino Unido, Canad\u00e1 e Jap\u00e3o.<\/p>\n<p>Al\u00e9m do Mercosul, a Comiss\u00e3o tamb\u00e9m apresentar\u00e1 uma vers\u00e3o atualizada do acordo comercial com o M\u00e9xico, firmado em janeiro, refor\u00e7ando a estrat\u00e9gia europeia de ampliar e modernizar suas alian\u00e7as comerciais globais.<\/p>\n<p>Os defensores do acordo destacam que o Mercosul representa um mercado em expans\u00e3o para carros, m\u00e1quinas e produtos qu\u00edmicos europeus, al\u00e9m de ser uma fonte confi\u00e1vel de minerais cr\u00edticos para a transi\u00e7\u00e3o verde da UE, como o l\u00edtio usado em baterias, atualmente dependente da China. O acordo tamb\u00e9m abriria melhores condi\u00e7\u00f5es para queijos, presuntos e vinhos europeus no mercado sul-americano.<\/p>\n<\/p><\/div>\n<p><br \/>\n<br \/><a href=\"https:\/\/www.canalrural.com.br\/economia\/comissao-europeia-decide-futuro-do-acordo-entre-mercosul-e-ue-nesta-quarta-feira\/\">Source link <\/a><\/p>\n","protected":false},"excerpt":{"rendered":"<p>A Comiss\u00e3o Europeia vai apresentar nesta quarta-feira (3) a proposta de aprova\u00e7\u00e3o do acordo comercial entre a Uni\u00e3o Europeia (UE)<\/p>\n","protected":false},"author":1,"featured_media":3109,"comment_status":"open","ping_status":"open","sticky":false,"template":"","format":"standard","meta":{"_monsterinsights_skip_tracking":false,"_monsterinsights_sitenote_active":false,"_monsterinsights_sitenote_note":"","_monsterinsights_sitenote_category":0,"_uf_show_specific_survey":0,"_uf_disable_surveys":false,"footnotes":""},"categories":[1],"tags":[],"class_list":["post-19624","post","type-post","status-publish","format-standard","has-post-thumbnail","hentry","category-news"],"_links":{"self":[{"href":"https:\/\/agromt.news\/index.php?rest_route=\/wp\/v2\/posts\/19624"}],"collection":[{"href":"https:\/\/agromt.news\/index.php?rest_route=\/wp\/v2\/posts"}],"about":[{"href":"https:\/\/agromt.news\/index.php?rest_route=\/wp\/v2\/types\/post"}],"author":[{"embeddable":true,"href":"https:\/\/agromt.news\/index.php?rest_route=\/wp\/v2\/users\/1"}],"replies":[{"embeddable":true,"href":"https:\/\/agromt.news\/index.php?rest_route=%2Fwp%2Fv2%2Fcomments&post=19624"}],"version-history":[{"count":0,"href":"https:\/\/agromt.news\/index.php?rest_route=\/wp\/v2\/posts\/19624\/revisions"}],"wp:featuredmedia":[{"embeddable":true,"href":"https:\/\/agromt.news\/index.php?rest_route=\/wp\/v2\/media\/3109"}],"wp:attachment":[{"href":"https:\/\/agromt.news\/index.php?rest_route=%2Fwp%2Fv2%2Fmedia&parent=19624"}],"wp:term":[{"taxonomy":"category","embeddable":true,"href":"https:\/\/agromt.news\/index.php?rest_route=%2Fwp%2Fv2%2Fcategories&post=19624"},{"taxonomy":"post_tag","embeddable":true,"href":"https:\/\/agromt.news\/index.php?rest_route=%2Fwp%2Fv2%2Ftags&post=19624"}],"curies":[{"name":"wp","href":"https:\/\/api.w.org\/{rel}","templated":true}]}}