{"id":19621,"date":"2025-09-03T09:55:16","date_gmt":"2025-09-03T13:55:16","guid":{"rendered":"https:\/\/agromt.news\/?p=19621"},"modified":"2025-09-03T09:55:16","modified_gmt":"2025-09-03T13:55:16","slug":"calor-aumenta-e-regioes-tem-risco-de-temporal-veja-a-previsao-do-tempo-para-hoje-2","status":"publish","type":"post","link":"https:\/\/agromt.news\/?p=19621","title":{"rendered":"Calor aumenta, e regi\u00f5es t\u00eam risco de temporal; veja a previs\u00e3o do tempo para hoje"},"content":{"rendered":"<p> <br \/>\n<br \/><img decoding=\"async\" src=\"https:\/\/agromt.news\/wp-content\/uploads\/2025\/02\/o-que-esperar-do-tempo-na-semana.jpg\" \/><\/p>\n<div>\n<p>A frente fria permanece posicionada na altura do Rio Grande do Sul nesta quarta-feira (3) e segue favorecendo o fluxo de umidade oriundo do norte do pa\u00eds, mantendo a condi\u00e7\u00e3o para chuva forte em diversas \u00e1reas do estado . As \u00e1reas de maior aten\u00e7\u00e3o seguem concentradas sobre a metade sul, entre o oeste, campanha, regi\u00e3o central, sul e costa doce, \u00e1reas em que haver\u00e1 risco para temporais acompanhados por raios, rajadas de vento e eventual queda de granizo.<\/p>\n<p>Por conta da chuva dos \u00faltimos dias e tamb\u00e9m pela expectativa de volumes significativos, o risco para transtornos dever\u00e1 permanecer elevado \u2013 tanto para condi\u00e7\u00f5es de fortes pancadas quanto para eventuais inunda\u00e7\u00f5es, alagamentos ou deslizamentos. Entre a regi\u00e3o metropolitana de Porto Alegre, Vales e Miss\u00f5es, tamb\u00e9m pode chover forte no decorrer das horas. Durante os intervalos de chuva, as rajadas de vento podem chegar at\u00e9 90 km\/h.<\/p>\n<p><em>Veja em primeira m\u00e3o tudo sobre agricultura, pecu\u00e1ria, economia e previs\u00e3o do tempo:<\/em><a href=\"https:\/\/news.google.com\/publications\/CAAqBwgKMPKZlQswq_mqAw?hl=pt-BR&amp;gl=BR&amp;ceid=BR%3Apt-419\" target=\"_blank\" rel=\"noreferrer noopener\"><em>\u00a0siga o Canal Rural no Google News!<\/em><\/a><\/p>\n<p>Entre Santa Catarina e o Paran\u00e1, vamos observar um maior predom\u00ednio de sol e sem condi\u00e7\u00f5es para a ocorr\u00eancia de chuva significativa em praticamente todas as regi\u00f5es. Excepcionalmente, algumas \u00e1reas do leste catarinense e litoral paranaense podem contar com alguma chuva fraca isolada no decorrer do dia. Nas demais \u00e1reas de ambos os estados, os destaques seguem sendo a condi\u00e7\u00e3o de tempo firme e o calor \u2013 que come\u00e7a a ganhar for\u00e7a e se espalhar.<\/p>\n<p>Algumas cidades do norte e noroeste paranaense j\u00e1 podem contar com m\u00e1ximas pr\u00f3ximas aos 35\u00baC. Al\u00e9m da chuva e do calor, os ventos continuam ganhando destaque no decorrer das horas, com rajadas persistentes em boa parte da regi\u00e3o durante o dia. Entre o litoral do RS e SC, os ventos podem ultrapassar os 50 km\/h, mesmo sem a presen\u00e7a da chuva.<\/p>\n<p>No Sudeste, a circula\u00e7\u00e3o de ventos \u00famidos que sopram do oceano deve favorecer a ocorr\u00eancia de pancadas de chuva irregulares em alguns pontos do Esp\u00edrito Santo e tamb\u00e9m entre a zona da mata e a regi\u00e3o dos vales de Minas Gerais, sobretudo no per\u00edodo da manh\u00e3. No entanto, n\u00e3o h\u00e1 risco de chuva forte ou acumulados expressivos. Ainda nessa metade leste do estado mineiro, o c\u00e9u deve permanecer mais encoberto e as temperaturas mais amenas durante o dia, incluindo na capital Belo Horizonte.<\/p>\n<\/div>\n<div>\n<p>Entre S\u00e3o Paulo e o Rio de Janeiro, o tempo j\u00e1 segue firme e sem previs\u00e3o de chuva significativa. O calor ganha for\u00e7a no decorrer das horas, especialmente no interior paulista, onde as m\u00e1ximas j\u00e1 ultrapassam os 30\u00baC e a umidade relativa do ar segue significativamente baixa. As capitais S\u00e3o Paulo e Rio de Janeiro devem contar com bastante sol durante a quarta-feira. A capital paulista pode registrar baixos \u00edndices de umidade relativa do ar durante as horas mais quentes.<\/p>\n<p>Enquanto no Centro-Oeste, boa parte dos estados seguem sob atua\u00e7\u00e3o da massa de ar quente e seca que continua atuando sobre o interior do pa\u00eds. Ao longo do dia, \u00e9 esperado um predom\u00ednio maior do sol entre algumas nuvens no c\u00e9u, bastante calor e alerta de baixa umidade do ar em grande parte da regi\u00e3o. Entre as capitais, Campo Grande e Cuiab\u00e1 seguem com maior destaque, com chance para m\u00e1ximas significativamente elevadas.<\/p>\n<p>Na capital do Mato Grosso, os term\u00f4metros podem bater os 40\u00baC \u00e0 tarde. Excepcionalmente no extremo norte e noroeste de Mato Grosso, haver\u00e1 condi\u00e7\u00f5es para pancadas de chuva com fraca a moderada intensidade \u2013 n\u00e3o sendo descartada a ocorr\u00eancia de chuva forte no decorrer das horas \u2013, devido ao avan\u00e7o de algumas instabilidades que atuam sobre a regi\u00e3o norte do pa\u00eds.<\/p>\n<p>J\u00e1 no Nordeste, a entrada de umidade vinda do oceano mant\u00e9m a chuva sobre praticamente toda a costa leste da regi\u00e3o \u2013 al\u00e9m de algumas \u00e1reas da zona da mata nordestina. O litoral da Bahia entra com maior destaque e risco para fortes pancadas de chuva \u2013 n\u00e3o sendo descartado tamb\u00e9m a ocorr\u00eancia de temporais \u2013 ao longo do dia.<\/p>\n<p>Algumas \u00e1reas do agreste e sert\u00e3o baiano podem contar com chuva isolada. Chove tamb\u00e9m entre Aracaju e Natal, em forma de pancadas de chuva irregulares, que variam entre fraca e moderada intensidade \u2013 n\u00e3o sendo descartada a ocorr\u00eancia de chuva forte isolada. Nas demais regi\u00f5es interioranas, o tempo segue firme, com calor intenso e baixa umidade do ar \u00e0 tarde.<\/p>\n<p>E no Norte, a chuva segue ganhando for\u00e7a entre o Acre, Rond\u00f4nia e o Amazonas, se espalhando tamb\u00e9m em boa parte do estado de Roraima. Ao longo do dia, podem ocorrer fortes pancadas de chuva, acompanhadas por rajadas de vento. No Amazonas, n\u00e3o est\u00e3o descartados eventuais temporais. Entre o norte do Par\u00e1 e o Amap\u00e1, pode chover fraco e de maneira isolada no decorrer das horas. No Tocantins, o tempo segue firme e as temperaturas l\u00e1 no alto, com m\u00e1ximas significativamente elevadas e alerta de baixa umidade do ar \u00e0 tarde.<\/p>\n<div data-icp-cta=\"1\" id=\"icp-cta-unique\">Voc\u00ea quer entender como usar o clima a seu favor?<b> <\/b><a href=\"https:\/\/climacampo.canalrural.com.br\/climacampo_-01\">Preparamos um e-book exclusivo<\/a> para ajudar produtores rurais a se antecipar \u00e0s mudan\u00e7as do tempo e planejar melhor suas a\u00e7\u00f5es. Com base em previs\u00f5es meteorol\u00f3gicas confi\u00e1veis, ele oferece orienta\u00e7\u00f5es pr\u00e1ticas para proteger sua lavoura e otimizar seus resultados.<\/div>\n<\/div>\n<p><br \/>\n<br \/><a href=\"https:\/\/www.canalrural.com.br\/tempo\/calor-aumenta-e-ha-risco-de-temporais-em-varias-regioes-veja-a-previsao-do-tempo-para-hoje\/\">Source link <\/a><\/p>\n","protected":false},"excerpt":{"rendered":"<p>A frente fria permanece posicionada na altura do Rio Grande do Sul nesta quarta-feira (3) e segue favorecendo o fluxo<\/p>\n","protected":false},"author":1,"featured_media":10023,"comment_status":"open","ping_status":"open","sticky":false,"template":"","format":"standard","meta":{"_monsterinsights_skip_tracking":false,"_monsterinsights_sitenote_active":false,"_monsterinsights_sitenote_note":"","_monsterinsights_sitenote_category":0,"_uf_show_specific_survey":0,"_uf_disable_surveys":false,"footnotes":""},"categories":[1],"tags":[],"class_list":["post-19621","post","type-post","status-publish","format-standard","has-post-thumbnail","hentry","category-news"],"_links":{"self":[{"href":"https:\/\/agromt.news\/index.php?rest_route=\/wp\/v2\/posts\/19621"}],"collection":[{"href":"https:\/\/agromt.news\/index.php?rest_route=\/wp\/v2\/posts"}],"about":[{"href":"https:\/\/agromt.news\/index.php?rest_route=\/wp\/v2\/types\/post"}],"author":[{"embeddable":true,"href":"https:\/\/agromt.news\/index.php?rest_route=\/wp\/v2\/users\/1"}],"replies":[{"embeddable":true,"href":"https:\/\/agromt.news\/index.php?rest_route=%2Fwp%2Fv2%2Fcomments&post=19621"}],"version-history":[{"count":0,"href":"https:\/\/agromt.news\/index.php?rest_route=\/wp\/v2\/posts\/19621\/revisions"}],"wp:featuredmedia":[{"embeddable":true,"href":"https:\/\/agromt.news\/index.php?rest_route=\/wp\/v2\/media\/10023"}],"wp:attachment":[{"href":"https:\/\/agromt.news\/index.php?rest_route=%2Fwp%2Fv2%2Fmedia&parent=19621"}],"wp:term":[{"taxonomy":"category","embeddable":true,"href":"https:\/\/agromt.news\/index.php?rest_route=%2Fwp%2Fv2%2Fcategories&post=19621"},{"taxonomy":"post_tag","embeddable":true,"href":"https:\/\/agromt.news\/index.php?rest_route=%2Fwp%2Fv2%2Ftags&post=19621"}],"curies":[{"name":"wp","href":"https:\/\/api.w.org\/{rel}","templated":true}]}}