{"id":19619,"date":"2025-09-03T09:25:23","date_gmt":"2025-09-03T13:25:23","guid":{"rendered":"https:\/\/agromt.news\/?p=19619"},"modified":"2025-09-03T09:25:23","modified_gmt":"2025-09-03T13:25:23","slug":"camara-aprova-preferencia-de-recursos-a-agricultor-familiar-atingido-por-desastres-naturais","status":"publish","type":"post","link":"https:\/\/agromt.news\/?p=19619","title":{"rendered":"C\u00e2mara aprova prefer\u00eancia de recursos a agricultor familiar atingido por desastres naturais"},"content":{"rendered":"<p> <br \/>\n<br \/><img decoding=\"async\" src=\"https:\/\/agromt.news\/wp-content\/uploads\/2025\/04\/Camara-aprova-Lei-da-Reciprocidade-Comercial.jpg\" \/><\/p>\n<div>\n<p>A C\u00e2mara dos Deputados aprovou, na ter\u00e7a-feira (2), projeto de lei que concede a unidades produtivas familiares rurais atingidas por eventos clim\u00e1ticos extremos prefer\u00eancia no recebimento dos recursos financeiros do Programa de Fomento \u00e0s Atividades Produtivas Rurais. A proposta ser\u00e1 enviada ao Senado.<\/p>\n<p>De autoria do deputado Heitor Schuch (PSB-RS), o Projeto de Lei 2424\/24 foi aprovado na forma de um substitutivo do relator, deputado Patrus Ananias (PT-MG), que apenas corrigiu t\u00e9cnica legislativa. \u201cAs mudan\u00e7as pontuais n\u00e3o comprometem em nada a ess\u00eancia e os objetivos estrat\u00e9gicos do projeto\u201d, afirmou Patrus.<\/p>\n<p><em>Veja em primeira m\u00e3o tudo sobre agricultura, pecu\u00e1ria, economia e previs\u00e3o do tempo:<\/em><a href=\"https:\/\/news.google.com\/publications\/CAAqBwgKMPKZlQswq_mqAw?hl=pt-BR&amp;gl=BR&amp;ceid=BR%3Apt-419\" target=\"_blank\" rel=\"noreferrer noopener\"><em>\u00a0siga o Canal Rural no Google News!<\/em><\/a><\/p>\n<\/div>\n<div>\n<p>Segundo o texto aprovado, a prefer\u00eancia ser\u00e1 para recursos destinados \u00e0 reestrutura\u00e7\u00e3o da infraestrutura produtiva. As fam\u00edlias benefici\u00e1rias tamb\u00e9m receber\u00e3o assist\u00eancia t\u00e9cnica priorit\u00e1ria para a elabora\u00e7\u00e3o e implanta\u00e7\u00e3o de projeto de reestrutura\u00e7\u00e3o, contemplando a\u00e7\u00f5es de planejamento e gest\u00e3o de riscos em eventos clim\u00e1ticos.<\/p>\n<p>Esse planejamento e a gest\u00e3o de riscos quanto aos eventos clim\u00e1ticos tamb\u00e9m passam a fazer parte dos princ\u00edpios da Pol\u00edtica Nacional da Agricultura Familiar e Empreendimentos Familiares Rurais e dos objetivos do Programa de Fomento \u00e0s Atividades Produtivas Rurais.<\/p>\n<h2 class=\"wp-block-heading\" id=\"h-seguranca-alimentar\">Seguran\u00e7a alimentar<\/h2>\n<p>O autor da proposta, Heitor Schuch, disse que este e outros projetos relacionados ao tema que foram aprovados nesta ter\u00e7a-feira (2) v\u00e3o fazer grande diferen\u00e7a na seguran\u00e7a alimentar.<br \/>A C\u00e2mara tamb\u00e9m aprovou a prioridade de compra e distribui\u00e7\u00e3o de alimentos em cidades atingidas por desastres (PL 2708\/24); o uso de indicadores do IBGE para ampliar o acesso da popula\u00e7\u00e3o a alimentos (PL 800\/24); e o projeto que torna lei o Programa de Fortalecimento da Agricultura Familiar \u2013 Pronaf (PL 4384\/23).<\/p>\n<\/p><\/div>\n<p><br \/>\n<br \/><a href=\"https:\/\/www.canalrural.com.br\/nacional\/camara-aprova-preferencia-de-recursos-a-agricultor-familiar-atingido-por-desastres-naturais\/\">Source link <\/a><\/p>\n","protected":false},"excerpt":{"rendered":"<p>A C\u00e2mara dos Deputados aprovou, na ter\u00e7a-feira (2), projeto de lei que concede a unidades produtivas familiares rurais atingidas por<\/p>\n","protected":false},"author":1,"featured_media":11883,"comment_status":"open","ping_status":"open","sticky":false,"template":"","format":"standard","meta":{"_monsterinsights_skip_tracking":false,"_monsterinsights_sitenote_active":false,"_monsterinsights_sitenote_note":"","_monsterinsights_sitenote_category":0,"_uf_show_specific_survey":0,"_uf_disable_surveys":false,"footnotes":""},"categories":[1],"tags":[],"class_list":["post-19619","post","type-post","status-publish","format-standard","has-post-thumbnail","hentry","category-news"],"_links":{"self":[{"href":"https:\/\/agromt.news\/index.php?rest_route=\/wp\/v2\/posts\/19619"}],"collection":[{"href":"https:\/\/agromt.news\/index.php?rest_route=\/wp\/v2\/posts"}],"about":[{"href":"https:\/\/agromt.news\/index.php?rest_route=\/wp\/v2\/types\/post"}],"author":[{"embeddable":true,"href":"https:\/\/agromt.news\/index.php?rest_route=\/wp\/v2\/users\/1"}],"replies":[{"embeddable":true,"href":"https:\/\/agromt.news\/index.php?rest_route=%2Fwp%2Fv2%2Fcomments&post=19619"}],"version-history":[{"count":0,"href":"https:\/\/agromt.news\/index.php?rest_route=\/wp\/v2\/posts\/19619\/revisions"}],"wp:featuredmedia":[{"embeddable":true,"href":"https:\/\/agromt.news\/index.php?rest_route=\/wp\/v2\/media\/11883"}],"wp:attachment":[{"href":"https:\/\/agromt.news\/index.php?rest_route=%2Fwp%2Fv2%2Fmedia&parent=19619"}],"wp:term":[{"taxonomy":"category","embeddable":true,"href":"https:\/\/agromt.news\/index.php?rest_route=%2Fwp%2Fv2%2Fcategories&post=19619"},{"taxonomy":"post_tag","embeddable":true,"href":"https:\/\/agromt.news\/index.php?rest_route=%2Fwp%2Fv2%2Ftags&post=19619"}],"curies":[{"name":"wp","href":"https:\/\/api.w.org\/{rel}","templated":true}]}}