{"id":19613,"date":"2025-09-03T07:47:04","date_gmt":"2025-09-03T11:47:04","guid":{"rendered":"https:\/\/agromt.news\/?p=19613"},"modified":"2025-09-03T07:47:04","modified_gmt":"2025-09-03T11:47:04","slug":"casa-nostra-resgata-imigracao-italiana-e-faz-turistas-viverem-tradicoes","status":"publish","type":"post","link":"https:\/\/agromt.news\/?p=19613","title":{"rendered":"\u2018Casa Nostra\u2019 resgata imigra\u00e7\u00e3o italiana e faz turistas viverem tradi\u00e7\u00f5es"},"content":{"rendered":"<p> <br \/>\n<\/p>\n<div>\n<p>No distrito de Pindobas, em Venda Nova do Imigrante, regi\u00e3o serrana do Esp\u00edrito Santo (ES), est\u00e1 a \u2018Casa Nostra\u2019, um espa\u00e7o que resgata a trajet\u00f3ria dos imigrantes italianos. Constru\u00edda nos moldes das antigas casas dos imigrantes, ela fica dentro do <a href=\"https:\/\/sebrae.com.br\/sites\/PortalSebrae\/ufs\/es?codUf=8\">Sebrae\/ES<\/a> e transforma lembran\u00e7as em experi\u00eancia afetiva e cultural.<\/p>\n<p>Logo na entrada, o visitante \u00e9 recebido por um guia que apresenta os ambientes da casa e os objetos hist\u00f3ricos. Um v\u00eddeo tamb\u00e9m \u00e9 apresentado, para que o turista entenda o caminho da imigra\u00e7\u00e3o italiana no Estado.  <\/p>\n<p>Cada detalhe do espa\u00e7o transporta o p\u00fablico para o passado, criando uma conex\u00e3o entre hist\u00f3ria e emo\u00e7\u00e3o.<\/p>\n<p> \u201cA ideia da Casa Nostra foi juntar a linguagem do contempor\u00e2neo com a mem\u00f3ria e hist\u00f3ria dos imigrantes italianos\u201d, diz Ronaldo Barbosa, curador do espa\u00e7o.\u00a0<\/p>\n<p>No entanto, \u00e9 na sala principal que a magia come\u00e7a de fato. O visitante encontra o<strong> \u2018Nono e a Nona\u2019<\/strong>, personagens interpretados por moradores da regi\u00e3o. Eles discutem em voz alta, brincam, implicam um com o outro e, de repente, tudo termina em m\u00fasica e dan\u00e7a. <\/p>\n<p>Quem participa acaba envolvido por esse jeito expansivo, t\u00e3o caracter\u00edstico das fam\u00edlias italianas, que fazem quest\u00e3o de incluir todos. \u201cO dia mais feliz da minha vida \u00e9 quando eu venho para c\u00e1\u201d, conta Maria das Gra\u00e7as Pimenta, uma das integrantes do elenco \u2018Casa Nostra\u2019.<\/p>\n<figure class=\"wp-block-image size-full is-resized\"><img fetchpriority=\"high\" decoding=\"async\" width=\"635\" height=\"461\" alt=\"Uma senhora com len\u00e7o na cabe\u00e7a. \" class=\"wp-image-4119933\" style=\"width:461px;height:auto\"  data-lazy- src=\"https:\/\/agromt.news\/wp-content\/uploads\/2025\/09\/\u2018Casa-Nostra-resgata-imigracao-italiana-e-faz-turistas-viverem-tradicoes.png\"\/><img decoding=\"async\" width=\"635\" height=\"461\" src=\"https:\/\/agromt.news\/wp-content\/uploads\/2025\/09\/\u2018Casa-Nostra-resgata-imigracao-italiana-e-faz-turistas-viverem-tradicoes.png\" alt=\"Uma senhora com len\u00e7o na cabe\u00e7a. \" class=\"wp-image-4119933\" style=\"width:461px;height:auto\"  \/><figcaption class=\"wp-element-caption\">Maria das Gra\u00e7as Pimenta, uma das integrantes do elenco Casa Nostra. <br \/>Foto: Fabiana Bertinelli<\/figcaption><\/figure>\n<ul class=\"wp-block-list\">\n<li>Participe do Porteira Aberta Empreender: envie perguntas, sugest\u00f5es e conte a sua hist\u00f3ria de empreendedorismo pelo<a href=\"https:\/\/api.whatsapp.com\/send?phone=5511932796720&amp;PorteiraAbertaEmpreender=SuaMensagem\"> <strong>WhatsApp<\/strong><\/a><\/li>\n<\/ul>\n<\/div>\n<div>\n<h2 class=\"wp-block-heading\" id=\"h-uma-vivencia-cheia-de-sabor\">Uma viv\u00eancia cheia de sabor<\/h2>\n<p>A visita passa pelo quarto, um espa\u00e7o que, para os italianos, sempre foi muito reservado -, poucas pessoas tinham permiss\u00e3o para entrar. E antes de seguir para a cozinha, os<a href=\"https:\/\/www.canalrural.com.br\/empreendedorismo\/salao-nacional-do-turismo-2025-acontece-em-sao-paulo\/\"> visitantes<\/a> recebem um len\u00e7o para colocar na cabe\u00e7a, em respeito \u00e0 tradi\u00e7\u00e3o da col\u00f4nia.<\/p>\n<p>\u201cEu vivi com meus av\u00f4s e era desse jeito aqui: casa cheia, fam\u00edlia grande e muita alegria\u201d relata Adriana Zandonade, integrante do elenco. <\/p>\n<figure class=\"wp-block-image size-full is-resized\"><img decoding=\"async\" width=\"260\" height=\"402\" alt=\"Mulher com a polenta nas m\u00e3os\" class=\"wp-image-4119941\" style=\"width:354px;height:auto\"  data-lazy- src=\"https:\/\/agromt.news\/wp-content\/uploads\/2025\/09\/\u2018Casa-Nostra-resgata-imigracao-italiana-e-faz-turistas-viverem-tradicoes.jpeg\"\/><img loading=\"lazy\" decoding=\"async\" width=\"260\" height=\"402\" src=\"https:\/\/agromt.news\/wp-content\/uploads\/2025\/09\/\u2018Casa-Nostra-resgata-imigracao-italiana-e-faz-turistas-viverem-tradicoes.jpeg\" alt=\"Mulher com a polenta nas m\u00e3os\" class=\"wp-image-4119941\" style=\"width:354px;height:auto\"  \/><figcaption class=\"wp-element-caption\">Adriana Zandonade, integrante do elenco Casa Nostra.<br \/>\nFoto: Fabiana Bertinelli<\/figcaption><\/figure>\n<p>E como manda a tradi\u00e7\u00e3o, nada de ficar parado, ent\u00e3o, o visitante s\u00e3o convidado a amassar o p\u00e3o, mexer a polenta, modelar biscoitos e a ajudar a preparar o caf\u00e9, tornando a experi\u00eancia ainda mais envolvente e afetiva.<\/p>\n<p>\u201cA inten\u00e7\u00e3o \u00e9 que o turista sinta a alegria e a garra dos imigrantes\u201d, conta Renata Agostini Vescovi, analista do Sebrae\/ES. <\/p>\n<p>Para participar desta experi\u00eancia imersiva, os ingressos devem ser adquiridos com anteced\u00eancia no <strong><a href=\"https:\/\/sebrae.com.br\/sites\/PortalSebrae\/ufs\/es?codUf=8\">Sebrae\/ES<\/a><\/strong> ou<a href=\"https:\/\/loja-casanostra.paytour.com.br\/?fbclid=PAdGRjcAMiZXxleHRuA2FlbQIxMQABp_qzFrz1YGP34LpJDL--HepN7bLho4qndQV1tnuOzvx1J-TTEw7808AWotuR_aem_uqbEFyS8SBoExdP24j1fLw\"> acesse aqui<\/a>. <\/p>\n<p>E vem novidade por a\u00ed, em breve, o local ganhar\u00e1 mais um atrativo cultural: o Museu do Imigrante. \u201c\u00c9 um museu que ser\u00e1 criado, editado e curado pelos jovens. Vamos fazer um trabalho com todas as escolas p\u00fablicas, e ser\u00e1 uma esp\u00e9cie de \u2018cartografia do afeto\u2019, onde as crian\u00e7as v\u00e3o trazer as mem\u00f3rias das suas casa\u201d, relata o curador Barbosa.\u00a0<\/p>\n<\/p><\/div>\n<p><br \/>\n<br \/><a href=\"https:\/\/www.canalrural.com.br\/empreendedorismo\/casa-nostra-resgata-imigracao-italiana-e-faz-turistas-viverem-tradicoes\/\">Source link <\/a><\/p>\n","protected":false},"excerpt":{"rendered":"<p>No distrito de Pindobas, em Venda Nova do Imigrante, regi\u00e3o serrana do Esp\u00edrito Santo (ES), est\u00e1 a \u2018Casa Nostra\u2019, um<\/p>\n","protected":false},"author":1,"featured_media":19614,"comment_status":"open","ping_status":"open","sticky":false,"template":"","format":"standard","meta":{"_monsterinsights_skip_tracking":false,"_monsterinsights_sitenote_active":false,"_monsterinsights_sitenote_note":"","_monsterinsights_sitenote_category":0,"_uf_show_specific_survey":0,"_uf_disable_surveys":false,"footnotes":""},"categories":[1],"tags":[],"class_list":["post-19613","post","type-post","status-publish","format-standard","has-post-thumbnail","hentry","category-news"],"_links":{"self":[{"href":"https:\/\/agromt.news\/index.php?rest_route=\/wp\/v2\/posts\/19613"}],"collection":[{"href":"https:\/\/agromt.news\/index.php?rest_route=\/wp\/v2\/posts"}],"about":[{"href":"https:\/\/agromt.news\/index.php?rest_route=\/wp\/v2\/types\/post"}],"author":[{"embeddable":true,"href":"https:\/\/agromt.news\/index.php?rest_route=\/wp\/v2\/users\/1"}],"replies":[{"embeddable":true,"href":"https:\/\/agromt.news\/index.php?rest_route=%2Fwp%2Fv2%2Fcomments&post=19613"}],"version-history":[{"count":0,"href":"https:\/\/agromt.news\/index.php?rest_route=\/wp\/v2\/posts\/19613\/revisions"}],"wp:featuredmedia":[{"embeddable":true,"href":"https:\/\/agromt.news\/index.php?rest_route=\/wp\/v2\/media\/19614"}],"wp:attachment":[{"href":"https:\/\/agromt.news\/index.php?rest_route=%2Fwp%2Fv2%2Fmedia&parent=19613"}],"wp:term":[{"taxonomy":"category","embeddable":true,"href":"https:\/\/agromt.news\/index.php?rest_route=%2Fwp%2Fv2%2Fcategories&post=19613"},{"taxonomy":"post_tag","embeddable":true,"href":"https:\/\/agromt.news\/index.php?rest_route=%2Fwp%2Fv2%2Ftags&post=19613"}],"curies":[{"name":"wp","href":"https:\/\/api.w.org\/{rel}","templated":true}]}}