{"id":19610,"date":"2025-09-03T07:19:29","date_gmt":"2025-09-03T11:19:29","guid":{"rendered":"https:\/\/agromt.news\/?p=19610"},"modified":"2025-09-03T07:19:29","modified_gmt":"2025-09-03T11:19:29","slug":"em-meio-ao-tarifaco-datagro-reune-cadeia-da-carne-no-5o-forum-pecuaria-brasil-em-sao-paulo","status":"publish","type":"post","link":"https:\/\/agromt.news\/?p=19610","title":{"rendered":"Em meio ao \u201ctarifa\u00e7o\u201d, Datagro re\u00fane cadeia da carne no 5\u00ba F\u00f3rum Pecu\u00e1ria Brasil em S\u00e3o Paulo\u00a0"},"content":{"rendered":"<p> <br \/>\n<br \/><img decoding=\"async\" src=\"https:\/\/agromt.news\/wp-content\/uploads\/2025\/09\/Em-meio-ao-tarifaco-Datagro-reune-cadeia-da-carne-no.jpg\" \/><\/p>\n<div>\n<p>Em um cen\u00e1rio marcado pelo aumento nas tarifas imposto pelo governo dos Estados Unidos sobre diversos produtos brasileiros, entre eles a carne bovina, a Datagro promove, dia 17 de setembro, no Word Trade Center (WTC), em S\u00e3o Paulo, a 5\u00aa edi\u00e7\u00e3o do F\u00f3rum Pecu\u00e1ria Brasil. <\/p>\n<p>O encontro ocorre em um momento decisivo para o setor, reunindo l\u00edderes, t\u00e9cnicos, produtores, investidores e representantes da ind\u00fastria frigor\u00edfica para debater os rumos da atividade no pa\u00eds e no mercado internacional.<\/p>\n<p>A programa\u00e7\u00e3o contar\u00e1 com seis pain\u00e9is tem\u00e1ticos, abordando desde as perspectivas do setor para os pr\u00f3ximos anos, desafios da ind\u00fastria no mercado interno, oportunidades externas, at\u00e9 a retomada da liquidez do contrato futuro de boi gordo na B3.<\/p>\n<p>Entre os confirmados, al\u00e9m de Plinio Nastari, presidente da Datagro, est\u00e3o nomes como Roberto Perosa, presidente da Associa\u00e7\u00e3o Brasileira das Ind\u00fastrias Exportadoras de Carnes (ABIEC); Mauricio Velloso, presidente da Associa\u00e7\u00e3o Nacional dos Confinadores (Assocon); S\u00e9rgio Bortolozzo, presidente da Sociedade Rural Brasileira (SRB), al\u00e9m de executivos das principais empresas do setor, como Marfrig, <strong><a href=\"https:\/\/www.canalrural.com.br\/tag\/friboi\/\">Friboi<\/a><\/strong>, Minerva Foods, entre outros.<\/p>\n<p>\u201cO F\u00f3rum Pecu\u00e1ria Brasil \u00e9 um espa\u00e7o que une todos os elos da cadeia para discutir os desafios e oportunidades que temos pela frente. Nosso objetivo \u00e9 oferecer informa\u00e7\u00e3o de qualidade, baseada em dados, e criar um ambiente de di\u00e1logo estrat\u00e9gico para que o setor avance de forma sustent\u00e1vel e competitivo\u201d, afirma Jo\u00e3o Ot\u00e1vio Figueiredo, head de pecu\u00e1ria da Datagro.<\/p>\n<p>Outro destaque da edi\u00e7\u00e3o \u00e9 a apresenta\u00e7\u00e3o dos resultados da mais recente edi\u00e7\u00e3o do Indicador do Boi na Estrada, projeto que percorreu propriedades em S\u00e3o Paulo, Minas Gerais, Mato Grosso, Mato Grosso do Sul, Rond\u00f4nia, Tocantins, Goi\u00e1s, Par\u00e1 e Bahia. <\/p>\n<p>A iniciativa, realizada em parceria com a Nova Futura Investimentos e a Nutron| Cargill, traz um retrato direto da realidade do segmento no pa\u00eds.<\/p>\n<p>\u201cMais do que uma rodada pelo campo, o Indicador do Boi na Estrada se consolidou como um evento que busca fomentar o contrato futuro do boi gordo e levar informa\u00e7\u00e3o de qualidade para a ponta. O mais interessante \u00e9 que o evento une todos os elos da cadeia de maneira harmoniosa\u201d, ressalta Figueiredo.<\/p>\n<\/div>\n<div>\n<h2 class=\"wp-block-heading\" id=\"h-indicador-do-boi-datagro\">Indicador do Boi Datagro<\/h2>\n<p>Lan\u00e7ado em 2019, o Indicador do Boi Datagro, \u00edndice oficial da B3 desde fevereiro deste ano, j\u00e1 monitora mais de 75% do abate nacional, com dados fornecidos por milhares de produtores de mais de 1,3 mil munic\u00edpios e mais de 120 unidades frigor\u00edficas. Atualmente, a plataforma re\u00fane mais de 11 mil usu\u00e1rios cadastrados, consolidando-se como a principal refer\u00eancia de dados do setor.<\/p>\n<p>Al\u00e9m de estimular a liquidez do setor, o contrato futuro de boi gordo funciona como um instrumento essencial de gest\u00e3o de risco diante da volatilidade de pre\u00e7os.<\/p>\n<p>\u201cEssa ferramenta garante previsibilidade para pecuaristas, confinadores e frigor\u00edficos, ao possibilitar a fixa\u00e7\u00e3o antecipada de valores e a diminui\u00e7\u00e3o da vulnerabilidade frente \u00e0s oscila\u00e7\u00f5es do mercado f\u00edsico\u201d, ressalta Figueiredo.<\/p>\n<p>Na edi\u00e7\u00e3o de 2024, o F\u00f3rum Pecu\u00e1ria Brasil reuniu mais de 550 participantes, incluindo os principais frigor\u00edficos do pa\u00eds, em mais de oito horas de conte\u00fado especializado e networking.<\/p>\n<p><strong>Servi\u00e7o<\/strong><\/p>\n<p><strong>5\u00ba F\u00f3rum Pecu\u00e1ria Brasil<br \/>Data:<\/strong> 17 de setembro<br \/><strong>Hor\u00e1rio: <\/strong>8h<br \/><strong>Local:<\/strong> World Trade Center S\u00e3o Paulo<br \/><strong>Endere\u00e7o:<\/strong> Av. das Na\u00e7\u00f5es Unidas, 12551 \u2013 Cidade Mon\u00e7\u00f5es, S\u00e3o Paulo \u2013 SP, 04578-903<br \/>Para mais informa\u00e7\u00f5es, <strong><a href=\"https:\/\/www.datagroconferences.com\/eventos\/forum-pecuaria-brasil-2025\/#:~:text=Em%202025%2C%20o%20F%C3%B3rum%20Pecu%C3%A1ria,crescimento%20mais%20integrado%20da%20cadeia.\">acesse o site do F\u00f3rum<\/a><\/strong><\/p>\n<\/p><\/div>\n<p><br \/>\n<br \/><a href=\"https:\/\/www.canalrural.com.br\/pecuaria\/em-meio-ao-tarifaco-datagro-reune-cadeia-da-carne-no-5o-forum-pecuaria-brasil-em-sao-paulo\/\">Source link <\/a><\/p>\n","protected":false},"excerpt":{"rendered":"<p>Em um cen\u00e1rio marcado pelo aumento nas tarifas imposto pelo governo dos Estados Unidos sobre diversos produtos brasileiros, entre eles<\/p>\n","protected":false},"author":1,"featured_media":19611,"comment_status":"open","ping_status":"open","sticky":false,"template":"","format":"standard","meta":{"_monsterinsights_skip_tracking":false,"_monsterinsights_sitenote_active":false,"_monsterinsights_sitenote_note":"","_monsterinsights_sitenote_category":0,"_uf_show_specific_survey":0,"_uf_disable_surveys":false,"footnotes":""},"categories":[1],"tags":[],"class_list":["post-19610","post","type-post","status-publish","format-standard","has-post-thumbnail","hentry","category-news"],"_links":{"self":[{"href":"https:\/\/agromt.news\/index.php?rest_route=\/wp\/v2\/posts\/19610"}],"collection":[{"href":"https:\/\/agromt.news\/index.php?rest_route=\/wp\/v2\/posts"}],"about":[{"href":"https:\/\/agromt.news\/index.php?rest_route=\/wp\/v2\/types\/post"}],"author":[{"embeddable":true,"href":"https:\/\/agromt.news\/index.php?rest_route=\/wp\/v2\/users\/1"}],"replies":[{"embeddable":true,"href":"https:\/\/agromt.news\/index.php?rest_route=%2Fwp%2Fv2%2Fcomments&post=19610"}],"version-history":[{"count":0,"href":"https:\/\/agromt.news\/index.php?rest_route=\/wp\/v2\/posts\/19610\/revisions"}],"wp:featuredmedia":[{"embeddable":true,"href":"https:\/\/agromt.news\/index.php?rest_route=\/wp\/v2\/media\/19611"}],"wp:attachment":[{"href":"https:\/\/agromt.news\/index.php?rest_route=%2Fwp%2Fv2%2Fmedia&parent=19610"}],"wp:term":[{"taxonomy":"category","embeddable":true,"href":"https:\/\/agromt.news\/index.php?rest_route=%2Fwp%2Fv2%2Fcategories&post=19610"},{"taxonomy":"post_tag","embeddable":true,"href":"https:\/\/agromt.news\/index.php?rest_route=%2Fwp%2Fv2%2Ftags&post=19610"}],"curies":[{"name":"wp","href":"https:\/\/api.w.org\/{rel}","templated":true}]}}