{"id":19607,"date":"2025-09-03T04:04:49","date_gmt":"2025-09-03T08:04:49","guid":{"rendered":"https:\/\/agromt.news\/?p=19607"},"modified":"2025-09-03T04:04:49","modified_gmt":"2025-09-03T08:04:49","slug":"tarifas-dos-eua-reduzem-investimentos-da-industria-gaucha","status":"publish","type":"post","link":"https:\/\/agromt.news\/?p=19607","title":{"rendered":"Tarifas dos EUA reduzem investimentos da ind\u00fastria ga\u00facha"},"content":{"rendered":"<p> <br \/>\n<\/p>\n<div>\n<p style=\"text-align:justify\">As tarifas de 50% impostas pelos Estados Unidos sobre produtos brasileiros reduziram a inten\u00e7\u00e3o de investir da ind\u00fastria ga\u00facha. De acordo com a Pesquisa Sondagem Industrial, divulgada nesta ter\u00e7a-feira (2) pela Unidade de Estudos Econ\u00f4micos do Sistema FIERGS, o \u00edndice que mede a disposi\u00e7\u00e3o dos industriais em investir nos pr\u00f3ximos seis meses recuou de 59 pontos, em julho, para 54,6 em agosto.&#13;\n<\/p>\n<p style=\"text-align:justify\">As proje\u00e7\u00f5es dos empres\u00e1rios para a demanda e as exporta\u00e7\u00f5es tamb\u00e9m ca\u00edram no mesmo per\u00edodo. O \u00edndice de demanda passou de 53,6 para 49,4 pontos, enquanto o de exporta\u00e7\u00f5es caiu de 50,1 para 44,4 pontos, o menor patamar desde junho de 2020. A expectativa de menor atividade levou as empresas a projetarem redu\u00e7\u00e3o no n\u00famero de empregados e na compra de insumos. O \u00edndice de empregados recuou de 51 para 47 pontos e o de aquisi\u00e7\u00e3o de mat\u00e9rias-primas, de 51,9 para 48,9 pontos.<\/p>\n<p style=\"text-align:justify\">Segundo o presidente do Sistema FIERGS, Claudio Bier, a aus\u00eancia de perspectivas para uma solu\u00e7\u00e3o diplom\u00e1tica amplia a cautela do setor. \u201cEnquanto n\u00e3o tivermos uma solu\u00e7\u00e3o concreta para o problema, o cen\u00e1rio \u00e9 de aten\u00e7\u00e3o entre os industriais ga\u00fachos. O impacto da alta das tarifas n\u00e3o impacta s\u00f3 as empresas atingidas neste momento, mas causa incerteza para neg\u00f3cios no futuro\u201d, afirmou. O Rio Grande do Sul \u00e9 um dos estados mais prejudicados pela taxa\u00e7\u00e3o americana, com 85,7% dos embarques da ind\u00fastria de transforma\u00e7\u00e3o destinados aos Estados Unidos atingidos pela medida.&#13;\n<\/p>\n<p style=\"text-align:justify\">Apesar da queda nas expectativas futuras em agosto, a produ\u00e7\u00e3o industrial ga\u00facha alcan\u00e7ou 51,1 pontos em julho, resultado dentro da normalidade para o per\u00edodo em compara\u00e7\u00e3o a junho. Os \u00edndices da pesquisa variam de zero a 100 pontos, sendo valores acima de 50 indicativos de crescimento. O emprego, no entanto, recuou para 48,8 pontos, a segunda queda consecutiva.<\/p>\n<p style=\"text-align:justify\">A Utiliza\u00e7\u00e3o da Capacidade Instalada (UCI) permaneceu em 70% em julho, est\u00e1vel em rela\u00e7\u00e3o a junho, mas considerada abaixo do usual, com \u00edndice de 45,2 pontos. Ainda assim, ficou mais pr\u00f3xima do n\u00edvel considerado adequado (50 pontos) do que no m\u00eas anterior, quando havia registrado 43 pontos.&#13;\n<\/p>\n<p style=\"text-align:justify\">Os estoques de produtos finais cresceram em julho frente a junho, mantendo-se acima do planejado, mas mais pr\u00f3ximos do desejado pelas empresas. Tanto o \u00edndice de evolu\u00e7\u00e3o mensal quanto o de estoques em rela\u00e7\u00e3o ao planejado marcaram 51,1 pontos, completando quatro meses consecutivos acima de 50.<\/p>\n<p style=\"text-align:justify\">A pesquisa ouviu 164 empresas entre os dias 1\u00ba e 12 de agosto, sendo 37 pequenas, 56 m\u00e9dias e 71 grandes.<\/p>\n<\/p><\/div>\n<p><script data-cfasync=\"false\">\n    !function (f, b, e, v, n, t, s) {\n        if (f.fbq) return; n = f.fbq = function () {\n            n.callMethod ?\n                n.callMethod.apply(n, arguments) : n.queue.push(arguments)\n        };\n        if (!f._fbq) f._fbq = n; n.push = n; n.loaded = !0; n.version = '2.0';\n        n.queue = []; t = b.createElement(e); t.async = !0;\n        t.src = v; s = b.getElementsByTagName(e)[0];\n        s.parentNode.insertBefore(t, s)\n    }(window, document, 'script',\n        'https:\/\/connect.facebook.net\/en_US\/fbevents.js');\n    fbq('init', '522546078623747');\n    fbq('track', 'PageView');\n<\/script><br \/>\n<br \/><br \/>\n<br \/><a href=\"https:\/\/www.agrolink.com.br\/noticias\/tarifas-dos-eua-reduzem-investimentos-da-industria-gaucha_505565.html\">Source link <\/a><\/p>\n","protected":false},"excerpt":{"rendered":"<p>As tarifas de 50% impostas pelos Estados Unidos sobre produtos brasileiros reduziram a inten\u00e7\u00e3o de investir da ind\u00fastria ga\u00facha. De<\/p>\n","protected":false},"author":1,"featured_media":1623,"comment_status":"open","ping_status":"open","sticky":false,"template":"","format":"standard","meta":{"_monsterinsights_skip_tracking":false,"_monsterinsights_sitenote_active":false,"_monsterinsights_sitenote_note":"","_monsterinsights_sitenote_category":0,"_uf_show_specific_survey":0,"_uf_disable_surveys":false,"footnotes":""},"categories":[8,1,14],"tags":[],"class_list":["post-19607","post","type-post","status-publish","format-standard","has-post-thumbnail","hentry","category-agro","category-news","category-politica-agro"],"_links":{"self":[{"href":"https:\/\/agromt.news\/index.php?rest_route=\/wp\/v2\/posts\/19607"}],"collection":[{"href":"https:\/\/agromt.news\/index.php?rest_route=\/wp\/v2\/posts"}],"about":[{"href":"https:\/\/agromt.news\/index.php?rest_route=\/wp\/v2\/types\/post"}],"author":[{"embeddable":true,"href":"https:\/\/agromt.news\/index.php?rest_route=\/wp\/v2\/users\/1"}],"replies":[{"embeddable":true,"href":"https:\/\/agromt.news\/index.php?rest_route=%2Fwp%2Fv2%2Fcomments&post=19607"}],"version-history":[{"count":0,"href":"https:\/\/agromt.news\/index.php?rest_route=\/wp\/v2\/posts\/19607\/revisions"}],"wp:featuredmedia":[{"embeddable":true,"href":"https:\/\/agromt.news\/index.php?rest_route=\/wp\/v2\/media\/1623"}],"wp:attachment":[{"href":"https:\/\/agromt.news\/index.php?rest_route=%2Fwp%2Fv2%2Fmedia&parent=19607"}],"wp:term":[{"taxonomy":"category","embeddable":true,"href":"https:\/\/agromt.news\/index.php?rest_route=%2Fwp%2Fv2%2Fcategories&post=19607"},{"taxonomy":"post_tag","embeddable":true,"href":"https:\/\/agromt.news\/index.php?rest_route=%2Fwp%2Fv2%2Ftags&post=19607"}],"curies":[{"name":"wp","href":"https:\/\/api.w.org\/{rel}","templated":true}]}}