{"id":19606,"date":"2025-09-03T02:09:15","date_gmt":"2025-09-03T06:09:15","guid":{"rendered":"https:\/\/agromt.news\/?p=19606"},"modified":"2025-09-03T02:09:15","modified_gmt":"2025-09-03T06:09:15","slug":"producao-de-acacia-negra-cresce-com-demanda-por-energia","status":"publish","type":"post","link":"https:\/\/agromt.news\/?p=19606","title":{"rendered":"Produ\u00e7\u00e3o de ac\u00e1cia-negra cresce com demanda por energia"},"content":{"rendered":"<p> <br \/>\n<\/p>\n<div>\n<p style=\"text-align:justify\">De acordo com o Informativo Conjuntural, divulgado pela Emater\/RS-Ascar na \u00faltima quinta-feira (28), o mercado da ac\u00e1cia-negra na regi\u00e3o administrativa de Caxias do Sul permanece voltado principalmente \u00e0 produ\u00e7\u00e3o de energia. Cerca de 90% da madeira \u00e9 destinada ao consumo dom\u00e9stico, ao aquecimento industrial, al\u00e9m de usos em lareiras, olarias, restaurantes, padarias, pizzarias e para a produ\u00e7\u00e3o de carv\u00e3o. Uma parcela menor \u00e9 utilizada como escora na constru\u00e7\u00e3o civil. Com as temperaturas baixas no per\u00edodo, o corte e a comercializa\u00e7\u00e3o foram intensificados. Em alguns munic\u00edpios, houve incentivo ao plantio por parte de ind\u00fastrias do setor, que forneceram mudas. A cultura mant\u00e9m condi\u00e7\u00f5es fitossanit\u00e1rias adequadas, e os pre\u00e7os da lenha e da casca apresentaram leve eleva\u00e7\u00e3o.&#13;\n<\/p>\n<p style=\"text-align:justify\">Na mesma regi\u00e3o, a demanda por eucalipto segue est\u00e1vel, com utiliza\u00e7\u00e3o em lenha, toras, postes e carv\u00e3o. Apesar disso, a implanta\u00e7\u00e3o de novas \u00e1reas e o manejo da brota\u00e7\u00e3o permanecem abaixo do esperado, o que pode resultar em escassez nos pr\u00f3ximos anos. As condi\u00e7\u00f5es fitossanit\u00e1rias s\u00e3o consideradas boas. Os pre\u00e7os variaram entre R$ 120 e R$ 200 por est\u00e9reo de lenha empilhada, R$ 170 a R$ 350 para lenha entregue ao consumidor e entre R$ 250 e R$ 350 para lenha picada. Em Lajeado, a redu\u00e7\u00e3o nas vendas de carv\u00e3o desacelerou a movimenta\u00e7\u00e3o de madeira. Produtores t\u00eam enfrentado dificuldades com m\u00e3o de obra e altos custos de explora\u00e7\u00e3o, o que tem levado \u00e0 substitui\u00e7\u00e3o gradual das florestas por cultivos anuais e pecu\u00e1ria. A produtividade m\u00e9dia \u00e9 de 300 st\/ha no primeiro corte, entre seis e sete anos, e cerca de 220 st\/ha no segundo corte com rebrota. Os estoques de lenha e carv\u00e3o vegetal permanecem normalizados, garantindo o abastecimento do mercado nos pr\u00f3ximos meses.<\/p>\n<p style=\"text-align:justify\">Na regi\u00e3o de Passo Fundo, os bosques remanescentes est\u00e3o sendo colhidos, e \u00e1reas florestais s\u00e3o convertidas em lavouras anuais. Os pre\u00e7os m\u00e9dios registrados foram de R$ 300 por metro c\u00fabico de madeira para serraria em floresta em p\u00e9 e de R$ 120 por metro c\u00fabico est\u00e9reo para lenha entregue \u00e0 ind\u00fastria.&#13;\n<\/p>\n<p style=\"text-align:justify\">Em rela\u00e7\u00e3o ao p\u00ednus, na regi\u00e3o administrativa de Caxias do Sul, os pre\u00e7os e a procura por toras se estabilizaram ap\u00f3s quedas nos primeiros meses do ano. O mercado segue com pouca movimenta\u00e7\u00e3o para toras acima de 30 cent\u00edmetros e est\u00e1vel para toras de 18 a 30 cent\u00edmetros. As pr\u00e1ticas de desrama e desbaste foram retomadas em \u00e1reas de menor di\u00e2metro, mas muitas lavouras ainda s\u00e3o destinadas ao corte raso sem replantio, sendo gradualmente substitu\u00eddas por outros cultivos. O setor alerta para risco de d\u00e9ficit de madeira nos pr\u00f3ximos anos. A cultura apresentou boas condi\u00e7\u00f5es fitossanit\u00e1rias.<\/p>\n<p style=\"text-align:justify\">Em Passo Fundo, a coleta de resina de p\u00ednus ocorre de forma lenta e restrita a florestas j\u00e1 exploradas, sem disponibilidade de novas \u00e1reas para in\u00edcio da atividade.<br \/>&#13;<br \/>\n\u00a0<\/p>\n<\/p><\/div>\n<p><script data-cfasync=\"false\">\n    !function (f, b, e, v, n, t, s) {\n        if (f.fbq) return; n = f.fbq = function () {\n            n.callMethod ?\n                n.callMethod.apply(n, arguments) : n.queue.push(arguments)\n        };\n        if (!f._fbq) f._fbq = n; n.push = n; n.loaded = !0; n.version = '2.0';\n        n.queue = []; t = b.createElement(e); t.async = !0;\n        t.src = v; s = b.getElementsByTagName(e)[0];\n        s.parentNode.insertBefore(t, s)\n    }(window, document, 'script',\n        'https:\/\/connect.facebook.net\/en_US\/fbevents.js');\n    fbq('init', '522546078623747');\n    fbq('track', 'PageView');\n<\/script><br \/>\n<br \/><br \/>\n<br \/><a href=\"https:\/\/www.agrolink.com.br\/noticias\/producao-de-acacia-negra-cresce-com-demanda-por-energia_505566.html\">Source link <\/a><\/p>\n","protected":false},"excerpt":{"rendered":"<p>De acordo com o Informativo Conjuntural, divulgado pela Emater\/RS-Ascar na \u00faltima quinta-feira (28), o mercado da ac\u00e1cia-negra na regi\u00e3o administrativa<\/p>\n","protected":false},"author":1,"featured_media":4178,"comment_status":"open","ping_status":"open","sticky":false,"template":"","format":"standard","meta":{"_monsterinsights_skip_tracking":false,"_monsterinsights_sitenote_active":false,"_monsterinsights_sitenote_note":"","_monsterinsights_sitenote_category":0,"_uf_show_specific_survey":0,"_uf_disable_surveys":false,"footnotes":""},"categories":[8,1,14],"tags":[],"class_list":["post-19606","post","type-post","status-publish","format-standard","has-post-thumbnail","hentry","category-agro","category-news","category-politica-agro"],"_links":{"self":[{"href":"https:\/\/agromt.news\/index.php?rest_route=\/wp\/v2\/posts\/19606"}],"collection":[{"href":"https:\/\/agromt.news\/index.php?rest_route=\/wp\/v2\/posts"}],"about":[{"href":"https:\/\/agromt.news\/index.php?rest_route=\/wp\/v2\/types\/post"}],"author":[{"embeddable":true,"href":"https:\/\/agromt.news\/index.php?rest_route=\/wp\/v2\/users\/1"}],"replies":[{"embeddable":true,"href":"https:\/\/agromt.news\/index.php?rest_route=%2Fwp%2Fv2%2Fcomments&post=19606"}],"version-history":[{"count":0,"href":"https:\/\/agromt.news\/index.php?rest_route=\/wp\/v2\/posts\/19606\/revisions"}],"wp:featuredmedia":[{"embeddable":true,"href":"https:\/\/agromt.news\/index.php?rest_route=\/wp\/v2\/media\/4178"}],"wp:attachment":[{"href":"https:\/\/agromt.news\/index.php?rest_route=%2Fwp%2Fv2%2Fmedia&parent=19606"}],"wp:term":[{"taxonomy":"category","embeddable":true,"href":"https:\/\/agromt.news\/index.php?rest_route=%2Fwp%2Fv2%2Fcategories&post=19606"},{"taxonomy":"post_tag","embeddable":true,"href":"https:\/\/agromt.news\/index.php?rest_route=%2Fwp%2Fv2%2Ftags&post=19606"}],"curies":[{"name":"wp","href":"https:\/\/api.w.org\/{rel}","templated":true}]}}