{"id":19605,"date":"2025-09-03T00:13:20","date_gmt":"2025-09-03T04:13:20","guid":{"rendered":"https:\/\/agromt.news\/?p=19605"},"modified":"2025-09-03T00:13:20","modified_gmt":"2025-09-03T04:13:20","slug":"agronegocio-e-responsavel-por-cerca-de-40-do-pib-estadual","status":"publish","type":"post","link":"https:\/\/agromt.news\/?p=19605","title":{"rendered":"agroneg\u00f3cio \u00e9 respons\u00e1vel por cerca de 40% do PIB estadual"},"content":{"rendered":"<p> <br \/>\n<\/p>\n<div>\n<p style=\"text-align:justify\">O agroneg\u00f3cio segue como principal motor da economia do Rio Grande do Sul, respons\u00e1vel por cerca de 40% do Produto Interno Bruto (PIB) estadual. O dado integra a revista Radiografia da Agropecu\u00e1ria Ga\u00facha 2025, lan\u00e7ada nesta ter\u00e7a-feira (2\/9), no estande do Governo do Estado, no Pavilh\u00e3o Internacional da 48\u00aa Expointer. A publica\u00e7\u00e3o, elaborada pela Secretaria da Agricultura, Pecu\u00e1ria, Produ\u00e7\u00e3o Sustent\u00e1vel e Irriga\u00e7\u00e3o (Seapi), re\u00fane informa\u00e7\u00f5es atualizadas sobre a diversidade produtiva, os gargalos e as perspectivas do setor.&#13;\n<\/p>\n<p style=\"text-align:justify\">Com 43 p\u00e1ginas e dispon\u00edvel em portugu\u00eas e em ingl\u00eas, o material apresenta dados coletados entre 2024 e 2025 sobre 65 culturas agr\u00edcolas \u2013 entre gr\u00e3os, frutas e hortali\u00e7as \u2013, al\u00e9m das principais cadeias pecu\u00e1rias, como bovinos de corte e leite, su\u00ednos, aves, ovinos, caprinos, bubalinos, equinos, apicultura e piscicultura. A Radiografia tamb\u00e9m fornece an\u00e1lises sobre irriga\u00e7\u00e3o, armazenagem de gr\u00e3os, importa\u00e7\u00f5es e exporta\u00e7\u00f5es.<\/p>\n<p style=\"text-align:justify\">De acordo com o titular da Seapi, Edivilson Brum, a diversidade produtiva ga\u00facha garante seguran\u00e7a alimentar, movimenta a economia e fortalece o setor agroindustrial, al\u00e9m de atrair o interesse de outros pa\u00edses. \u201cEssa vitalidade assegura n\u00e3o apenas a produ\u00e7\u00e3o prim\u00e1ria, mas tamb\u00e9m o potencial de transforma\u00e7\u00e3o em produtos de maior valor agregado\u201d, destacou, acrescentando que a publica\u00e7\u00e3o oferece maior previsibilidade ao produtor.<\/p>\n<p style=\"text-align:justify\">O chefe da Divis\u00e3o Agropecu\u00e1ria do Departamento de Governan\u00e7a e Sistemas Produtivos da Seapi, Paulo Lipp Jo\u00e3o, lembrou que a revista existe desde 2019 e re\u00fane as principais culturas produzidas no Estado. \u201c\u00c9 um panorama completo da nossa realidade produtiva, agora tamb\u00e9m dispon\u00edvel em ingl\u00eas\u201d, frisou.&#13;\n<\/p>\n<p style=\"text-align:justify\">Na abertura do evento, o diretor do Departamento de Governan\u00e7a dos Sistemas Produtivos, Paulo Roberto da Silva, ressaltou o trabalho coletivo envolvido na produ\u00e7\u00e3o da publica\u00e7\u00e3o.<\/p>\n<p style=\"text-align:justify\"><strong>Produ\u00e7\u00e3o e destaque nacional<\/strong><\/p>\n<p style=\"text-align:justify\">Mesmo com os impactos clim\u00e1ticos, o RS manteve protagonismo na produ\u00e7\u00e3o nacional de gr\u00e3os, carnes e l\u00e1cteos. O Estado segue l\u00edder em culturas como <a href=\"https:\/\/www.agrolink.com.br\/culturas\/arroz\/?utm_source=agrolink-detalhe-noticia&amp;utm_medium=detalhe-noticia&amp;utm_campaign=links-internos\" target=\"_blank\" rel=\"noopener\">arroz<\/a>, <a href=\"https:\/\/www.agrolink.com.br\/culturas\/soja?utm_source=agrolink-detalhe-noticia&amp;utm_medium=detalhe-noticia&amp;utm_campaign=links-internos\" target=\"_blank\" rel=\"noopener\">soja<\/a> e <a href=\"https:\/\/www.agrolink.com.br\/culturas\/milho?utm_source=agrolink-detalhe-noticia&amp;utm_medium=detalhe-noticia&amp;utm_campaign=links-internos&#9;\" target=\"_blank\" rel=\"noopener\">milho<\/a>, com expectativa de recupera\u00e7\u00e3o ap\u00f3s perdas recentes. Tamb\u00e9m figura entre os maiores produtores de carne bovina, su\u00edna e de frango, al\u00e9m de <a href=\"https:\/\/www.agrolink.com.br\/cotacoes\/carnes\/bovinos\/?utm_source=agrolink-detalhe-noticia&amp;utm_medium=detalhe-noticia&amp;utm_campaign=links-internos\" target=\"_blank\" rel=\"noopener\">leite<\/a>, consolidando-se como um dos principais fornecedores de prote\u00ednas do pa\u00eds.<\/p>\n<p style=\"text-align:justify\">O estudo, no entanto, aponta entraves que limitam a competitividade do setor, como a depend\u00eancia das condi\u00e7\u00f5es clim\u00e1ticas, os gargalos log\u00edsticos e a necessidade de linhas de cr\u00e9dito mais acess\u00edveis e est\u00e1veis para os produtores.<\/p>\n<p style=\"text-align:justify\"><strong>Perspectivas para 2025<\/strong><\/p>\n<p style=\"text-align:justify\">A Radiografia projeta retomada do crescimento neste ano, impulsionada por investimentos em inova\u00e7\u00e3o tecnol\u00f3gica, pesquisa e diversifica\u00e7\u00e3o de mercados. A abertura de novas frentes de produ\u00e7\u00e3o e a valoriza\u00e7\u00e3o de cadeias como a olivicultura e a fruticultura s\u00e3o apontadas como caminhos para ampliar a base econ\u00f4mica e agregar valor \u00e0s exporta\u00e7\u00f5es.<\/p>\n<p style=\"text-align:justify\">Al\u00e9m da relev\u00e2ncia econ\u00f4mica, a publica\u00e7\u00e3o enfatiza o papel social e estrat\u00e9gico da agropecu\u00e1ria para o desenvolvimento sustent\u00e1vel do Estado, refor\u00e7ando a import\u00e2ncia de pol\u00edticas p\u00fablicas e parcerias que garantam competitividade e resili\u00eancia ao setor.&#13;\n<\/p>\n<\/p><\/div>\n<p><script data-cfasync=\"false\">\n    !function (f, b, e, v, n, t, s) {\n        if (f.fbq) return; n = f.fbq = function () {\n            n.callMethod ?\n                n.callMethod.apply(n, arguments) : n.queue.push(arguments)\n        };\n        if (!f._fbq) f._fbq = n; n.push = n; n.loaded = !0; n.version = '2.0';\n        n.queue = []; t = b.createElement(e); t.async = !0;\n        t.src = v; s = b.getElementsByTagName(e)[0];\n        s.parentNode.insertBefore(t, s)\n    }(window, document, 'script',\n        'https:\/\/connect.facebook.net\/en_US\/fbevents.js');\n    fbq('init', '522546078623747');\n    fbq('track', 'PageView');\n<\/script><br \/>\n<br \/><br \/>\n<br \/><a href=\"https:\/\/www.agrolink.com.br\/noticias\/expointer-2025--agronegocio-e-responsavel-por-cerca-de-40--do-pib-estadual_505567.html\">Source link <\/a><\/p>\n","protected":false},"excerpt":{"rendered":"<p>O agroneg\u00f3cio segue como principal motor da economia do Rio Grande do Sul, respons\u00e1vel por cerca de 40% do Produto<\/p>\n","protected":false},"author":1,"featured_media":7795,"comment_status":"open","ping_status":"open","sticky":false,"template":"","format":"standard","meta":{"_monsterinsights_skip_tracking":false,"_monsterinsights_sitenote_active":false,"_monsterinsights_sitenote_note":"","_monsterinsights_sitenote_category":0,"_uf_show_specific_survey":0,"_uf_disable_surveys":false,"footnotes":""},"categories":[8,1,14],"tags":[],"class_list":["post-19605","post","type-post","status-publish","format-standard","has-post-thumbnail","hentry","category-agro","category-news","category-politica-agro"],"_links":{"self":[{"href":"https:\/\/agromt.news\/index.php?rest_route=\/wp\/v2\/posts\/19605"}],"collection":[{"href":"https:\/\/agromt.news\/index.php?rest_route=\/wp\/v2\/posts"}],"about":[{"href":"https:\/\/agromt.news\/index.php?rest_route=\/wp\/v2\/types\/post"}],"author":[{"embeddable":true,"href":"https:\/\/agromt.news\/index.php?rest_route=\/wp\/v2\/users\/1"}],"replies":[{"embeddable":true,"href":"https:\/\/agromt.news\/index.php?rest_route=%2Fwp%2Fv2%2Fcomments&post=19605"}],"version-history":[{"count":0,"href":"https:\/\/agromt.news\/index.php?rest_route=\/wp\/v2\/posts\/19605\/revisions"}],"wp:featuredmedia":[{"embeddable":true,"href":"https:\/\/agromt.news\/index.php?rest_route=\/wp\/v2\/media\/7795"}],"wp:attachment":[{"href":"https:\/\/agromt.news\/index.php?rest_route=%2Fwp%2Fv2%2Fmedia&parent=19605"}],"wp:term":[{"taxonomy":"category","embeddable":true,"href":"https:\/\/agromt.news\/index.php?rest_route=%2Fwp%2Fv2%2Fcategories&post=19605"},{"taxonomy":"post_tag","embeddable":true,"href":"https:\/\/agromt.news\/index.php?rest_route=%2Fwp%2Fv2%2Ftags&post=19605"}],"curies":[{"name":"wp","href":"https:\/\/api.w.org\/{rel}","templated":true}]}}