{"id":19601,"date":"2025-09-02T20:35:29","date_gmt":"2025-09-03T00:35:29","guid":{"rendered":"https:\/\/agromt.news\/?p=19601"},"modified":"2025-09-02T20:35:29","modified_gmt":"2025-09-03T00:35:29","slug":"seguro-rural-enfrenta-desafios-e-carece-de-maior-protecao-diz-secretario","status":"publish","type":"post","link":"https:\/\/agromt.news\/?p=19601","title":{"rendered":"Seguro rural enfrenta desafios e carece de maior prote\u00e7\u00e3o, diz secret\u00e1rio"},"content":{"rendered":"<p> <br \/>\n<br \/><img decoding=\"async\" src=\"https:\/\/agromt.news\/wp-content\/uploads\/2025\/03\/FPA-quer-incluir-Plano-Safra-nas-despesas-obrigatorias-do-Orcamento.jpg\" \/><\/p>\n<div>\n<p>O seguro rural no Brasil enfrenta dificuldades estruturais, com modelos isolados e vulner\u00e1veis a cortes or\u00e7ament\u00e1rios, avaliou o secret\u00e1rio de Pol\u00edtica Agr\u00edcola do Minist\u00e9rio da Agricultura e Pecu\u00e1ria <a href=\"https:\/\/www.canalrural.com.br\/tag\/mapa\/\">(Mapa)<\/a>, Guilherme Campos J\u00fanior.<\/p>\n<p>Durante participa\u00e7\u00e3o no 12\u00ba Congresso Brasileiro de Fertilizantes, em S\u00e3o Paulo, ele destacou que o setor carece de propostas mais robustas e inteligentes para proteger os produtores.<\/p>\n<p>Na avalia\u00e7\u00e3o do secret\u00e1rio, o Programa de Garantia da Atividade Agropecu\u00e1ria (Proagro) e o Programa de Subven\u00e7\u00e3o ao Pr\u00eamio do Seguro Rural (PSR) est\u00e3o \u201cisolados\u201d e precisam de uma reformula\u00e7\u00e3o que ofere\u00e7a prote\u00e7\u00e3o efetiva ao produtor rural.<\/p>\n<\/div>\n<div>\n<h5 class=\"western\"><span style=\"color: #000000;\"><span style=\"font-family: Arial, sans-serif;\"><span style=\"font-size: x-large;\"><i>Veja em primeira m\u00e3o tudo sobre agricultura, pecu\u00e1ria, economia e previs\u00e3o do tempo:<\/i><\/span><\/span><\/span><a href=\"https:\/\/news.google.com\/publications\/CAAqBwgKMPKZlQswq_mqAw?hl=pt-BR&amp;gl=BR&amp;ceid=BR%3Apt-419\" target=\"_blank\" rel=\"noopener\"><span style=\"color: #1155cc;\"><span style=\"font-family: Arial, Helvetica, sans-serif;\">\u00a0<\/span><\/span><span style=\"color: #1155cc;\"><span style=\"font-family: Arial, sans-serif;\"><span style=\"font-size: x-large;\"><i>siga o Canal Rural no Google News!<\/i><\/span><\/span><\/span><\/a><\/h5>\n<p>Segundo ele, o setor perdeu oportunidades de avan\u00e7o legislativo ao longo do ano. \u201cO seguro est\u00e1 pass\u00edvel de corte or\u00e7ament\u00e1rio\u201d, disse.<\/p>\n<p>Campos J\u00fanior ressaltou a import\u00e2ncia de garantir valores mais expressivos e seguran\u00e7a jur\u00eddica. \u201cPrecisamos criar uma seguran\u00e7a do projeto para todos os setores seguros na hora de conceder e vender esse produto no mercado.\u201d Ele concluiu que, sem essas mudan\u00e7as, o setor continua vulner\u00e1vel, prejudicando a atividade rural como um todo.<\/p>\n<\/p><\/div>\n<p><br \/>\n<br \/><a href=\"https:\/\/www.canalrural.com.br\/agricultura\/seguro-rural-enfrenta-desafios-e-carece-de-maior-protecao-diz-secretario\/\">Source link <\/a><\/p>\n","protected":false},"excerpt":{"rendered":"<p>O seguro rural no Brasil enfrenta dificuldades estruturais, com modelos isolados e vulner\u00e1veis a cortes or\u00e7ament\u00e1rios, avaliou o secret\u00e1rio de<\/p>\n","protected":false},"author":1,"featured_media":13274,"comment_status":"open","ping_status":"open","sticky":false,"template":"","format":"standard","meta":{"_monsterinsights_skip_tracking":false,"_monsterinsights_sitenote_active":false,"_monsterinsights_sitenote_note":"","_monsterinsights_sitenote_category":0,"_uf_show_specific_survey":0,"_uf_disable_surveys":false,"footnotes":""},"categories":[1],"tags":[],"class_list":["post-19601","post","type-post","status-publish","format-standard","has-post-thumbnail","hentry","category-news"],"_links":{"self":[{"href":"https:\/\/agromt.news\/index.php?rest_route=\/wp\/v2\/posts\/19601"}],"collection":[{"href":"https:\/\/agromt.news\/index.php?rest_route=\/wp\/v2\/posts"}],"about":[{"href":"https:\/\/agromt.news\/index.php?rest_route=\/wp\/v2\/types\/post"}],"author":[{"embeddable":true,"href":"https:\/\/agromt.news\/index.php?rest_route=\/wp\/v2\/users\/1"}],"replies":[{"embeddable":true,"href":"https:\/\/agromt.news\/index.php?rest_route=%2Fwp%2Fv2%2Fcomments&post=19601"}],"version-history":[{"count":0,"href":"https:\/\/agromt.news\/index.php?rest_route=\/wp\/v2\/posts\/19601\/revisions"}],"wp:featuredmedia":[{"embeddable":true,"href":"https:\/\/agromt.news\/index.php?rest_route=\/wp\/v2\/media\/13274"}],"wp:attachment":[{"href":"https:\/\/agromt.news\/index.php?rest_route=%2Fwp%2Fv2%2Fmedia&parent=19601"}],"wp:term":[{"taxonomy":"category","embeddable":true,"href":"https:\/\/agromt.news\/index.php?rest_route=%2Fwp%2Fv2%2Fcategories&post=19601"},{"taxonomy":"post_tag","embeddable":true,"href":"https:\/\/agromt.news\/index.php?rest_route=%2Fwp%2Fv2%2Ftags&post=19601"}],"curies":[{"name":"wp","href":"https:\/\/api.w.org\/{rel}","templated":true}]}}