{"id":19588,"date":"2025-09-02T17:08:14","date_gmt":"2025-09-02T21:08:14","guid":{"rendered":"https:\/\/agromt.news\/?p=19588"},"modified":"2025-09-02T17:08:14","modified_gmt":"2025-09-02T21:08:14","slug":"mais-da-metade-da-alta-do-pib-no-2o-trimestre-ficou-concentrada-em-apenas-3-setores","status":"publish","type":"post","link":"https:\/\/agromt.news\/?p=19588","title":{"rendered":"Mais da metade da alta do PIB no 2\u00ba trimestre ficou concentrada em apenas 3 setores"},"content":{"rendered":"<p> <br \/>\n<br \/><img decoding=\"async\" src=\"https:\/\/agromt.news\/wp-content\/uploads\/2024\/11\/809Y9uld-cotacao-preco-soja.jpg\" \/><\/p>\n<div>\n<p>Uma fatia de 60% do crescimento de 2,2% na atividade econ\u00f4mica no segundo trimestre de 2025 ante o segundo trimestre de 2024 ficou concentrado em apenas tr\u00eas atividades: agropecu\u00e1ria (10,1%), ind\u00fastrias extrativas (8,7%) e outras atividades de servi\u00e7os (2,7%).<\/p>\n<p>Os dados do Produto Interno Bruto (PIB) foram divulgados pelo Instituto Brasileiro de Geografia e Estat\u00edstica <a href=\"https:\/\/www.canalrural.com.br\/tag\/ibge\/\"><strong>(IBGE)<\/strong><\/a> nesta ter\u00e7a-feira (2).<\/p>\n<p>A agropecu\u00e1ria tem sido impulsionada por safras maiores para a soja, milho, caf\u00e9 e algod\u00e3o, al\u00e9m de uma contribui\u00e7\u00e3o positiva tamb\u00e9m da pecu\u00e1ria. Nas ind\u00fastrias extrativas, a expans\u00e3o foi determinada pelo crescimento tanto da extra\u00e7\u00e3o de petr\u00f3leo e g\u00e1s quanto da extra\u00e7\u00e3o de min\u00e9rios ferrosos.<\/p>\n<p>\u201c\u00c9 uma atividade que n\u00e3o \u00e9 afetada pela pol\u00edtica monet\u00e1ria\u201d, lembrou Rebeca Palis, coordenadora de Contas Nacionais do IBGE.<\/p>\n<h5 class=\"western\"><span style=\"color: #000000;\"><span style=\"font-family: Arial, sans-serif;\"><span style=\"font-size: x-large;\"><i>\u2013 Veja em primeira m\u00e3o tudo sobre agricultura, pecu\u00e1ria, economia e previs\u00e3o do tempo:<\/i><\/span><\/span><\/span><a href=\"https:\/\/news.google.com\/publications\/CAAqBwgKMPKZlQswq_mqAw?hl=pt-BR&amp;gl=BR&amp;ceid=BR%3Apt-419\" target=\"_blank\" rel=\"noopener\"><span style=\"color: #1155cc;\"><span style=\"font-family: Arial, Helvetica, sans-serif;\">\u00a0<\/span><\/span><span style=\"color: #1155cc;\"><span style=\"font-family: Arial, sans-serif;\"><span style=\"font-size: x-large;\"><i>siga o Canal Rural no Google News!<\/i><\/span><\/span><\/span><\/a><\/h5>\n<p>Sob a \u00f3tica da oferta, o \u00fanico recuo no segundo trimestre de 2025 ante o segundo trimestre de 2024 ocorreu em produ\u00e7\u00e3o e distribui\u00e7\u00e3o de eletricidade e g\u00e1s, \u00e1gua e esgoto, queda de 4,0%, devido \u00e0 piora nas bandeiras tarif\u00e1rias e \u00e0 queda no consumo total de energia.<\/p>\n<p>\u201cTeve seca, acionaram a bandeira tarif\u00e1ria\u201d, disse Rebeca. \u201cE esse ano est\u00e1 menos quente, teve menos consumo.\u201d<\/p>\n<\/div>\n<div>\n<h2>Aumento do sal\u00e1rio<\/h2>\n<p>Pelo lado da demanda, o Consumo das Fam\u00edlias cresceu 1,8%, impulsionado pela melhora do mercado de trabalho, com aumento na massa salarial real, avan\u00e7o do cr\u00e9dito dispon\u00edvel para as fam\u00edlias e manuten\u00e7\u00e3o de programas do governo de transfer\u00eancias de renda \u00e0s fam\u00edlias.<\/p>\n<p>Por outro lado, pesam negativamente para o consumo o patamar elevado da taxa b\u00e1sica de juros, a Selic, e o n\u00edvel de infla\u00e7\u00e3o.<\/p>\n<p>Quanto ao Consumo do Governo, houve eleva\u00e7\u00e3o de 0,4% no segundo trimestre de 2025 em rela\u00e7\u00e3o ao segundo trimestre de 2024. A Forma\u00e7\u00e3o Bruta de Capital Fixo (FBCF, medida dos investimentos no PIB) cresceu 4,1%, puxada pelo aumento da importa\u00e7\u00e3o de bens de capital e do desenvolvimento de software.<\/p>\n<p>No setor externo, as exporta\u00e7\u00f5es cresceram 2,0%, e as importa\u00e7\u00f5es aumentaram 4,4%.<\/p>\n<p>\u201cNa compara\u00e7\u00e3o com o mesmo trimestre do ano anterior, a gente ainda tem contribui\u00e7\u00e3o negativa do setor externo, com as exporta\u00e7\u00f5es crescendo mais e as importa\u00e7\u00f5es crescendo menos\u201d, acrescentou Palis.<\/p>\n<\/p><\/div>\n<p><br \/>\n<br \/><a href=\"https:\/\/www.canalrural.com.br\/economia\/mais-da-metade-da-alta-do-pib-no-2o-trimestre-ficou-concentrada-em-apenas-3-setores\/\">Source link <\/a><\/p>\n","protected":false},"excerpt":{"rendered":"<p>Uma fatia de 60% do crescimento de 2,2% na atividade econ\u00f4mica no segundo trimestre de 2025 ante o segundo trimestre<\/p>\n","protected":false},"author":1,"featured_media":5409,"comment_status":"open","ping_status":"open","sticky":false,"template":"","format":"standard","meta":{"_monsterinsights_skip_tracking":false,"_monsterinsights_sitenote_active":false,"_monsterinsights_sitenote_note":"","_monsterinsights_sitenote_category":0,"_uf_show_specific_survey":0,"_uf_disable_surveys":false,"footnotes":""},"categories":[1],"tags":[],"class_list":["post-19588","post","type-post","status-publish","format-standard","has-post-thumbnail","hentry","category-news"],"_links":{"self":[{"href":"https:\/\/agromt.news\/index.php?rest_route=\/wp\/v2\/posts\/19588"}],"collection":[{"href":"https:\/\/agromt.news\/index.php?rest_route=\/wp\/v2\/posts"}],"about":[{"href":"https:\/\/agromt.news\/index.php?rest_route=\/wp\/v2\/types\/post"}],"author":[{"embeddable":true,"href":"https:\/\/agromt.news\/index.php?rest_route=\/wp\/v2\/users\/1"}],"replies":[{"embeddable":true,"href":"https:\/\/agromt.news\/index.php?rest_route=%2Fwp%2Fv2%2Fcomments&post=19588"}],"version-history":[{"count":0,"href":"https:\/\/agromt.news\/index.php?rest_route=\/wp\/v2\/posts\/19588\/revisions"}],"wp:featuredmedia":[{"embeddable":true,"href":"https:\/\/agromt.news\/index.php?rest_route=\/wp\/v2\/media\/5409"}],"wp:attachment":[{"href":"https:\/\/agromt.news\/index.php?rest_route=%2Fwp%2Fv2%2Fmedia&parent=19588"}],"wp:term":[{"taxonomy":"category","embeddable":true,"href":"https:\/\/agromt.news\/index.php?rest_route=%2Fwp%2Fv2%2Fcategories&post=19588"},{"taxonomy":"post_tag","embeddable":true,"href":"https:\/\/agromt.news\/index.php?rest_route=%2Fwp%2Fv2%2Ftags&post=19588"}],"curies":[{"name":"wp","href":"https:\/\/api.w.org\/{rel}","templated":true}]}}